{"id":131803,"date":"2020-12-11T22:41:52","date_gmt":"2020-12-11T21:41:52","guid":{"rendered":"http:\/\/gazdasagportal.hu\/?p=131803"},"modified":"2020-12-11T22:41:52","modified_gmt":"2020-12-11T21:41:52","slug":"torokorszagban-otodik-napja-rekordot-dont-a-halottak-napi-szama","status":"publish","type":"post","link":"https:\/\/gazdasagportal.hu\/index.php\/torokorszagban-otodik-napja-rekordot-dont-a-halottak-napi-szama\/","title":{"rendered":"T\u00f6r\u00f6korsz\u00e1gban \u00f6t\u00f6dik napja rekordot d\u00f6nt a halottak napi sz\u00e1ma"},"content":{"rendered":"<p><strong>T\u00f6r\u00f6korsz\u00e1gban az elm\u00falt huszonn\u00e9gy \u00f3r\u00e1ban imm\u00e1r \u00f6t\u00f6dik napja rekordsz\u00e1m\u00fa beteg vesztette \u00e9let\u00e9t a SARS-CoV-2 koronav\u00edrus okozta fert\u0151z\u00e9s sz\u00f6v\u0151dm\u00e9nyeiben, ez\u00fattal 226-an &#8211; k\u00f6z\u00f6lte p\u00e9ntek este a t\u00f6r\u00f6k eg\u00e9szs\u00e9g\u00fcgyi miniszt\u00e9rium.<\/strong><!--more--><\/p>\n<p>    A hal\u00e1los \u00e1ldozatok sz\u00e1ma ezzel 15 977-re emelkedett. A h\u00e9tf\u0151i napi adat 203, a keddi 211, a szerdai 217, a cs\u00fct\u00f6rt\u00f6ki pedig 220 volt.<br \/>\n<div class=\"ads-in-post1\"><div id=\"gazdasagportal.hu_fullbanner_wideboard\"><\/div>\r\n<\/div>\n    A besz\u00e1mol\u00f3 szerint \u00fajabb 32 106 ember szervezet\u00e9ben azonos\u00edtott\u00e1k a k\u00f3rokoz\u00f3t, amellyel az igazolt fert\u0151z\u00f6ttek sz\u00e1ma 1 milli\u00f3 780 ezer 673-ra n\u0151tt a 83 milli\u00f3 lakos\u00fa orsz\u00e1gban. A mutat\u00f3 hetek \u00f3ta 30 ezer k\u00f6zel\u00e9ben alakul, szerd\u00e1n 31 712-n, cs\u00fct\u00f6rt\u00f6k\u00f6n pedig 30 402-n \u00e1llt. Az eg\u00e9szs\u00e9g\u00fcgyi t\u00e1rca a regisztr\u00e1lt fert\u0151z\u00f6ttek sz\u00e1m\u00e1t, t\u00f6bb mint n\u00e9gy h\u00f3nap sz\u00fcnet ut\u00e1n, cs\u00fct\u00f6rt\u00f6k\u00f6n ismertette el\u0151sz\u00f6r.<br \/>\n    A p\u00e9nteki jelent\u00e9sben az olvashat\u00f3, hogy a s\u00falyos betegk\u00e9nt nyilv\u00e1ntartottak sz\u00e1ma alig ugyan, de tov\u00e1bb n\u0151tt, 5943-r\u00f3l 5952-re.<br \/>\n    A gy\u00f3gyultak sz\u00e1ma 5516-tal, 458 109-re emelkedett.<br \/>\n    A kis-\u00e1zsiai orsz\u00e1gban mostan\u00e1ig csaknem 20,7 milli\u00f3 v\u00edrustesztet v\u00e9geztek el.<br \/>\n    T\u00f6r\u00f6korsz\u00e1gban a november 1-j\u00e9n \u00e9letbe l\u00e9pett szigor\u00edt\u00e1sok \u00e9rtelm\u00e9ben h\u00e9tk\u00f6znap \u00e9jszak\u00e1nk\u00e9nt, valamint a j\u00e1rv\u00e1ny tavaszi hull\u00e1m \u00f3ta el\u0151sz\u00f6r, a h\u00e9tv\u00e9g\u00e9k teljes id\u0151tartama alatt kij\u00e1r\u00e1si korl\u00e1toz\u00e1s van \u00e9rv\u00e9nyben. A rendelkez\u00e9sek a termel\u00e9si \u00e9s az ell\u00e1t\u00e1si l\u00e1ncokat, illetve egyebek mellett az eg\u00e9szs\u00e9g\u00fcgyi szektort tov\u00e1bbra sem \u00e9rintik. H\u00e9tk\u00f6znap \u00e9jszak\u00e1nk\u00e9nt nem, de h\u00e9tv\u00e9g\u00e9nte az emberek bev\u00e1s\u00e1rl\u00e1s c\u00e9lj\u00e1val tart\u00f3zkodhatnak k\u00f6zter\u00fcleten.<br \/>\n    A kis-\u00e1zsiai orsz\u00e1gban tavasszal &#8211; sok m\u00e1s szigor\u00fa rendelkez\u00e9s mellett &#8211;  korl\u00e1tozt\u00e1k a tartom\u00e1nyok k\u00f6z\u00f6tti utaz\u00e1st is, a bev\u00e1s\u00e1rl\u00f3k\u00f6zpontoknak pedig be kellett z\u00e1rniuk.<br \/>\n<div class=\"ads-in-post1\"><div id=\"gazdasagportal.hu_fullbanner_wideboard\"><\/div>\r\n<\/div>\n    Fahrettin Koca t\u00f6r\u00f6k eg\u00e9szs\u00e9g\u00fcgyi miniszter szerdai sajt\u00f3t\u00e1j\u00e9koztat\u00f3j\u00e1n nem jelezte, hogy a t\u00e1rca \u00e1ltal l\u00e9trehozott tudom\u00e1nyos tan\u00e1cs \u00fajabb, esetleg m\u00e9g szigor\u00fabb int\u00e9zked\u00e9sek bevezet\u00e9s\u00e9t szorgalmazn\u00e1.(MTI)<\/p>\n","protected":false},"excerpt":{"rendered":"<p>T\u00f6r\u00f6korsz\u00e1gban az elm\u00falt huszonn\u00e9gy \u00f3r\u00e1ban imm\u00e1r \u00f6t\u00f6dik napja rekordsz\u00e1m\u00fa beteg vesztette \u00e9let\u00e9t a SARS-CoV-2 koronav\u00edrus okozta fert\u0151z\u00e9s sz\u00f6v\u0151dm\u00e9nyeiben, ez\u00fattal 226-an &#8211; k\u00f6z\u00f6lte p\u00e9ntek este a t\u00f6r\u00f6k eg\u00e9szs\u00e9g\u00fcgyi miniszt\u00e9rium.<\/p>\n","protected":false},"author":1001006,"featured_media":0,"comment_status":"closed","ping_status":"open","sticky":false,"template":"","format":"standard","meta":[],"categories":[12,427],"tags":[],"_links":{"self":[{"href":"https:\/\/gazdasagportal.hu\/index.php\/wp-json\/wp\/v2\/posts\/131803"}],"collection":[{"href":"https:\/\/gazdasagportal.hu\/index.php\/wp-json\/wp\/v2\/posts"}],"about":[{"href":"https:\/\/gazdasagportal.hu\/index.php\/wp-json\/wp\/v2\/types\/post"}],"author":[{"embeddable":true,"href":"https:\/\/gazdasagportal.hu\/index.php\/wp-json\/wp\/v2\/users\/1001006"}],"replies":[{"embeddable":true,"href":"https:\/\/gazdasagportal.hu\/index.php\/wp-json\/wp\/v2\/comments?post=131803"}],"version-history":[{"count":1,"href":"https:\/\/gazdasagportal.hu\/index.php\/wp-json\/wp\/v2\/posts\/131803\/revisions"}],"predecessor-version":[{"id":131804,"href":"https:\/\/gazdasagportal.hu\/index.php\/wp-json\/wp\/v2\/posts\/131803\/revisions\/131804"}],"wp:attachment":[{"href":"https:\/\/gazdasagportal.hu\/index.php\/wp-json\/wp\/v2\/media?parent=131803"}],"wp:term":[{"taxonomy":"category","embeddable":true,"href":"https:\/\/gazdasagportal.hu\/index.php\/wp-json\/wp\/v2\/categories?post=131803"},{"taxonomy":"post_tag","embeddable":true,"href":"https:\/\/gazdasagportal.hu\/index.php\/wp-json\/wp\/v2\/tags?post=131803"}],"curies":[{"name":"wp","href":"https:\/\/api.w.org\/{rel}","templated":true}]}}