{"id":131801,"date":"2020-12-12T06:04:35","date_gmt":"2020-12-12T05:04:35","guid":{"rendered":"http:\/\/gazdasagportal.hu\/?p=131801"},"modified":"2020-12-11T22:38:11","modified_gmt":"2020-12-11T21:38:11","slug":"a-szilicium-volgy-egyik-legnagyobb-startup-gurujat-hozza-virtualisan-magyarorszagra-a-founder-institue","status":"publish","type":"post","link":"https:\/\/gazdasagportal.hu\/index.php\/a-szilicium-volgy-egyik-legnagyobb-startup-gurujat-hozza-virtualisan-magyarorszagra-a-founder-institue\/","title":{"rendered":"A Szil\u00edcium-v\u00f6lgy egyik legnagyobb startup guruj\u00e1t hozza virtu\u00e1lisan Magyarorsz\u00e1gra a Founder Institue"},"content":{"rendered":"<p><strong>A Founder Institute budapesti irodanyit\u00e1s\u00e1t r\u00f6gt\u00f6n v\u00e1rakoz\u00e1son fel\u00fcli \u00e9rdekl\u0151d\u00e9s \u00f6vezte: a szeptemberben \u00fatj\u00e1ra ind\u00edtott online webin\u00e1rsorozaton t\u00f6bb sz\u00e1z \u00e9rdekl\u0151d\u0151 vett eddig r\u00e9szt. A Szil\u00edcium-v\u00f6lgyb\u0151l indult nemzetk\u00f6zi akceler\u00e1tor december 15-\u00e9n az \u00e9v cs\u00facspontj\u00e1val k\u00e9sz\u00fcl: virtu\u00e1lis tal\u00e1lkoz\u00e1sra invit\u00e1l a Founder Institute alap\u00edt\u00f3j\u00e1val, Adeo Rossi-val. Az amerikai CEO mellett \u00f6t elismert startup szak\u00e9rt\u0151 v\u00e1rja a r\u00e9szvev\u0151ket, akik olyan szaktekint\u00e9lyekkel is besz\u00e9lgethetnek, mint Bi\u00e1s Csongor, a Startup Hungary \u00fcgyvezet\u0151 igazgat\u00f3ja, Langm\u00e1r P\u00e9ter, a Green Fox Academy t\u00e1rsalap\u00edt\u00f3ja, Oszk\u00f3 P\u00e9ter, <\/strong><strong>az Oxo Holdings \u00fcgyvezet\u0151je, vagy Pereczes J\u00e1nos, <\/strong><strong>az MKB Bank Fintechlab \u00fcgyvezet\u0151 igazgat\u00f3ja. Az \u00e9v v\u00e9gi online esem\u00e9ny a budapesti Founder Institute febru\u00e1rban indul\u00f3, 14 hetes intenz\u00edv programj\u00e1t vezeti fel.<\/strong><!--more--><\/p>\n<div class=\"ads-in-post1\"><div id=\"gazdasagportal.hu_fullbanner_wideboard\"><\/div>\r\n<\/div>\n<p><strong>\u00a0<\/strong><\/p>\n<p>A Founder Institute sz\u00e1m\u00e1ra nem \u00fajkelet\u0171 a v\u00e1ls\u00e1ghelyzetben val\u00f3 m\u0171k\u00f6d\u00e9s, hiszen a l\u00e9trej\u00f6tt\u00e9re is a 2009-es vil\u00e1gv\u00e1ls\u00e1g idej\u00e9n ker\u00fclt sor. <strong>A COVID-19 \u00e9v\u00e9ben is profin \u00e9s azonnal reag\u00e1lt a besz\u0171k\u00fcl\u0151 kommunik\u00e1ci\u00f3s lehet\u0151s\u00e9gekre, \u00e9s z\u00f6kken\u0151mentesen \u00e1t is hangolta mind a folyamatban l\u00e9v\u0151, mind a meghirdetett kurzusait az online platformra \u2013 vil\u00e1gszerte t\u00f6bb mint 200 v\u00e1rosban.<\/strong> Abban, hogy a k\u00e9pz\u00e9seket az interneten kereszt\u00fcl kell folytatni, a Founder Institute \u00faj lehet\u0151s\u00e9geket l\u00e1t, hiszen \u00edgy azok is hozz\u00e1f\u00e9rhetnek az oktat\u00e1si anyagokhoz, akik t\u00e1volabbi ter\u00fcleteken \u00e9lnek. <strong>Ezen felbuzdulva hirdett\u00e9k meg a 2021. febru\u00e1r 9-\u00e9n indul\u00f3 intenz\u00edv online kurzust<\/strong> <strong>is, amelyre b\u00e1rki jelentkezhet, aki tervezi, vagy m\u00e1r akt\u00edvan \u00e9p\u00edti v\u00e1llalkoz\u00e1s\u00e1t.<\/strong><\/p>\n<p><strong>\u00a0<\/strong><\/p>\n<p><strong>A 14 hetes k\u00e9pz\u00e9s fontos el\u0151hangol\u00e1sa \u00e9s az idei \u00e9v legnagyobb durran\u00e1sa az a december 15-i online tal\u00e1lkoz\u00f3, amelyen maga a Founder Institute alap\u00edt\u00f3ja \u00e9s \u00fcgyvezet\u0151je, Adeo Rossi is r\u00e9szt vesz.<\/strong> Nemcsak \u0151 v\u00e1laszol azonban az el\u0151zetesen k\u00fcld\u00f6tt k\u00e9rd\u00e9sekre, hanem a v\u00e1llalkoz\u00e1s\u00e9p\u00edt\u00e9s \u00e9s <strong>a startup-vil\u00e1g hazai szak\u00e9rt\u0151inek eg\u00e9sz g\u00e1rd\u00e1ja is megosztja gondolatait:<\/strong> k\u00f6zt\u00fck lesz Oszk\u00f3 P\u00e9ter, az Oxo Holdings \u00fcgyvezet\u0151je, Bi\u00e1s Csongor, a Startup Hungary igazgat\u00f3ja, Langm\u00e1r P\u00e9ter, a Green Fox Academy t\u00e1rsalap\u00edt\u00f3ja, Pereczes J\u00e1nos, az MKB Bank Fintechlab \u00fcgyvezet\u0151 igazgat\u00f3ja, \u00e9s K\u00f6lkedi Kriszti\u00e1n, a Nemzeti Kutat\u00e1si, Fejleszt\u00e9si \u00e9s Innov\u00e1ci\u00f3s Hivatal eln\u00f6ki tan\u00e1csad\u00f3ja.<\/p><div id=\"gazda-582575848\" class=\"gazda-tartalomban gazda-entity-placement\"><script async src=\"https:\/\/pagead2.googlesyndication.com\/pagead\/js\/adsbygoogle.js\"><\/script>\r\n<ins class=\"adsbygoogle\"\r\n     style=\"display:block\"\r\n     data-ad-format=\"fluid\"\r\n     data-ad-layout-key=\"-6t+ed+2i-1n-4w\"\r\n     data-ad-client=\"ca-pub-1959107119989764\"\r\n     data-ad-slot=\"4008251320\"><\/ins>\r\n<script>\r\n     (adsbygoogle = window.adsbygoogle || []).push({});\r\n<\/script><\/div>\n<p>&nbsp;<\/p>\n<p>Az \u2019Ask me Anything about Startups\u2019 c\u00edm\u0171 virtu\u00e1lis tal\u00e1lkoz\u00f3ra bek\u00fcld\u00f6tt k\u00e9rd\u00e9sekre t\u00f6bbek k\u00f6z\u00f6tt a t\u0151kefinansz\u00edroz\u00e1s, a v\u00e1llalkoz\u00e1sind\u00edt\u00e1s, a projektmenedzsment, \u00e9s a nemzetk\u00f6zi piacra l\u00e9p\u00e9s t\u00e9mak\u00f6reiben felelnek majd a startup guruk.<\/p>\n<p>&nbsp;<\/p>\n<p><strong>Az online esem\u00e9ny  \u00e9s <a href=\"https:\/\/www.linkedin.com\/events\/askmeanythingaboutstartups-with6740178980076355584\/\" target=\"_blank\" rel=\"noopener\">LinkedIn<\/a>-en is k\u00f6vethet\u0151. <\/strong>A k\u00e9rd\u00e9seket term\u00e9szetesen \u00e9l\u0151ben is feltehetik az \u00e9rdekl\u0151d\u0151k, a v\u00e1laszad\u00e1s nagyobb es\u00e9ly\u00e9\u00e9rt azonban <strong>javasolt el\u0151zetesen elk\u00fcldeni azokat<\/strong> a <a href=\"mailto:budapest.admin@fichapter.com\">budapest.admin@fichapter.com<\/a> e-mail c\u00edmre decemberi 13-i hat\u00e1rid\u0151vel.<\/p>\n<div class=\"ads-in-post1\"><div id=\"gazdasagportal.hu_fullbanner_wideboard\"><\/div>\r\n<\/div>\n&nbsp;<\/p>\n<p><strong>Szeptember \u00f3ta online esem\u00e9nyek sor\u00e1t val\u00f3s\u00edtotta meg a budapesti Founder Institute <\/strong><\/p>\n<p><strong>\u00a0<\/strong><\/p>\n<p>2020 szeptember\u00e9ben a vil\u00e1gszerte 200 k\u00f6zponttal rendelkez\u0151 Founder Institute megnyitotta budapesti k\u00e9pviseleti irod\u00e1j\u00e1t is. A tud\u00e1s\u00e1tad\u00e1s\u00e9rt \u00e9s a v\u00e1llalkoz\u00f3i kult\u00fara fejleszt\u00e9s\u00e9\u00e9rt dolgoz\u00f3 magyarorsz\u00e1gi k\u00f6zpontot h\u00e1rom startup nagy\u00e1gy\u00fa vezeti: Bohner Tam\u00e1s (Drukka Startup Studio, Intellitext Akcelerator), Horv\u00e1th Bal\u00e1zs (Startup Grind Budapest), \u00e9s Iv\u00e1nka Iv\u00e1n (Ivanka Group).<\/p>\n<p>&nbsp;<\/p>\n<p>A magyarorsz\u00e1gi Founder Institute az indul\u00e1s \u00f3ta eltelt h\u00e1rom h\u00f3napban <strong>r\u00f6gt\u00f6n egy hatalmas \u00e9rdekl\u0151d\u00e9st\u0151l k\u00eds\u00e9rt, \u00e1tfog\u00f3 online esem\u00e9nysorozat keret\u00e9ben<\/strong> j\u00e1rta k\u00f6r\u00fcl a legk\u00fcl\u00f6nb\u00f6z\u0151bb t\u00e9m\u00e1kat, amelyek a startupok \u00e9let\u00e9ben kulcsfontoss\u00e1ggal b\u00edrnak<strong>.<\/strong> <strong>A t\u00f6bb sz\u00e1z r\u00e9sztvev\u0151 t\u00f6bbek k\u00f6z\u00f6tt a finansz\u00edroz\u00e1si form\u00e1kr\u00f3l vagy a glob\u00e1lis startup-ind\u00edt\u00e1sr\u00f3l hallhatott budapesti nagy\u00e1gy\u00fakt\u00f3l, de kaptak kimondottan a saj\u00e1t \u00f6tlet\u00fckre, v\u00e1llalkoz\u00e1sukra vonatkoz\u00f3 \u00fatmutat\u00e1sokat is.<\/strong> A 2020-as \u00e9v cs\u00facspontj\u00e1nak tekinthet\u0151 december 15-i virtu\u00e1lis tal\u00e1lkoz\u00f3ra m\u00e1r most hatalmas az \u00e9rdekl\u0151d\u00e9s, ahogy a febru\u00e1rban indul\u00f3 els\u0151 akceler\u00e1tor programra is m\u00e1r t\u00f6bb tucat startup jelentkezett.<\/p>\n<div class=\"ads-in-post1\"><div id=\"gazdasagportal.hu_fullbanner_wideboard\"><\/div>\r\n<\/div>\n&nbsp;<\/p>\n<p>A Founder Institute \u00e9vtizedes fenn\u00e1ll\u00e1sa alatt t\u00f6bb ezer v\u00e1llalkoz\u00f3 \u00e1lmainak \u00e9s terveinek adott sikerre viv\u0151 lend\u00fcletet. <strong>Mentorprogramjaiban t\u00f6bb mint 50 neves szakemberrel tal\u00e1lkozhatnak az indul\u00f3 v\u00e1llalkoz\u00e1sok, nemzetk\u00f6zi \u00fczleti kapcsolatrendszere pedig 14 ezer befektet\u0151t sz\u00e1mol.<\/strong> A vil\u00e1g leggyorsabban n\u00f6vekv\u0151 startup c\u00e9geinek vezet\u0151i a Founder Institute seg\u00edts\u00e9g\u00e9vel vittek kereszt\u00fcl t\u0151kebevon\u00e1st, toboroztak csapatokat, szereztek befektet\u0151ket, vagy \u00e9p\u00edtett\u00e9k fel term\u00e9k\u00fcket. Mindezek ut\u00e1n \u00e9rthet\u0151, hogy az akceler\u00e1tor program a legnagyobb m\u00e1rk\u00e1kkal dolgozik egy\u00fctt.<\/p>\n<p>&nbsp;<\/p>\n<p><strong>A Founder Institute-r\u00f3l<\/strong><\/p>\n<p>A Founder Institute a vil\u00e1g legnagyobb, korai-f\u00e1zis\u00fa startupokkal foglalkoz\u00f3 akceler\u00e1tora. Programj\u00e1ban kezd\u0151 v\u00e1llalkoz\u00f3k \u00e9s v\u00e1llalkoz\u00f3i csoportok sikeresen \u00e9p\u00edthetik nagy n\u00f6veked\u00e9si potenci\u00e1llal b\u00edr\u00f3 projektj\u00fcket egy nemzetk\u00f6zi t\u00e1mogat\u00f3 k\u00f6z\u00f6ss\u00e9g seg\u00edts\u00e9g\u00e9vel, akik nem csup\u00e1n a siker\u00fckben v\u00e1llalnak r\u00e9szt, de az \u00fczletfejleszt\u00e9s kih\u00edv\u00e1sokkal teli folyamat\u00e1nak minden l\u00e9p\u00e9s\u00e9n\u00e9l vel\u00fck tartanak. A sikeresen v\u00e9gzett v\u00e1llalkoz\u00e1sok eddig t\u00f6bb mint 950 milli\u00f3 doll\u00e1rnyi befektet\u00e9si \u00f6sszeghez jutottak glob\u00e1lisan. A vil\u00e1g leggyorsabban n\u00f6vekv\u0151 startupjai a Founder Institute-nak k\u00f6sz\u00f6nhet\u0151en nem csak a finansz\u00edroz\u00e1s ter\u00e9n jutottak jelent\u0151s el\u0151nyh\u00f6z, de gyors \u00fctemben \u00e9rt\u00e9k el a kit\u0171z\u00f6tt piaci c\u00e9lokat, tov\u00e1bbi inkub\u00e1ci\u00f3s lehet\u0151s\u00e9geket kaptak, b\u0151v\u00edtett\u00e9k csapatukat \u00e9s fejlesztett\u00e9k term\u00e9keiket, szolg\u00e1ltat\u00e1saikat.<\/p>\n<p>A Founder Institute-ot 2009-ben alap\u00edtotta Adeo Ressi \u00e9s Jonathan Greechan, a szervezet k\u00f6zpontja a mai napig a kaliforniai Palo Altoban m\u0171k\u00f6dik. Ma m\u00e1r a vil\u00e1g 75 orsz\u00e1g\u00e1ban, 200 helyi k\u00e9pviselettel rendelkeznek, f\u0151 c\u00e9lkit\u0171z\u00e9s\u00fck pedig az, hogy egy \u201eglob\u00e1lis Szil\u00edcium-v\u00f6lgyet\u201d hozzanak l\u00e9tre, ahol minden tehets\u00e9ges \u00e9s motiv\u00e1lt v\u00e1llalkoz\u00f3 sz\u00e1m\u00e1ra megadatik a lehet\u0151s\u00e9g, hogy egy olyan \u00fczletet \u00e9p\u00edtsen, mely ak\u00e1r 1 milli\u00f3 \u00faj munkahelyet teremthet \u00e9s jobb\u00e1 teheti a vil\u00e1got.<\/p>\n<p>https:\/\/fi.co\/<\/p>\n<p>&nbsp;<\/p>\n<p><strong>Drukka Startup Studi\u00f3r\u00f3l<\/strong><\/p>\n<p>Magyarorsz\u00e1g legnagyobb startup studi\u00f3ja, egyben a legnagyobb korai f\u00e1zis\u00fa mag\u00e1n startup befektet\u0151. Startup Studio met\u00f3dusnak k\u00f6sz\u00f6nhet\u0151en az ipar\u00e1gat messze meghalad\u00f3 sikeress\u00e9gi r\u00e1t\u00e1val, \u00e9s j\u00f6vedelmez\u0151s\u00e9ggel \u00e9p\u00edtenek startupokat ak\u00e1r az \u00f6tlet f\u00e1zist\u00f3l is. Jelenleg kb 25 portff\u00f3li\u00f3c\u00e9g\u00fck van, befektet\u00e9seik sz\u00e1ma meghaladja az \u00f6tvenet.<\/p>\n<p>&nbsp;<\/p>\n<p><strong>Intellitext-r\u0151l<\/strong><\/p>\n<p>Drukka Startup Studio t\u00f6bbs\u00e9gi tulajdon\u00e1ban l\u00e9v\u0151 inkub\u00e1tor, r\u00e9szben mag\u00e1n-, r\u00e9szben a Nemzeti Kutat\u00e1si \u00e9s Fejleszt\u00e9si Innov\u00e1ci\u00f3s Hivatal \u00d6KO_16 p\u00e1ly\u00e1zata \u00e1ltal biztos\u00edtott forr\u00e1sb\u00f3l v\u00e9gez 10-100MFt k\u00f6z\u00f6tti befektet\u00e9seket \u00e9s ny\u00fajt inkub\u00e1ci\u00f3s szolg\u00e1ltat\u00e1sokat.<\/p>\n","protected":false},"excerpt":{"rendered":"<p>A Founder Institute budapesti irodanyit\u00e1s\u00e1t r\u00f6gt\u00f6n v\u00e1rakoz\u00e1son fel\u00fcli \u00e9rdekl\u0151d\u00e9s \u00f6vezte: a szeptemberben \u00fatj\u00e1ra ind\u00edtott online webin\u00e1rsorozaton t\u00f6bb sz\u00e1z \u00e9rdekl\u0151d\u0151 vett eddig r\u00e9szt. A Szil\u00edcium-v\u00f6lgyb\u0151l indult nemzetk\u00f6zi akceler\u00e1tor december 15-\u00e9n az \u00e9v cs\u00facspontj\u00e1val k\u00e9sz\u00fcl: virtu\u00e1lis tal\u00e1lkoz\u00e1sra invit\u00e1l a Founder Institute alap\u00edt\u00f3j\u00e1val, Adeo Rossi-val. Az amerikai CEO mellett \u00f6t elismert startup szak\u00e9rt\u0151 v\u00e1rja a r\u00e9szvev\u0151ket, akik olyan &#8230;<\/p>\n","protected":false},"author":1001006,"featured_media":0,"comment_status":"closed","ping_status":"open","sticky":false,"template":"","format":"standard","meta":[],"categories":[19],"tags":[],"_links":{"self":[{"href":"https:\/\/gazdasagportal.hu\/index.php\/wp-json\/wp\/v2\/posts\/131801"}],"collection":[{"href":"https:\/\/gazdasagportal.hu\/index.php\/wp-json\/wp\/v2\/posts"}],"about":[{"href":"https:\/\/gazdasagportal.hu\/index.php\/wp-json\/wp\/v2\/types\/post"}],"author":[{"embeddable":true,"href":"https:\/\/gazdasagportal.hu\/index.php\/wp-json\/wp\/v2\/users\/1001006"}],"replies":[{"embeddable":true,"href":"https:\/\/gazdasagportal.hu\/index.php\/wp-json\/wp\/v2\/comments?post=131801"}],"version-history":[{"count":1,"href":"https:\/\/gazdasagportal.hu\/index.php\/wp-json\/wp\/v2\/posts\/131801\/revisions"}],"predecessor-version":[{"id":131802,"href":"https:\/\/gazdasagportal.hu\/index.php\/wp-json\/wp\/v2\/posts\/131801\/revisions\/131802"}],"wp:attachment":[{"href":"https:\/\/gazdasagportal.hu\/index.php\/wp-json\/wp\/v2\/media?parent=131801"}],"wp:term":[{"taxonomy":"category","embeddable":true,"href":"https:\/\/gazdasagportal.hu\/index.php\/wp-json\/wp\/v2\/categories?post=131801"},{"taxonomy":"post_tag","embeddable":true,"href":"https:\/\/gazdasagportal.hu\/index.php\/wp-json\/wp\/v2\/tags?post=131801"}],"curies":[{"name":"wp","href":"https:\/\/api.w.org\/{rel}","templated":true}]}}