{"id":13178,"date":"2013-08-06T16:16:54","date_gmt":"2013-08-06T14:16:54","guid":{"rendered":"http:\/\/stockportal.hu\/?p=13178"},"modified":"2013-08-06T16:16:54","modified_gmt":"2013-08-06T14:16:54","slug":"az-otp-bank-40-szazalekos-piaci-reszt-kivan-szerezni-az-agrarfinanszirozasban","status":"publish","type":"post","link":"https:\/\/gazdasagportal.hu\/index.php\/az-otp-bank-40-szazalekos-piaci-reszt-kivan-szerezni-az-agrarfinanszirozasban\/","title":{"rendered":"Az OTP Bank 40 sz\u00e1zal\u00e9kos piaci r\u00e9szt k\u00edv\u00e1n szerezni az agr\u00e1rfinansz\u00edroz\u00e1sban"},"content":{"rendered":"<p><strong>Az OTP Bank legal\u00e1bb 40 sz\u00e1zal\u00e9kra k\u00edv\u00e1nja n\u00f6velni piaci r\u00e9szesed\u00e9s\u00e9t k\u00f6z\u00e9pt\u00e1von az agr\u00e1rfinansz\u00edroz\u00e1sban &#8211; jelentette ki Cs\u00e1nyi S\u00e1ndor kedden Budapesten, sajt\u00f3t\u00e1j\u00e9koztat\u00f3n.<!--more--><\/strong><\/p>\n<p>Az OTP Bank eln\u00f6k-vez\u00e9rigazgat\u00f3ja a Nemzeti Agr\u00e1rgazdas\u00e1gi Kamar\u00e1val (NAK) megk\u00f6t\u00f6tt egy\u00fcttm\u0171k\u00f6d\u00e9si meg\u00e1llapod\u00e1s al\u00e1\u00edr\u00e1sa el\u0151tt eml\u00e9keztetett: tavaly a bankszektor mez\u0151gazdas\u00e1gba kihelyezett hiteleinek \u00e1llom\u00e1nya cs\u00f6kkent, az OTP-\u00e9 viszont 15 sz\u00e1zal\u00e9kkal emelkedett. Ez mintegy 13 sz\u00e1zal\u00e9kos r\u00e9szesed\u00e9st jelent a banknak az \u00e1gazat finansz\u00edroz\u00e1s\u00e1ban &#8211; mondta az MTI-nek Benedek F\u00fcl\u00f6p \u00fcgyvezet\u0151 igazgat\u00f3.<br \/>\nCs\u00e1nyi S\u00e1ndor kiemelte: az OTP t\u00f6bb \u00e9vtizedes hagyom\u00e1nyokkal rendelkezik a mez\u0151gazdas\u00e1gi termel\u0151k finansz\u00edroz\u00e1s\u00e1ban, de m\u00e9g mindig nem haszn\u00e1lta ki az e ter\u00fcleten rendelkez\u00e9s\u00e9re \u00e1ll\u00f3 lehet\u0151s\u00e9geket, \u00e9s nem foglalta el azt a helyet, ami megilletn\u00e9.<br \/>\nGy\u0151rffy Bal\u00e1zs, a NAK eln\u00f6ke hangs\u00falyozta: sz\u00e1mukra az\u00e9rt fontos a meg\u00e1llapod\u00e1s az OTP Bankkal, mivel a k\u00e9t szervezet a tov\u00e1bbiakban egym\u00e1s munk\u00e1j\u00e1t seg\u00edtve, egy\u00fctt k\u00edv\u00e1n munk\u00e1lkodni az agr\u00e1rgazdas\u00e1g fejleszt\u00e9se \u00e9rdek\u00e9ben.<br \/>\nA kamara eln\u00f6ke utalt arra is, hogy ennek egyik fontos eszk\u00f6ze lesz az a t\u00f6bbfunkci\u00f3s kamarai k\u00e1rtya, amelynek kialak\u00edt\u00e1s\u00e1ban az OTP Bank seg\u00edtett a NAK-nak. A k\u00e1rtya a p\u00e9nz\u00fcgyi szolg\u00e1ltat\u00e1sokon t\u00fal m\u00e1s &#8211; p\u00e9ld\u00e1ul telekommunik\u00e1ci\u00f3s &#8211; szolg\u00e1ltat\u00e1sokat is ny\u00fajt majd a NAK tagjainak. A kamara c\u00e9lkit\u0171z\u00e9se &#8211; h\u00fazta al\u00e1 Gy\u0151rffy Bal\u00e1zs -, hogy a tagok a tagd\u00edj \u00e9rt\u00e9k\u00e9t meghalad\u00f3 &#8211; &#8222;apr\u00f3p\u00e9nzre v\u00e1lthat\u00f3&#8221; &#8211; ellen\u00e9rt\u00e9ket kapjanak k\u00f6ztest\u00fcleti tags\u00e1guk kapcs\u00e1n. Ezzel szeretn\u00e9k k\u00e9zzelfoghat\u00f3v\u00e1 tenni a kamarai tags\u00e1g el\u0151nyeit.<br \/>\nCs\u00e1nyi S\u00e1ndor arr\u00f3l besz\u00e9lt, hogy nemcsak bankvezet\u0151k\u00e9nt, de befektet\u0151k\u00e9nt is b\u00edzik a magyar agr\u00e1riumban. Az OTP Bank fi\u00f3kh\u00e1l\u00f3zat\u00e1ban biztos\u00edt k\u00f6nny\u0171 el\u00e9rhet\u0151s\u00e9get a v\u00e1llalkoz\u00f3k, \u00edgy az agr\u00e1riumban tev\u00e9kenyked\u0151k sz\u00e1m\u00e1ra is. Az OTP szeretne tart\u00f3san \u00e9len j\u00e1rni a bankok k\u00f6z\u00f6tt a mez\u0151gazdas\u00e1g finansz\u00edroz\u00e1s\u00e1ban. Ez nemcsak hitelny\u00fajt\u00e1st jelent, hanem azt is, hogy a p\u00e9nzint\u00e9zet olyan tov\u00e1bbi p\u00e9nz\u00fcgyi szolg\u00e1ltat\u00e1sokat ny\u00fajt, amelyek egyszer\u0171en, gyorsan, korszer\u0171 \u00e9s \u00e1tl\u00e1that\u00f3 m\u00f3don \u00e9rhet\u0151k el.<br \/>\nFontosnak mondta, hogy az agr\u00e1r- \u00e9s m\u00e1s v\u00e1llalkoz\u00f3k is folyamatos inform\u00e1ci\u00f3kat kapjanak a p\u00e9nz\u00fcgyi term\u00e9kek ny\u00fajtotta lehet\u0151s\u00e9geken t\u00fal, p\u00e9ld\u00e1ul arr\u00f3l, hogy milyen magyar, illetve uni\u00f3s t\u00e1mogat\u00e1sok \u00e9rhet\u0151k el sz\u00e1mukra. E c\u00e9lok megval\u00f3s\u00edt\u00e1s\u00e1ra az OTP \u00f6n\u00e1ll\u00f3 agr\u00e1rgazdas\u00e1gi igazgat\u00f3s\u00e1got hozott l\u00e9tre.<br \/>\nA bankvezet\u0151 \u00fagy v\u00e9lte: a bankszektor szerepe jelent\u0151s lehet a k\u00f6vetkez\u0151 \u00e9vekben a mez\u0151gazdas\u00e1g sz\u00e1m\u00e1ra. P\u00e9ld\u00e1ul, ha a korm\u00e1ny sz\u00e1nd\u00e9kainak megfelel\u0151en korszer\u0171 \u00e1llatteny\u00e9szt\u00e9st szeretn\u00e9nek l\u00e9trehozni a gazd\u00e1lkod\u00f3k, amely volumenben \u00e9s hat\u00e9konys\u00e1gban is jelent\u0151s fejl\u0151d\u00e9sre k\u00e9pes, ahhoz legal\u00e1bb ezer milli\u00e1rd forint beruh\u00e1z\u00e1sra volna sz\u00fcks\u00e9g. Ezt a fejleszt\u00e9st bankok n\u00e9lk\u00fcl nem lehet v\u00e9ghez vinni &#8211; sz\u00f6gezte le Cs\u00e1nyi S\u00e1ndor.<br \/>\nAz eln\u00f6k-vez\u00e9rigazgat\u00f3 \u00f6r\u00f6m\u00e9t fejezte ki a tekintetben, hogy az OTP egy\u00fcttm\u0171k\u00f6d\u00e9si meg\u00e1llapod\u00e1st k\u00f6t\u00f6tt a NAK-kal. Hozz\u00e1tette: v\u00e1rhat\u00f3an az OTP az agr\u00e1rium els\u0151 sz\u00e1m\u00fa bankja lesz, \u00e9s a NAK-nak els\u0151 sz\u00e1m\u00fa p\u00e9nz\u00fcgyi partner\u00e9v\u00e9 v\u00e1lik. \u00cdgy az OTP is j\u00f3l j\u00e1r, mivel t\u00f6bb \u00fcgyf\u00e9lhez juthat el a k\u00f6ztest\u00fcleten kereszt\u00fcl.<br \/>\nA c\u00e9l k\u00f6z\u00f6s: a kamara \u00e9s az OTP is \u00e9rdekelt abban, hogy az agr\u00e1r- \u00e9s az \u00e9lelmiszer-gazdas\u00e1g fejl\u0151dj\u00f6n \u00e9s n\u00f6vekedjen &#8211; mondta Cs\u00e1nyi S\u00e1ndor.<br \/>\nAz OTP els\u0151 embere \u00e9s a NAK vezet\u0151je is osztja azt a v\u00e9lem\u00e9nyt, hogy a magyar mez\u0151gazdas\u00e1gnak a j\u00f6v\u0151ben m\u00e9g nagyobb szerepe lesz az orsz\u00e1g gazdas\u00e1gi n\u00f6veked\u00e9s\u00e9nek alakul\u00e1s\u00e1ban. Ez\u00e9rt a korm\u00e1ny \u00e1ltal ezen a ter\u00fcleten kit\u0171z\u00f6tt c\u00e9lokat a mostani meg\u00e1llapod\u00e1s j\u00f3l szolg\u00e1lja majd &#8211; hangoztatta Cs\u00e1nyi S\u00e1ndor.(MTI)<\/p>\n","protected":false},"excerpt":{"rendered":"<p>Az OTP Bank legal\u00e1bb 40 sz\u00e1zal\u00e9kra k\u00edv\u00e1nja n\u00f6velni piaci r\u00e9szesed\u00e9s\u00e9t k\u00f6z\u00e9pt\u00e1von az agr\u00e1rfinansz\u00edroz\u00e1sban &#8211; jelentette ki Cs\u00e1nyi S\u00e1ndor kedden Budapesten, sajt\u00f3t\u00e1j\u00e9koztat\u00f3n.<\/p>\n","protected":false},"author":1,"featured_media":4644,"comment_status":"open","ping_status":"closed","sticky":false,"template":"","format":"standard","meta":[],"categories":[19,7],"tags":[57],"_links":{"self":[{"href":"https:\/\/gazdasagportal.hu\/index.php\/wp-json\/wp\/v2\/posts\/13178"}],"collection":[{"href":"https:\/\/gazdasagportal.hu\/index.php\/wp-json\/wp\/v2\/posts"}],"about":[{"href":"https:\/\/gazdasagportal.hu\/index.php\/wp-json\/wp\/v2\/types\/post"}],"author":[{"embeddable":true,"href":"https:\/\/gazdasagportal.hu\/index.php\/wp-json\/wp\/v2\/users\/1"}],"replies":[{"embeddable":true,"href":"https:\/\/gazdasagportal.hu\/index.php\/wp-json\/wp\/v2\/comments?post=13178"}],"version-history":[{"count":2,"href":"https:\/\/gazdasagportal.hu\/index.php\/wp-json\/wp\/v2\/posts\/13178\/revisions"}],"predecessor-version":[{"id":13180,"href":"https:\/\/gazdasagportal.hu\/index.php\/wp-json\/wp\/v2\/posts\/13178\/revisions\/13180"}],"wp:featuredmedia":[{"embeddable":true,"href":"https:\/\/gazdasagportal.hu\/index.php\/wp-json\/wp\/v2\/media\/4644"}],"wp:attachment":[{"href":"https:\/\/gazdasagportal.hu\/index.php\/wp-json\/wp\/v2\/media?parent=13178"}],"wp:term":[{"taxonomy":"category","embeddable":true,"href":"https:\/\/gazdasagportal.hu\/index.php\/wp-json\/wp\/v2\/categories?post=13178"},{"taxonomy":"post_tag","embeddable":true,"href":"https:\/\/gazdasagportal.hu\/index.php\/wp-json\/wp\/v2\/tags?post=13178"}],"curies":[{"name":"wp","href":"https:\/\/api.w.org\/{rel}","templated":true}]}}