{"id":131649,"date":"2020-12-05T18:03:40","date_gmt":"2020-12-05T17:03:40","guid":{"rendered":"http:\/\/gazdasagportal.hu\/?p=131649"},"modified":"2020-12-05T18:03:40","modified_gmt":"2020-12-05T17:03:40","slug":"evosz-az-epitoipar-2021-elso-negyedevenek-a-vegere-lephet-tul-a-jarvany-kovetkezmenyein","status":"publish","type":"post","link":"https:\/\/gazdasagportal.hu\/index.php\/evosz-az-epitoipar-2021-elso-negyedevenek-a-vegere-lephet-tul-a-jarvany-kovetkezmenyein\/","title":{"rendered":"\u00c9VOSZ: az \u00e9p\u00edt\u0151ipar 2021 els\u0151 negyed\u00e9v\u00e9nek a v\u00e9g\u00e9re l\u00e9phet t\u00fal a j\u00e1rv\u00e1ny k\u00f6vetkezm\u00e9nyein"},"content":{"rendered":"<p><strong>A korm\u00e1nyzat otthonteremt\u00e9si programj\u00e1nak, valamint az id\u00e9n el\u0151k\u00e9sz\u00edtett \u00e9s a j\u00f6v\u0151re indul\u00f3 beruh\u00e1z\u00e1soknak k\u00f6sz\u00f6nhet\u0151en az \u00e9p\u00edt\u0151ipar 2021 els\u0151 negyed\u00e9v\u00e9nek a v\u00e9g\u00e9re l\u00e9phet t\u00fal a koronav\u00edrus-j\u00e1rv\u00e1ny k\u00f6vetkezm\u00e9nyein &#8211; mondta az \u00c9p\u00edt\u00e9si V\u00e1llalkoz\u00f3k Orsz\u00e1gos Szaksz\u00f6vets\u00e9g\u00e9nek (\u00c9VOSZ) eln\u00f6ke p\u00e9nteken az MTI-nek.<\/strong><!--more--><\/p>\n<div class=\"ads-in-post1\"><div id=\"gazdasagportal.hu_fullbanner_wideboard\"><\/div>\r\n<\/div>\n<p>    Koji L\u00e1szl\u00f3 hozz\u00e1tette, ahhoz, hogy az \u00e1gazat ism\u00e9t tart\u00f3s n\u00f6veked\u00e9si p\u00e1ly\u00e1ra tudjon \u00e1llni, \u00e9p\u00edt\u00e9sgazdas\u00e1gi akci\u00f3tervre van sz\u00fcks\u00e9g, amely a korm\u00e1nyzat \u00e9s a v\u00e1llalkoz\u00e1sok feladatait egyar\u00e1nt meghat\u00e1rozza.<br \/>\n    A szaksz\u00f6vets\u00e9g eln\u00f6ke szerint a korm\u00e1nyzat szab\u00e1lyoz\u00e1ssal, megrendel\u00e9ssel, t\u00e1mogat\u00e1ssal \u00e9s ellen\u0151rz\u00e9ssel tudja seg\u00edteni az \u00e9p\u00edt\u0151ipart, a c\u00e9gek feladata az, hogy korm\u00e1nyzati seg\u00edts\u00e9ggel jav\u00edts\u00e1k a hat\u00e9konys\u00e1gukat, p\u00e9ld\u00e1ul k\u00e9pz\u00e9sekkel, innov\u00e1ci\u00f3kkal, amelyekbe a nagy \u00e9s k\u00f6zepes c\u00e9geknek a mikro \u00e9s a kisv\u00e1llalkoz\u00e1sokat is be kellene vonniuk.<br \/>\n    K\u00f6z\u00f6lte, mindez az\u00e9rt fontos, mert a 114 ezer \u00e9p\u00edt\u0151ipari c\u00e9g k\u00f6z\u00fcl 108 ezer 5 embern\u00e9l kevesebbet foglalkoztat, vagyis mikrov\u00e1llalkoz\u00e1s vagy \u00f6nfoglalkoztat\u00f3.<br \/>\n    A szaksz\u00f6vets\u00e9g eln\u00f6ke pozit\u00edvan \u00e9rt\u00e9kelte a korm\u00e1ny otthonteremt\u00e9si programj\u00e1t, ugyanakkor megjegyezte, hogy annak elemei &#8211; az 5 sz\u00e1zal\u00e9kos lak\u00e1s\u00e1fa ism\u00e9telt bevezet\u00e9se, a csal\u00e1di otthonteremt\u00e9si kedvezm\u00e9ny kib\u0151v\u00edt\u00e9se &#8211; a piacnak csak a keresleti oldal\u00e1t \u00e9l\u00e9nk\u00edtik. A k\u00edn\u00e1lati oldalon is sz\u00fcks\u00e9g lenne \u00f6szt\u00f6nz\u0151kre: a kis- \u00e9s k\u00f6zepes v\u00e1llalkoz\u00e1soknak beruh\u00e1z\u00e1sra \u00e9s k\u00e9pz\u00e9sre ig\u00e9nyelhet\u0151 t\u00e1mogat\u00e1sra &#8211; tette hozz\u00e1.<br \/>\n    Koji L\u00e1szl\u00f3 elmondta, hogy az \u00c9VOSZ az \u00e9p\u00edt\u0151ipar helyzet\u00e9r\u0151l folyamatosan egyeztet a korm\u00e1ny k\u00e9pvisel\u0151ivel, a legut\u00f3bbi t\u00e1rgyal\u00e1son az akci\u00f3terv kidolgoz\u00e1sa mellett \u00e9p\u00fcletenergetikai \u00e9s az \u00e1gazat feh\u00e9r\u00edt\u00e9s\u00e9re vonatkoz\u00f3 javaslatokat is bemutattak.<br \/>\n    Az eredeti tervek szerint 2021 janu\u00e1r 1-t\u0151l l\u00e9pnek \u00e9letbe az \u00faj \u00e9p\u00fcletenergetikai el\u0151\u00edr\u00e1sok, a szaksz\u00f6vets\u00e9g azonban javasolta a korm\u00e1nynak, hogy adjon f\u00e9l \u00e9ves halad\u00e9kot az \u00fcgyben, mert a j\u00e1rv\u00e1ny miatt sok l\u00e9tes\u00edtm\u00e9ny \u00e1tad\u00e1sa j\u00f6v\u0151 \u00e9v elej\u00e9re fog cs\u00faszni.<br \/>\n<div class=\"ads-in-post1\"><div id=\"gazdasagportal.hu_fullbanner_wideboard\"><\/div>\r\n<\/div>\n    Az \u00e9p\u00edt\u00e9si piac feh\u00e9r\u00edt\u00e9s\u00e9n\u00e9l pedig azt javasolt\u00e1k, hogy az \u00e9p\u00edt\u00e9si beruh\u00e1z\u00e1si c\u00e9l\u00fa k\u00f6zbeszerz\u00e9sekn\u00e9l csak azok a c\u00e9gek tehessenek aj\u00e1nlatot, amelyek bizony\u00edtani tudj\u00e1k, hogy dolgoz\u00f3iknak megfizetik az elv\u00e1rt b\u00e9rminimumot, amelynek el kell \u00e9rnie a nemzetgazdas\u00e1gi \u00e1tlagnak legal\u00e1bb a 70 sz\u00e1zal\u00e9k\u00e1t.<br \/>\n    Koji L\u00e1szl\u00f3 2020-r\u00f3l megjegyezte, az \u00e9p\u00edt\u0151ipar teljes\u00edt\u00e9si \u00e9rt\u00e9ke id\u00e9n, 2018-hoz hasonl\u00f3an 4000 milli\u00e1rd forint, az eredm\u00e9nnyel a szaksz\u00f6vets\u00e9g el\u00e9gedett.<br \/>\n    Elmondta, hogy a koronav\u00edrus-j\u00e1rv\u00e1ny az \u00e9p\u00edt\u0151iparban csak most a m\u00e1sodik hull\u00e1mban okozott cs\u00fasz\u00e1sokat: k\u00f6r\u00fclbel\u00fcl 2000-2500 lak\u00e1s \u00e1tad\u00e1sa tol\u00f3dik a j\u00e1rv\u00e1ny miatt j\u00f6v\u0151re. Ennek k\u00f6vetkezt\u00e9ben b\u00e1r az \u00c9VOSZ \u00e9v elej\u00e9n m\u00e9g 25 000 \u00faj lak\u00e1s \u00e1tad\u00e1s\u00e1val sz\u00e1molt, ez a sz\u00e1m az el\u0151rejelz\u00e9s\u00fck szerint az \u00e9v v\u00e9g\u00e9re nem lesz t\u00f6bb 23 ezern\u00e9l.(MTI)<\/p>\n","protected":false},"excerpt":{"rendered":"<p>A korm\u00e1nyzat otthonteremt\u00e9si programj\u00e1nak, valamint az id\u00e9n el\u0151k\u00e9sz\u00edtett \u00e9s a j\u00f6v\u0151re indul\u00f3 beruh\u00e1z\u00e1soknak k\u00f6sz\u00f6nhet\u0151en az \u00e9p\u00edt\u0151ipar 2021 els\u0151 negyed\u00e9v\u00e9nek a v\u00e9g\u00e9re l\u00e9phet t\u00fal a koronav\u00edrus-j\u00e1rv\u00e1ny k\u00f6vetkezm\u00e9nyein &#8211; mondta az \u00c9p\u00edt\u00e9si V\u00e1llalkoz\u00f3k Orsz\u00e1gos Szaksz\u00f6vets\u00e9g\u00e9nek (\u00c9VOSZ) eln\u00f6ke p\u00e9nteken az MTI-nek.<\/p>\n","protected":false},"author":1001006,"featured_media":0,"comment_status":"closed","ping_status":"open","sticky":false,"template":"","format":"standard","meta":[],"categories":[19],"tags":[],"_links":{"self":[{"href":"https:\/\/gazdasagportal.hu\/index.php\/wp-json\/wp\/v2\/posts\/131649"}],"collection":[{"href":"https:\/\/gazdasagportal.hu\/index.php\/wp-json\/wp\/v2\/posts"}],"about":[{"href":"https:\/\/gazdasagportal.hu\/index.php\/wp-json\/wp\/v2\/types\/post"}],"author":[{"embeddable":true,"href":"https:\/\/gazdasagportal.hu\/index.php\/wp-json\/wp\/v2\/users\/1001006"}],"replies":[{"embeddable":true,"href":"https:\/\/gazdasagportal.hu\/index.php\/wp-json\/wp\/v2\/comments?post=131649"}],"version-history":[{"count":1,"href":"https:\/\/gazdasagportal.hu\/index.php\/wp-json\/wp\/v2\/posts\/131649\/revisions"}],"predecessor-version":[{"id":131650,"href":"https:\/\/gazdasagportal.hu\/index.php\/wp-json\/wp\/v2\/posts\/131649\/revisions\/131650"}],"wp:attachment":[{"href":"https:\/\/gazdasagportal.hu\/index.php\/wp-json\/wp\/v2\/media?parent=131649"}],"wp:term":[{"taxonomy":"category","embeddable":true,"href":"https:\/\/gazdasagportal.hu\/index.php\/wp-json\/wp\/v2\/categories?post=131649"},{"taxonomy":"post_tag","embeddable":true,"href":"https:\/\/gazdasagportal.hu\/index.php\/wp-json\/wp\/v2\/tags?post=131649"}],"curies":[{"name":"wp","href":"https:\/\/api.w.org\/{rel}","templated":true}]}}