{"id":131552,"date":"2020-12-01T15:14:31","date_gmt":"2020-12-01T14:14:31","guid":{"rendered":"http:\/\/gazdasagportal.hu\/?p=131552"},"modified":"2020-12-01T15:14:31","modified_gmt":"2020-12-01T14:14:31","slug":"autowallis-11-szazalekkal-bovulo-arbevetel-az-elso-haromnegyed-evben","status":"publish","type":"post","link":"https:\/\/gazdasagportal.hu\/index.php\/autowallis-11-szazalekkal-bovulo-arbevetel-az-elso-haromnegyed-evben\/","title":{"rendered":"AutoWallis: 11 sz\u00e1zal\u00e9kkal b\u0151v\u00fcl\u0151 \u00e1rbev\u00e9tel az els\u0151 h\u00e1romnegyed \u00e9vben"},"content":{"rendered":"<p><strong>Az AutoWallis 62,6 milli\u00e1rd forintos \u00e1rbev\u00e9tellel \u00e9s 1,8 milli\u00e1rd forintos EBITDA-val z\u00e1rta az els\u0151 h\u00e1romnegyed \u00e9vet. A 11 sz\u00e1zal\u00e9kos \u00e1rbev\u00e9tel-b\u0151v\u00fcl\u00e9s jelent\u0151sen meghaladja Magyarorsz\u00e1g, az Eur\u00f3pai Uni\u00f3 \u00e9s a r\u00e9gi\u00f3 aut\u00f3piacainak teljes\u00edtm\u00e9ny\u00e9t. A kedvez\u0151 sz\u00e1mok t\u00f6bb t\u00e9nyez\u0151nek k\u00f6sz\u00f6nhet\u0151ek: a COVID-19 j\u00e1rv\u00e1ny okozta visszaes\u00e9st k\u00f6vet\u0151en a harmadik negyed\u00e9vben m\u00e1r organikus n\u00f6veked\u00e9s is tapasztalhat\u00f3 volt, emellett pedig a v\u00e1llalat hat jelent\u0151s \u00fczletfejleszt\u00e9st \u00e9s akviz\u00edci\u00f3t hajtott v\u00e9gre id\u00e9n. Ez ut\u00f3bbiak r\u00e9szben m\u00e1r \u00e9reztett\u00e9k pozit\u00edv hat\u00e1sukat, de teljes m\u00e9rt\u00e9kben csak a 2021-es sz\u00e1mokban jelentkeznek majd.<\/strong><!--more--><\/p>\n<div class=\"ads-in-post1\"><div id=\"gazdasagportal.hu_fullbanner_wideboard\"><\/div>\r\n<\/div>\n<p><strong>\u00a0<\/strong><\/p>\n<p>Kih\u00edv\u00e1sokkal teli kilenc h\u00f3napot tudhat maga m\u00f6g\u00f6tt a glob\u00e1lis aut\u00f3piac, els\u0151sorban a COVID-19 j\u00e1rv\u00e1ny negat\u00edv gazdas\u00e1gi hat\u00e1sai miatt, azonban az AutoWallis gazd\u00e1lkod\u00e1si adatai \u00e9s az id\u00e9n bejelentett hat jelent\u0151s \u00fczletfejleszt\u00e9s \u00e9s akviz\u00edci\u00f3 is azt mutatj\u00e1k, hogy m\u00e9g ilyen negat\u00edv k\u00f6rnyezetben is lehet organikus \u00e9s akviz\u00edci\u00f3s \u00faton n\u00f6vekedni. Ormosy G\u00e1bor, az AutoWallis vez\u00e9rigazgat\u00f3ja ezzel kapcsolatban elmondta, hogy a v\u00e1llalat \u2013 az idei, el\u0151re nem l\u00e1that\u00f3 negat\u00edv k\u00f6rnyezet ellen\u00e9re \u2013 j\u00f3 \u00faton halad a 2019-ben meghirdetett n\u00f6veked\u00e9si strat\u00e9gi\u00e1nak megval\u00f3s\u00edt\u00e1s\u00e1ban. Eml\u00e9keztetett, hogy terveikben azzal sz\u00e1molnak: 2018-as \u00e1rbev\u00e9tel\u00fcket 2024-re megdupl\u00e1zz\u00e1k. <strong>Az AutoWallis az idei els\u0151 h\u00e1romnegyed \u00e9vben 11,2 sz\u00e1zal\u00e9kkal 62,6 milli\u00e1rd forintra n\u00f6velte \u00e1rbev\u00e9tel\u00e9t r\u00e9szben akviz\u00edci\u00f3k \u00e9s organikus n\u00f6veked\u00e9s hat\u00e1s\u00e1ra.<\/strong> Ezzel szemben az Eur\u00f3pai Uni\u00f3 (EU, EFTA, Egyes\u00fclt Kir\u00e1lys\u00e1g) \u00faj szem\u00e9lyg\u00e9pj\u00e1rm\u0171-piac\u00e1ra ebben az id\u0151szakban 29,3 sz\u00e1zal\u00e9kkal, m\u00edg a magyar piac 21,7 sz\u00e1zal\u00e9kkal esett.<\/p>\n<p>Az AutoWallis h\u00e1rom \u00fczlet\u00e1ga elt\u00e9r\u0151 teljes\u00edtm\u00e9nyt mutatott: a <strong>Nemzetk\u00f6zi disztrib\u00faci\u00f3s \u00fczlet\u00e1g <\/strong>\u00e1rbev\u00e9tele 11,2 sz\u00e1zal\u00e9kkal 26,3 milli\u00e1rd forintra emelkedett, mik\u00f6zben az \u00e9rt\u00e9kes\u00edt\u00e9si darabsz\u00e1m enn\u00e9l nagyobb m\u00e9rt\u00e9kben, 26,6 sz\u00e1zal\u00e9kkal b\u0151v\u00fclt. Ennek oka, hogy a n\u00f6veked\u00e9s alacsonyabb \u00e1tlagos elad\u00e1si \u00e1rak mellett val\u00f3sult meg r\u00e9szben a term\u00e9kmix kisebb j\u00e1rm\u0171vek fel\u00e9 t\u00f6rt\u00e9n\u0151 eltol\u00f3d\u00e1sa, valamint a balk\u00e1ni piacokon megval\u00f3s\u00edtott jelent\u0151s sz\u00e1m\u00fa, de az \u00e1tlagosn\u00e1l l\u00e9nyegesen alacsonyabb \u00e1rr\u00e9s-tartalm\u00fa flotta\u00e9rt\u00e9kes\u00edt\u00e9sek miatt. A <strong>Belf\u00f6ldi disztrib\u00faci\u00f3s \u00fczlet\u00e1g <\/strong>\u00e1rbev\u00e9tele 17,4 sz\u00e1zal\u00e9kkal 31,3 milli\u00e1rd forintra, m\u00edg az \u00e9rt\u00e9kes\u00edtett darabsz\u00e1m 19 sz\u00e1zal\u00e9kkal emelkedett, ami l\u00e9nyegesen jobb teljes\u00edtm\u00e9ny a magyar piac zsugorod\u00e1s\u00e1hoz k\u00e9pest. Ehhez hozz\u00e1j\u00e1rult, hogy az AutoWallis n\u00f6veked\u00e9s\u00e9t az organikus er\u0151s\u00f6d\u00e9s mellett \u00fczletfejleszt\u00e9sek is t\u00e1mogatt\u00e1k (az \u00e1prilisban megnyitott Jaguar Land Rover m\u00e1rkakeresked\u00e9s, a Wallis Kerepesi, valamint az ICL Aut\u00f3h\u00e1z 2020. harmadik negyed\u00e9ves forgalma). A kedvez\u0151tlen k\u00f6rnyezetnek, a turizmus \u00e9s \u00fczleti c\u00e9l\u00fa utaz\u00e1sok visszaes\u00e9s\u00e9nek, \u00edgy a rep\u00fcl\u0151t\u00e9ri forgalom csaknem teljes le\u00e1ll\u00e1s\u00e1nak legjobban kitett <strong>Aut\u00f3ipari szolg\u00e1ltat\u00f3i \u00fczlet\u00e1g<\/strong> (amelybe a szerviz-szolg\u00e1ltat\u00e1sok \u00e9s az aut\u00f3k\u00f6lcs\u00f6nz\u00e9s is tartozik) \u00e1rbev\u00e9tele 16,4 sz\u00e1zal\u00e9kkal cs\u00f6kkent annak ellen\u00e9re, hogy a menedzsment mindent megtett annak \u00e9rdek\u00e9ben, hogy a rendelkez\u00e9sre \u00e1ll\u00f3 b\u00e9rbeadhat\u00f3 flotta m\u00e9ret\u00e9t cs\u00f6kkentse, illetve alternat\u00edvan (p\u00e9ld\u00e1ul fut\u00e1rszolg\u00e1ltat\u00e1sokra) hasznos\u00edtsa. A szerviztev\u00e9kenys\u00e9g 10 sz\u00e1zal\u00e9kkal, 41.733 \u00f3r\u00e1ra b\u0151v\u00fclt, ami annak k\u00f6sz\u00f6nhet\u0151, hogy az els\u0151 f\u00e9l\u00e9ves cs\u00f6kken\u00e9st a trendfordulat \u00e9s a harmadik negyed\u00e9vben \u00fajonnan beker\u00fclt le\u00e1nyv\u00e1llalatok szerviztev\u00e9kenys\u00e9g\u00e9nek hat\u00e1sa egy\u00fctt ellens\u00falyozta. Ugyanakkor a g\u00e9pj\u00e1rm\u0171k\u00f6lcs\u00f6nz\u00e9s kapcs\u00e1n kalkul\u00e1lt flottam\u00e9ret 26 sz\u00e1zal\u00e9kkal 437-ra, a b\u00e9rleti esem\u00e9nyek sz\u00e1ma 63,6 sz\u00e1zal\u00e9kkal 6.976-re cs\u00f6kkent, ami az \u00e1rbev\u00e9telt \u00e9s eredm\u00e9nyess\u00e9get kedvez\u0151tlen\u00fcl befoly\u00e1solta.<\/p><div id=\"gazda-3497030788\" class=\"gazda-tartalomban gazda-entity-placement\"><script async src=\"https:\/\/pagead2.googlesyndication.com\/pagead\/js\/adsbygoogle.js\"><\/script>\r\n<ins class=\"adsbygoogle\"\r\n     style=\"display:block\"\r\n     data-ad-format=\"fluid\"\r\n     data-ad-layout-key=\"-6t+ed+2i-1n-4w\"\r\n     data-ad-client=\"ca-pub-1959107119989764\"\r\n     data-ad-slot=\"4008251320\"><\/ins>\r\n<script>\r\n     (adsbygoogle = window.adsbygoogle || []).push({});\r\n<\/script><\/div>\n<div class=\"ads-in-post1\"><div id=\"gazdasagportal.hu_fullbanner_wideboard\"><\/div>\r\n<\/div>\n<strong>Ormosy G\u00e1bor kiemelte, hogy a<\/strong><strong>z els\u0151 kilenc h\u00f3nap adatai r\u00e9szben m\u00e1r tartalmazz\u00e1k az idei \u00e9v hat jelent\u0151s \u00fczletfejleszt\u00e9s\u00e9t \u00e9s akviz\u00edci\u00f3j\u00e1t, <\/strong><strong>ugyanakkor azok teljes m\u00e9rt\u00e9kben csak a 2021-es sz\u00e1mokban jelentkeznek <\/strong>(az \u00e9rintett tranzakci\u00f3k: a legnagyobb magyar Opel \u00e9s KIA keresked\u00e9s megszerz\u00e9se; a Jaguar \u00e9s Land Rover modellek magyarorsz\u00e1gi forgalmaz\u00e1s\u00e1nak megkezd\u00e9se; a legnagyobb szlov\u00e9n BMW m\u00e1rkakeresked\u00e9s \u00e1tv\u00e9tele; r\u00e9szesed\u00e9sszerz\u00e9s a Nyugat-Magyarorsz\u00e1gon meghat\u00e1roz\u00f3 poz\u00edci\u00f3j\u00fa, h\u00e9t jelent\u0151s aut\u00f3m\u00e1rk\u00e1t \u00e9rt\u00e9kes\u00edt\u0151 \u00e9s szervizel\u0151 Inici\u00e1l Aut\u00f3h\u00e1zban; az Opel import\u0151ri jog megszerz\u00e9se Bosznia-Hercegovin\u00e1ban, Horv\u00e1torsz\u00e1gban, Szlov\u00e9ni\u00e1ban \u00e9s Magyarorsz\u00e1gon; valamint a szlov\u00e9n Avto Aktiv tervezett \u00e1tv\u00e9tele, mely n\u00e9gy v\u00e1rosban \u00e9rt\u00e9kes\u00edt \u00e9s szervizel BMW, MINI, Jaguar, Land Rover, Toyota \u00e9s Suzuki j\u00e1rm\u0171veket).<\/p>\n<p>Az AutoWallis <strong>eredm\u00e9nyess\u00e9g\u00e9t legjobban bemutat\u00f3 EBITDA <\/strong>(p\u00e9nz\u00fcgyi t\u00e9telekt\u0151l tiszt\u00edtott, ad\u00f3z\u00e1s \u00e9s \u00e9rt\u00e9kcs\u00f6kken\u00e9si le\u00edr\u00e1s el\u0151tti eredm\u00e9ny) az els\u0151 h\u00e1romnegyed \u00e9vben 1,8 milli\u00e1rd forint volt, mely 28,5 sz\u00e1zal\u00e9kkal marad el az el\u0151z\u0151 \u00e9v hasonl\u00f3 id\u0151szak\u00e1hoz k\u00e9pest, r\u00e9szben a k\u00fcls\u0151 negat\u00edv k\u00f6rnyezet \u00e9s egyszeri hat\u00e1sok miatt. A <strong>teljes \u00e1tfog\u00f3 eredm\u00e9ny<\/strong> 211 milli\u00f3 forint vesztes\u00e9g volt az egyszeri negat\u00edv t\u00e9telek miatt, azonban azok n\u00e9lk\u00fcl az els\u0151 h\u00e1romnegyed \u00e9vben a v\u00e1llalat 95 milli\u00f3 forintos nyeres\u00e9get realiz\u00e1lt volna. Az eredm\u00e9ny elmarad\u00e1s\u00e1t els\u0151dlegesen a koronav\u00edrus okozta rep\u00fcl\u0151t\u00e9ri forgalom teljes le\u00e1ll\u00e1sa miatt visszaesett aut\u00f3ipari szolg\u00e1ltat\u00e1sok okozt\u00e1k, emellett pedig hozz\u00e1j\u00e1rult a Nemzetk\u00f6zi Disztrib\u00faci\u00f3s \u00fczlet\u00e1g \u00e1tmenetileg visszaes\u0151 fedezettermel\u0151 k\u00e9pess\u00e9ge is. Az <em>eladott \u00e1ruk beszerz\u00e9si \u00e9rt\u00e9ke<\/em><em> (EL\u00c1B\u00c9)<\/em> 12,5 sz\u00e1zal\u00e9kkal 55 milli\u00e1rd forintra n\u0151tt, melynek f\u0151 oka, hogy az Aut\u00f3ipari szolg\u00e1ltat\u00f3i \u00fczlet\u00e1g els\u0151sorban aut\u00f3k\u00f6lcs\u00f6nz\u00e9si \u00e1rbev\u00e9tel\u00e9nek drasztikus visszaes\u00e9s\u00e9t nem tudta azonnal k\u00f6vetni a b\u00e9rbead\u00e1sra tartott aut\u00f3k k\u00f6lts\u00e9g\u00e9nek szintje. Az <em>ig\u00e9nybe vett szolg\u00e1ltat\u00e1sok k\u00f6lts\u00e9ge<\/em> 5,4 sz\u00e1zal\u00e9kkal 2,4 milli\u00e1rd forintra, a <em>szem\u00e9lyi jelleg\u0171 r\u00e1ford\u00edt\u00e1sok\u00e9 pedig<\/em> 25,2 sz\u00e1zal\u00e9kkal 1,6 milli\u00e1rd forintra (a csoport \u00e1tlagos statisztikai l\u00e9tsz\u00e1ma 436 f\u0151re n\u0151tt) emelkedett.<\/p>\n<div class=\"ads-in-post1\"><div id=\"gazdasagportal.hu_fullbanner_wideboard\"><\/div>\r\n<\/div>\n<p>Ez ut\u00f3bbi a tavalyi \u00e9vhez hasonl\u00f3an meghaladta a forgalomv\u00e1ltoz\u00e1s \u00e1tlag\u00e1t, amiben m\u00e1r megjelentek az \u00e1prilisban megnyitott \u00faj budapesti Jaguar Land Rover aut\u00f3keresked\u00e9s \u00e9s szerviz elind\u00edt\u00e1s\u00e1hoz sz\u00fcks\u00e9ges \u00faj munkaer\u0151felv\u00e9tel okozta szem\u00e9ly jelleg\u0171 r\u00e1ford\u00edt\u00e1sok, valamint a harmadik negyed\u00e9vben az AutoWallis csoporthoz csatlakozott Wallis Kerepesi id\u0151ar\u00e1nyos szem\u00e9lyi jelleg\u0171 r\u00e1ford\u00edt\u00e1sai is.<\/p>\n<p><a href=\"https:\/\/gazdasagportal.hu\/wp-content\/uploads\/2020\/12\/20201201-1.png\"><img decoding=\"async\" loading=\"lazy\" class=\"aligncenter size-full wp-image-131553\" src=\"https:\/\/gazdasagportal.hu\/wp-content\/uploads\/2020\/12\/20201201-1.png\" alt=\"\" width=\"986\" height=\"661\" srcset=\"https:\/\/gazdasagportal.hu\/wp-content\/uploads\/2020\/12\/20201201-1.png 986w, https:\/\/gazdasagportal.hu\/wp-content\/uploads\/2020\/12\/20201201-1-300x201.png 300w, https:\/\/gazdasagportal.hu\/wp-content\/uploads\/2020\/12\/20201201-1-768x515.png 768w\" sizes=\"(max-width: 986px) 100vw, 986px\" \/><\/a><\/p>\n<p><a href=\"https:\/\/gazdasagportal.hu\/wp-content\/uploads\/2020\/12\/20201201-2.png\"><img decoding=\"async\" loading=\"lazy\" class=\"aligncenter size-full wp-image-131554\" src=\"https:\/\/gazdasagportal.hu\/wp-content\/uploads\/2020\/12\/20201201-2.png\" alt=\"\" width=\"977\" height=\"999\" srcset=\"https:\/\/gazdasagportal.hu\/wp-content\/uploads\/2020\/12\/20201201-2.png 977w, https:\/\/gazdasagportal.hu\/wp-content\/uploads\/2020\/12\/20201201-2-293x300.png 293w, https:\/\/gazdasagportal.hu\/wp-content\/uploads\/2020\/12\/20201201-2-768x785.png 768w\" sizes=\"(max-width: 977px) 100vw, 977px\" \/><\/a><\/p>\n<p>&nbsp;<\/p>\n<p><strong>Az AutoWallis Nyrt.<\/strong><\/p>\n<p>A Budapesti \u00c9rt\u00e9kt\u0151zsde Pr\u00e9mium kateg\u00f3ri\u00e1j\u00e1ban, valamint a BUX \u00e9s BUMIX indexekben jegyzett AutoWallis Nyrt. c\u00e9lja, hogy 2029-re a k\u00f6z\u00e9p-kelet-eur\u00f3pai r\u00e9gi\u00f3 meghat\u00e1roz\u00f3 mobilit\u00e1si szolg\u00e1ltat\u00f3ja legyen. A v\u00e1llalat 2018-as, nemzetk\u00f6zi p\u00e9nz\u00fcgyi besz\u00e1mol\u00e1si standardok (IFRS) alapj\u00e1n sz\u00e1m\u00edtott konszolid\u00e1lt 65,5 milli\u00e1rdos \u00e1rbev\u00e9tel\u00e9nek dupl\u00e1z\u00e1s\u00e1t tervezi 2024-re, melyet el\u0151sorban organikus \u00faton akar el\u00e9rni. A v\u00e1llalat c\u00e9lja emellett, hogy az aut\u00f3ipari befektet\u00e9sekre f\u00f3kusz\u00e1l\u00f3 befektet\u00e9si portf\u00f3li\u00f3j\u00e1nak folyamatos, akviz\u00edci\u00f3s \u00faton t\u00f6rt\u00e9n\u0151 sz\u00e9les\u00edt\u00e9s\u00e9vel klasszikus, konzervat\u00edv \u00fczletpolitik\u00e1t k\u00e9pvisel\u0151 vagyonkezel\u0151k\u00e9nt m\u0171k\u00f6dj\u00f6n. Az AutoWallis csoport a k\u00f6z\u00e9p-kelet-eur\u00f3pai r\u00e9gi\u00f3 14 orsz\u00e1g\u00e1ban (Alb\u00e1nia, Bosznia-Hercegovina, Csehorsz\u00e1g, Bulg\u00e1ria, Horv\u00e1torsz\u00e1g, Koszov\u00f3, Lengyelorsz\u00e1g, Rom\u00e1nia, Szerbia, Szlov\u00e1kia, Szlov\u00e9nia, \u00c9szak-Maced\u00f3nia, Magyarorsz\u00e1g, Montenegr\u00f3) g\u00e9pj\u00e1rm\u0171- \u00e9s alkatr\u00e9sz kis- \u00e9s nagykereskedelemmel, szerviz szolg\u00e1ltat\u00e1sokkal, r\u00f6vid- \u00e9s hossz\u00fa t\u00e1v\u00fa g\u00e9pj\u00e1rm\u0171-k\u00f6lcs\u00f6nz\u00e9ssel van jelen. A csoport tagjai k\u00f6z\u00e9 tartozik a Wallis Automotive Europe, a Wallis British Motors, a Wallis Motor Pest, a Wallis Motor Duna, a Wallis Kerepesi, a Wallis Aut\u00f3k\u00f6lcs\u00f6nz\u0151, valamint az Inici\u00e1l Aut\u00f3h\u00e1z. A csoport \u00e1ltal k\u00e9pviselt m\u00e1rk\u00e1k k\u00f6z\u00e9 tartoznak a BMW szem\u00e9lyaut\u00f3k \u00e9s motorker\u00e9kp\u00e1rok, a Citro\u00ebn, a Dacia, az Isuzu, a Jaguar, a Land Rover, a Maserati, a MINI, a Nissan, az Opel, a Peugeot, a Renault, a Ssangyong, a Suzuki, a Toyota, a Saab alkatr\u00e9szek ut\u00e1np\u00f3tl\u00e1sa \u00e9s a Sixt rent-a-car. <a href=\"http:\/\/www.autowallis.hu\" target=\"_blank\" rel=\"noopener\">www.autowallis.hu<\/a><\/p>\n","protected":false},"excerpt":{"rendered":"<p>Az AutoWallis 62,6 milli\u00e1rd forintos \u00e1rbev\u00e9tellel \u00e9s 1,8 milli\u00e1rd forintos EBITDA-val z\u00e1rta az els\u0151 h\u00e1romnegyed \u00e9vet. A 11 sz\u00e1zal\u00e9kos \u00e1rbev\u00e9tel-b\u0151v\u00fcl\u00e9s jelent\u0151sen meghaladja Magyarorsz\u00e1g, az Eur\u00f3pai Uni\u00f3 \u00e9s a r\u00e9gi\u00f3 aut\u00f3piacainak teljes\u00edtm\u00e9ny\u00e9t. A kedvez\u0151 sz\u00e1mok t\u00f6bb t\u00e9nyez\u0151nek k\u00f6sz\u00f6nhet\u0151ek: a COVID-19 j\u00e1rv\u00e1ny okozta visszaes\u00e9st k\u00f6vet\u0151en a harmadik negyed\u00e9vben m\u00e1r organikus n\u00f6veked\u00e9s is tapasztalhat\u00f3 volt, emellett pedig a &#8230;<\/p>\n","protected":false},"author":1001006,"featured_media":0,"comment_status":"closed","ping_status":"open","sticky":false,"template":"","format":"standard","meta":[],"categories":[7],"tags":[],"_links":{"self":[{"href":"https:\/\/gazdasagportal.hu\/index.php\/wp-json\/wp\/v2\/posts\/131552"}],"collection":[{"href":"https:\/\/gazdasagportal.hu\/index.php\/wp-json\/wp\/v2\/posts"}],"about":[{"href":"https:\/\/gazdasagportal.hu\/index.php\/wp-json\/wp\/v2\/types\/post"}],"author":[{"embeddable":true,"href":"https:\/\/gazdasagportal.hu\/index.php\/wp-json\/wp\/v2\/users\/1001006"}],"replies":[{"embeddable":true,"href":"https:\/\/gazdasagportal.hu\/index.php\/wp-json\/wp\/v2\/comments?post=131552"}],"version-history":[{"count":1,"href":"https:\/\/gazdasagportal.hu\/index.php\/wp-json\/wp\/v2\/posts\/131552\/revisions"}],"predecessor-version":[{"id":131555,"href":"https:\/\/gazdasagportal.hu\/index.php\/wp-json\/wp\/v2\/posts\/131552\/revisions\/131555"}],"wp:attachment":[{"href":"https:\/\/gazdasagportal.hu\/index.php\/wp-json\/wp\/v2\/media?parent=131552"}],"wp:term":[{"taxonomy":"category","embeddable":true,"href":"https:\/\/gazdasagportal.hu\/index.php\/wp-json\/wp\/v2\/categories?post=131552"},{"taxonomy":"post_tag","embeddable":true,"href":"https:\/\/gazdasagportal.hu\/index.php\/wp-json\/wp\/v2\/tags?post=131552"}],"curies":[{"name":"wp","href":"https:\/\/api.w.org\/{rel}","templated":true}]}}