{"id":131550,"date":"2020-12-01T14:41:28","date_gmt":"2020-12-01T13:41:28","guid":{"rendered":"http:\/\/gazdasagportal.hu\/?p=131550"},"modified":"2020-12-01T14:41:28","modified_gmt":"2020-12-01T13:41:28","slug":"bankszovetseg-felgyorsitja-a-digitalis-felzarkozast-a-jotett-bank","status":"publish","type":"post","link":"https:\/\/gazdasagportal.hu\/index.php\/bankszovetseg-felgyorsitja-a-digitalis-felzarkozast-a-jotett-bank\/","title":{"rendered":"Banksz\u00f6vets\u00e9g: felgyors\u00edtja a digit\u00e1lis felz\u00e1rk\u00f3z\u00e1st a J\u00d3TETT Bank"},"content":{"rendered":"<p><strong>Orsz\u00e1gos informatikai \u00e9s okoseszk\u00f6z adom\u00e1nyoz\u00e1si programot ind\u00edtott a J\u00d3TETT Bank a h\u00e1tr\u00e1nyos helyzet\u0171 iskol\u00e1k, pedag\u00f3gusok, di\u00e1kok sz\u00e1m\u00e1ra, a Digit\u00e1lis Gyors\u00edt\u00f3s\u00e1v programban t\u00f6bb mint k\u00e9tezer eszk\u00f6z ker\u00fcl gyerekekhez \u00e9s iskol\u00e1kba karitat\u00edv szervezeteken kereszt\u00fcl &#8211; t\u00e1j\u00e9koztatta a Magyar Banksz\u00f6vets\u00e9g keddi k\u00f6zlem\u00e9ny\u00e9ben az MTI-t.<\/strong><!--more--><\/p>\n<p>    A szervezet a novemberben meghirdetett J\u00d3TETT Bank kezdem\u00e9nyez\u00e9se keret\u00e9ben ind\u00edtotta el a Digit\u00e1lis Gyors\u00edt\u00f3s\u00e1v programot. Karitat\u00edv szervezetek \u00e9s szakmai t\u00e1mogat\u00f3 partnerek \u00f6sszefog\u00e1s\u00e1val indul az orsz\u00e1gos IT-eszk\u00f6z adom\u00e1nyoz\u00e1s, a csatlakoz\u00f3 hitelint\u00e9zetek a m\u00e1r nem haszn\u00e1lt, de j\u00f3l m\u0171k\u00f6d\u0151 eszk\u00f6z\u00f6k \u00f6sszegy\u0171jt\u00e9s\u00e9n \u00e9s \u00e1tad\u00e1s\u00e1n k\u00edv\u00fcl \u00faj berendez\u00e9sek v\u00e1s\u00e1rl\u00e1s\u00e1val is seg\u00edtik a r\u00e1szorul\u00f3kat.<br \/>\n<div class=\"ads-in-post1\"><div id=\"gazdasagportal.hu_fullbanner_wideboard\"><\/div>\r\n<\/div>\n    Szektorszint\u0171 \u00f6sszefog\u00e1ssal ker\u00fclnek az IT-berendez\u00e9sek \u00e9s okoseszk\u00f6z\u00f6k december els\u0151 het\u00e9t\u0151l janu\u00e1r els\u0151 het\u00e9ig folyamatosan a csal\u00e1dokhoz, valamint az iskol\u00e1kba &#8211; jelezte a k\u00f6zlem\u00e9nyben Jelasity Radov\u00e1n, a Magyar Banksz\u00f6vets\u00e9g eln\u00f6ke. Hozz\u00e1tette: az adom\u00e1nyoz\u00e1s f\u0151 c\u00e9lja, hogy a h\u00e1tr\u00e1nyos helyzet\u0171 csal\u00e1dokban egyszer\u0171bb\u00e9 v\u00e1ljon a digit\u00e1lis oktat\u00e1shoz t\u00f6rt\u00e9n\u0151 csatlakoz\u00e1s, illetve a digit\u00e1lis tud\u00e1st\u00e1r el\u00e9r\u00e9se.<br \/>\n    Az \u00f6sszefog\u00e1sban 23 szervezet vesz r\u00e9szt, a bankszektor \u00e9s a szakmai partnerek munk\u00e1j\u00e1t a Magyar M\u00e1ltai Szeretetszolg\u00e1lat, a Magyar Reform\u00e1tus Szeretetszolg\u00e1lat \u00e9s a Humanit\u00e1s Szoci\u00e1lis Alap\u00edtv\u00e1ny seg\u00edti. A fert\u0151tlen\u00edt\u00e9s ut\u00e1n kisz\u00e1ll\u00edtott eszk\u00f6z\u00f6k\u00f6n az alap oper\u00e1ci\u00f3s rendszer mellett a Microsoft iskolaprogramj\u00e1ban rendelkez\u00e9sre \u00e1ll\u00f3 O365 keretrendszer is el\u00e9rhet\u0151.<br \/>\n    Becsei Andr\u00e1s, a Magyar Banksz\u00f6vets\u00e9g aleln\u00f6ke a k\u00f6zlem\u00e9ny szerint kiemelte, hogy a koronav\u00edrus-j\u00e1rv\u00e1ny miatt Magyarorsz\u00e1gon is jelent\u0151sen emelkedett a digit\u00e1lis banki szolg\u00e1ltat\u00e1sok ig\u00e9nybev\u00e9tele, olyan \u00fcgyfelek kezdtek online bankolni, akik kor\u00e1bban idegenkedtek ett\u0151l a szolg\u00e1ltat\u00e1st\u00f3l. A bankszektor heti 12-15 sz\u00e1zal\u00e9kos n\u00f6veked\u00e9st tapasztalt a vesz\u00e9lyhelyzet id\u0151szak\u00e1ban az online, mobil csatorn\u00e1kra t\u00f6rt\u00e9n\u0151 \u00faj bejelentkez\u00e9sek sz\u00e1m\u00e1ban.<br \/>\n<div class=\"ads-in-post1\"><div id=\"gazdasagportal.hu_fullbanner_wideboard\"><\/div>\r\n<\/div>\n    Az \u00e1tt\u00e9r\u00e9s a digit\u00e1lis csatorn\u00e1kra tart\u00f3snak l\u00e1tszik, az adatok szerint azok az \u00fcgyfelek, akik egyszer kipr\u00f3b\u00e1lt\u00e1k valamelyik digit\u00e1lis csatorn\u00e1t, 75 sz\u00e1zal\u00e9kban tov\u00e1bbra is akt\u00edv haszn\u00e1l\u00f3k maradnak.(MTI)<\/p>\n","protected":false},"excerpt":{"rendered":"<p>Orsz\u00e1gos informatikai \u00e9s okoseszk\u00f6z adom\u00e1nyoz\u00e1si programot ind\u00edtott a J\u00d3TETT Bank a h\u00e1tr\u00e1nyos helyzet\u0171 iskol\u00e1k, pedag\u00f3gusok, di\u00e1kok sz\u00e1m\u00e1ra, a Digit\u00e1lis Gyors\u00edt\u00f3s\u00e1v programban t\u00f6bb mint k\u00e9tezer eszk\u00f6z ker\u00fcl gyerekekhez \u00e9s iskol\u00e1kba karitat\u00edv szervezeteken kereszt\u00fcl &#8211; t\u00e1j\u00e9koztatta a Magyar Banksz\u00f6vets\u00e9g keddi k\u00f6zlem\u00e9ny\u00e9ben az MTI-t.<\/p>\n","protected":false},"author":1001006,"featured_media":0,"comment_status":"closed","ping_status":"open","sticky":false,"template":"","format":"standard","meta":[],"categories":[19],"tags":[],"_links":{"self":[{"href":"https:\/\/gazdasagportal.hu\/index.php\/wp-json\/wp\/v2\/posts\/131550"}],"collection":[{"href":"https:\/\/gazdasagportal.hu\/index.php\/wp-json\/wp\/v2\/posts"}],"about":[{"href":"https:\/\/gazdasagportal.hu\/index.php\/wp-json\/wp\/v2\/types\/post"}],"author":[{"embeddable":true,"href":"https:\/\/gazdasagportal.hu\/index.php\/wp-json\/wp\/v2\/users\/1001006"}],"replies":[{"embeddable":true,"href":"https:\/\/gazdasagportal.hu\/index.php\/wp-json\/wp\/v2\/comments?post=131550"}],"version-history":[{"count":1,"href":"https:\/\/gazdasagportal.hu\/index.php\/wp-json\/wp\/v2\/posts\/131550\/revisions"}],"predecessor-version":[{"id":131551,"href":"https:\/\/gazdasagportal.hu\/index.php\/wp-json\/wp\/v2\/posts\/131550\/revisions\/131551"}],"wp:attachment":[{"href":"https:\/\/gazdasagportal.hu\/index.php\/wp-json\/wp\/v2\/media?parent=131550"}],"wp:term":[{"taxonomy":"category","embeddable":true,"href":"https:\/\/gazdasagportal.hu\/index.php\/wp-json\/wp\/v2\/categories?post=131550"},{"taxonomy":"post_tag","embeddable":true,"href":"https:\/\/gazdasagportal.hu\/index.php\/wp-json\/wp\/v2\/tags?post=131550"}],"curies":[{"name":"wp","href":"https:\/\/api.w.org\/{rel}","templated":true}]}}