{"id":131486,"date":"2020-11-29T10:52:57","date_gmt":"2020-11-29T09:52:57","guid":{"rendered":"http:\/\/gazdasagportal.hu\/?p=131486"},"modified":"2020-11-29T10:52:57","modified_gmt":"2020-11-29T09:52:57","slug":"koronavirus-meghalt-156-beteg-6819-cel-nott-a-fertozottek-szama-magyarorszagon","status":"publish","type":"post","link":"https:\/\/gazdasagportal.hu\/index.php\/koronavirus-meghalt-156-beteg-6819-cel-nott-a-fertozottek-szama-magyarorszagon\/","title":{"rendered":"Koronav\u00edrus &#8211; Meghalt 156 beteg, 6819-cel n\u0151tt a fert\u0151z\u00f6ttek sz\u00e1ma Magyarorsz\u00e1gon"},"content":{"rendered":"<p><strong>Meghalt 156, t\u00f6bbs\u00e9g\u00e9ben id\u0151s, kr\u00f3nikus beteg, \u00e9s \u00fajabb 6819 magyar \u00e1llampolg\u00e1rn\u00e1l mutatt\u00e1k ki a koronav\u00edrus-fert\u0151z\u00e9st &#8211; k\u00f6z\u00f6lte a koronavirus.gov.hu vas\u00e1rnap.<\/strong><!--more--><\/p>\n<p>    A korm\u00e1nyzati port\u00e1lon azt \u00edrt\u00e1k: 211 527-re n\u0151tt a Magyarorsz\u00e1gon azonos\u00edtott fert\u0151z\u00f6ttek sz\u00e1ma. Az elhunytak\u00e9 4672-re emelkedett, a gy\u00f3gyultak sz\u00e1ma 55 637.<br \/>\n    Az igazolt fert\u0151z\u00f6ttek sz\u00e1m\u00e1ban megjelennek a ment\u0151k \u00e1ltal, a sz\u0171r\u0151buszokon \u00e9s a k\u00f3rh\u00e1zi dolgoz\u00f3k k\u00f6r\u00e9ben gyorstesztel\u00e9ssel kisz\u0171rtek is. A b\u00f6lcs\u0151dei, \u00f3vodai, iskolai \u00e9s szoci\u00e1lis dolgoz\u00f3kn\u00e1l v\u00e9gzett c\u00e9lzott, csoportos tesztel\u00e9s \u00f6sszes\u00edtett eredm\u00e9nye j\u00f6v\u0151 h\u00e9t elej\u00e9n v\u00e1rhat\u00f3 &#8211; tudatt\u00e1k.<br \/>\n<div class=\"ads-in-post1\"><div id=\"gazdasagportal.hu_fullbanner_wideboard\"><\/div>\r\n<\/div>\n    Az akt\u00edv fert\u0151z\u00f6ttek sz\u00e1ma 151 218. Az akt\u00edv fert\u0151z\u00f6ttek 20 sz\u00e1zal\u00e9ka, az elhunytak 24 sz\u00e1zal\u00e9ka, a gy\u00f3gyultak 26 sz\u00e1zal\u00e9ka budapesti.<br \/>\n    K\u00f3rh\u00e1zban 7590 koronav\u00edrusos beteget \u00e1polnak, k\u00f6z\u00fcl\u00fck 657-en vannak l\u00e9legeztet\u0151g\u00e9pen.<br \/>\n    Hat\u00f3s\u00e1gi h\u00e1zi karant\u00e9nban 50 227-en vannak, a mintav\u00e9telek sz\u00e1ma 1 639 076-ra emelkedett.<br \/>\n    Kiemelt\u00e9k: eg\u00e9sz Eur\u00f3p\u00e1ban exponenci\u00e1lisan n\u0151 a fert\u0151z\u00f6ttek sz\u00e1ma, egyre t\u00f6bben ig\u00e9nyelnek k\u00f3rh\u00e1zi ell\u00e1t\u00e1st. A j\u00e1rv\u00e1nyt meg\u00e1ll\u00edtani nem lehet, a c\u00e9l a j\u00e1rv\u00e1ny lass\u00edt\u00e1sa \u00e9s a k\u00f3rh\u00e1zak teljes\u00edt\u0151k\u00e9pess\u00e9g\u00e9nek v\u00e9delme. Ezt szolg\u00e1lj\u00e1k a vesz\u00e9lyhelyzettel kihirdetett \u00fajabb v\u00e9delmi int\u00e9zked\u00e9sek &#8211; \u00edrt\u00e1k.<br \/>\n    Este 8 \u00f3ra \u00e9s reggel 5 \u00f3ra k\u00f6z\u00f6tt kij\u00e1r\u00e1si tilalom van, amely al\u00f3l p\u00e9ld\u00e1ul az igazoltan munk\u00e1ba j\u00e1r\u00f3k mentes\u00fclnek. A rend\u0151rs\u00e9g a tilalom megszeg\u00e9se miatt eddig 7697 esetben int\u00e9zkedett &#8211; ismertett\u00e9k.<br \/>\n    Az \u00e9lelmiszer\u00fczletekben, patik\u00e1kban, drog\u00e9ri\u00e1kban h\u00e9tk\u00f6znapokon 9-11, h\u00e9tv\u00e9g\u00e9n 8-10 \u00f3ra k\u00f6z\u00f6tt csak 65 \u00e9v felettiek l\u00e9phetnek be, de az id\u0151sek m\u00e1s id\u0151pontban is v\u00e1s\u00e1rolhatnak.<br \/>\n    Az \u00fczletek &#8211; a gy\u00f3gyszert\u00e1rak \u00e9s a benzinkutak kiv\u00e9tel\u00e9vel &#8211; este 7 \u00f3r\u00e1ig maradhatnak nyitva, majd a kij\u00e1r\u00e1si tilalom lej\u00e1rt\u00e1val, teh\u00e1t leghamarabb reggel 5 \u00f3rakor nyithatnak ki. A rendeletben nem eml\u00edtett szolg\u00e1ltat\u00f3k \u00e9s szolg\u00e1ltat\u00e1sok &#8211; p\u00e9ld\u00e1ul fodr\u00e1sz, massz\u0151r, szem\u00e9lyi edz\u0151 &#8211; a szokott rendben m\u0171k\u00f6dhetnek, a kij\u00e1r\u00e1si tilalom szab\u00e1lyainak betart\u00e1sa mellett.<br \/>\n<div class=\"ads-in-post1\"><div id=\"gazdasagportal.hu_fullbanner_wideboard\"><\/div>\r\n<\/div>\n    A maszkvisel\u00e9ssel \u00e9s t\u00e1vols\u00e1gtart\u00e1ssal kapcsolatos eddigi szab\u00e1lyok tov\u00e1bbra is \u00e9rv\u00e9nyesek. A 10 ezern\u00e9l t\u00f6bb lakos\u00fa telep\u00fcl\u00e9sek egyes k\u00f6zter\u00fcletein is k\u00f6telez\u0151 a maszkvisel\u00e9s. A ter\u00fcletek kijel\u00f6l\u00e9se a polg\u00e1rmesterek feladata. Sporttev\u00e9kenys\u00e9g k\u00f6zben, a parkokban, z\u00f6ldter\u00fcleteken a maszk visel\u00e9se tov\u00e1bbra sem k\u00f6telez\u0151.<br \/>\n    Minden gy\u00fclekez\u00e9s tilos. Az \u00e9ttermekben vend\u00e9g csak az \u00e9tel elvitele miatt tart\u00f3zkodhat. A sz\u00e1llod\u00e1k turist\u00e1kat nem fogadhatnak, csak \u00fczleti, gazdas\u00e1gi vagy oktat\u00e1si c\u00e9lb\u00f3l \u00e9rkez\u0151 vend\u00e9geket. Mindennem\u0171 rendezv\u00e9ny tilos, ide\u00e9rtve a kultur\u00e1lis esem\u00e9nyeket \u00e9s a kar\u00e1csonyi v\u00e1s\u00e1rokat. A sportm\u00e9rk\u0151z\u00e9seket z\u00e1rt kapuk m\u00f6g\u00f6tt kell megtartani. A szabadid\u0151s l\u00e9tes\u00edtm\u00e9nyek haszn\u00e1lata tilos, bele\u00e9rtve a fitnesztermeket, a fedett uszod\u00e1kat, a m\u00fazeumokat, a k\u00f6nyvt\u00e1rakat, a mozikat, az \u00e1llatkerteket, a korcsolyap\u00e1ly\u00e1kat.<br \/>\n    A b\u00f6lcs\u0151d\u00e9k, az \u00f3vod\u00e1k \u00e9s az \u00e1ltal\u00e1nos iskol\u00e1k a 8. oszt\u00e1lyig a megszokott rend szerint nyitva tartanak, a k\u00f6z\u00e9piskol\u00e1k \u00e9s egyetemek digit\u00e1lis munkarendre t\u00e9rtek \u00e1t &#8211; \u00edrt\u00e1k.<br \/>\n    Mag\u00e1n- \u00e9s csal\u00e1di rendezv\u00e9nyek legfeljebb t\u00edz ember r\u00e9szv\u00e9tel\u00e9vel tarthat\u00f3k meg. Temet\u00e9sen legfeljebb \u00f6tvenen vehetnek r\u00e9szt. Esk\u00fcv\u0151k lakodalom n\u00e9lk\u00fcl rendezhet\u0151k meg, de azokon is csak meghat\u00e1rozott emberek vehetnek r\u00e9szt.<br \/>\n<div class=\"ads-in-post1\"><div id=\"gazdasagportal.hu_fullbanner_wideboard\"><\/div>\r\n<\/div>\n    A k\u00f6zter\u00fcleteken ingyenes a parkol\u00e1s. A kereskedelmi c\u00e9l\u00fa P+R parkol\u00f3, parkol\u00f3h\u00e1z, parkol\u00f3gar\u00e1zs, z\u00e1rt felsz\u00edni parkol\u00f3 \u00e9s nem z\u00e1rt felsz\u00edni parkol\u00f3 d\u00edjfizet\u00e9s n\u00e9lk\u00fcl vehet\u0151 ig\u00e9nybe este 7-t\u0151l reggel 7 \u00f3r\u00e1ig. Ezt az \u00fczemeltet\u0151 k\u00f6teles lehet\u0151v\u00e9 tenni.<br \/>\n    K\u00f6z\u00f6lt\u00e9k azt is: a rend\u0151rs\u00e9g szigor\u00faan ellen\u0151rzi a szab\u00e1lyok betart\u00e1s\u00e1t, p\u00e9nzb\u00edrs\u00e1got szabhat ki, \u00e9s azokat a helyeket, ahol nem tartj\u00e1k be az el\u0151\u00edr\u00e1sokat, bez\u00e1rja. Hozz\u00e1tett\u00e9k: a katon\u00e1k az orsz\u00e1g t\u00f6bb v\u00e1ros\u00e1ban t\u00e1mogatj\u00e1k a rend\u0151r\u00f6k munk\u00e1j\u00e1t, \u00e9s 93 k\u00f3rh\u00e1zban tehermentes\u00edtik az eg\u00e9szs\u00e9g\u00fcgyi dolgoz\u00f3kat.<br \/>\n    Elkezd\u0151d\u00f6tt az eg\u00e9szs\u00e9g\u00fcgyi, a szoci\u00e1lis, a b\u00f6lcs\u0151dei, az \u00f3vodai dolgoz\u00f3k \u00e9s a pedag\u00f3gusok gyorstesztel\u00e9se, amelyben orvosi, eg\u00e9szs\u00e9g\u00fcgyi k\u00e9pz\u00e9sben r\u00e9szt vev\u0151k is seg\u00edtenek k\u00e9thetes, fizetett gyakorlat r\u00e9szek\u00e9nt &#8211; \u00edrt\u00e1k.<br \/>\n    Hangs\u00falyozt\u00e1k, hogy Magyarorsz\u00e1gon mindenkinek jut k\u00f3rh\u00e1zi \u00e1gy, ell\u00e1t\u00e1s, l\u00e9legeztet\u0151g\u00e9p, \u00e9s a most bevezetett v\u00e9delmi int\u00e9zked\u00e9sekkel az a c\u00e9l, hogy ez \u00edgy is maradjon. Ahhoz, hogy a n\u00f6vekv\u0151 betegsz\u00e1mmal a koronav\u00edrusos betegek k\u00f3rh\u00e1zi ell\u00e1t\u00e1sa tov\u00e1bbra is biztos\u00edtott legyen, \u00fajabb kapacit\u00e1sn\u00f6vel\u0151 int\u00e9zked\u00e9seket rendeltek el: a halaszthat\u00f3 m\u0171t\u00e9teket felf\u00fcggesztett\u00e9k, b\u0151v\u00fclt az ell\u00e1t\u00e1sba bevont k\u00f3rh\u00e1zak \u00e9s a koronav\u00edrusos betegeknek fenntartott k\u00f3rh\u00e1zi \u00e1gyak sz\u00e1ma.<br \/>\n    Kit\u00e9rtek arra is: a korm\u00e1ny minden lehets\u00e9ges k\u00fclf\u00f6ldi vakcin\u00e1r\u00f3l t\u00e1rgyal, eddig 12 milli\u00f3 adag olt\u00f3anyagot k\u00f6t\u00f6tt le h\u00e1rom gy\u00e1rt\u00f3n\u00e1l.<br \/>\n    Kiemelten fontos az id\u0151sek \u00e9s kr\u00f3nikus betegek v\u00e9delme &#8211; hangs\u00falyozt\u00e1k. A k\u00f3rh\u00e1zakban \u00e9s az id\u0151sotthonokban l\u00e1togat\u00e1si tilalom van.<br \/>\n<div class=\"ads-in-post1\"><div id=\"gazdasagportal.hu_fullbanner_wideboard\"><\/div>\r\n<\/div>\n    K\u00f6z\u00f6lt\u00e9k: a korm\u00e1ny az eg\u00e9szs\u00e9g\u00fcgyi v\u00e9dekez\u00e9s fenntart\u00e1sa mellett, tov\u00e1bbi gazdas\u00e1gv\u00e9delmi \u00e9s csal\u00e1dv\u00e9delmi int\u00e9zked\u00e9seken is dolgozik.<br \/>\n    Az oldal t\u00e9rk\u00e9pe alapj\u00e1n eddig Budapesten (45 918) \u00e9s Pest megy\u00e9ben (27 272) regisztr\u00e1lt\u00e1k a legt\u00f6bb fert\u0151z\u00f6ttet. Ezt k\u00f6veti Gy\u0151r-Moson-Sopron (13 883), Borsod-Aba\u00faj-Zempl\u00e9n (12 814) \u00e9s Hajd\u00fa-Bihar megye (11 015). A fert\u0151z\u00e9sben legkev\u00e9sb\u00e9 \u00e9rintett megye Tolna (3237).(MTI)<\/p>\n","protected":false},"excerpt":{"rendered":"<p>Meghalt 156, t\u00f6bbs\u00e9g\u00e9ben id\u0151s, kr\u00f3nikus beteg, \u00e9s \u00fajabb 6819 magyar \u00e1llampolg\u00e1rn\u00e1l mutatt\u00e1k ki a koronav\u00edrus-fert\u0151z\u00e9st &#8211; k\u00f6z\u00f6lte a koronavirus.gov.hu vas\u00e1rnap.<\/p>\n","protected":false},"author":1001006,"featured_media":124314,"comment_status":"closed","ping_status":"open","sticky":false,"template":"","format":"standard","meta":[],"categories":[146,4,427],"tags":[],"_links":{"self":[{"href":"https:\/\/gazdasagportal.hu\/index.php\/wp-json\/wp\/v2\/posts\/131486"}],"collection":[{"href":"https:\/\/gazdasagportal.hu\/index.php\/wp-json\/wp\/v2\/posts"}],"about":[{"href":"https:\/\/gazdasagportal.hu\/index.php\/wp-json\/wp\/v2\/types\/post"}],"author":[{"embeddable":true,"href":"https:\/\/gazdasagportal.hu\/index.php\/wp-json\/wp\/v2\/users\/1001006"}],"replies":[{"embeddable":true,"href":"https:\/\/gazdasagportal.hu\/index.php\/wp-json\/wp\/v2\/comments?post=131486"}],"version-history":[{"count":1,"href":"https:\/\/gazdasagportal.hu\/index.php\/wp-json\/wp\/v2\/posts\/131486\/revisions"}],"predecessor-version":[{"id":131487,"href":"https:\/\/gazdasagportal.hu\/index.php\/wp-json\/wp\/v2\/posts\/131486\/revisions\/131487"}],"wp:featuredmedia":[{"embeddable":true,"href":"https:\/\/gazdasagportal.hu\/index.php\/wp-json\/wp\/v2\/media\/124314"}],"wp:attachment":[{"href":"https:\/\/gazdasagportal.hu\/index.php\/wp-json\/wp\/v2\/media?parent=131486"}],"wp:term":[{"taxonomy":"category","embeddable":true,"href":"https:\/\/gazdasagportal.hu\/index.php\/wp-json\/wp\/v2\/categories?post=131486"},{"taxonomy":"post_tag","embeddable":true,"href":"https:\/\/gazdasagportal.hu\/index.php\/wp-json\/wp\/v2\/tags?post=131486"}],"curies":[{"name":"wp","href":"https:\/\/api.w.org\/{rel}","templated":true}]}}