{"id":131465,"date":"2020-11-28T05:34:18","date_gmt":"2020-11-28T04:34:18","guid":{"rendered":"http:\/\/gazdasagportal.hu\/?p=131465"},"modified":"2020-11-27T21:50:45","modified_gmt":"2020-11-27T20:50:45","slug":"koronavirus-megkezdodott-az-orosz-hadsereg-szemelyi-allomanyanak-beoltasa","status":"publish","type":"post","link":"https:\/\/gazdasagportal.hu\/index.php\/koronavirus-megkezdodott-az-orosz-hadsereg-szemelyi-allomanyanak-beoltasa\/","title":{"rendered":"Koronav\u00edrus &#8211; Megkezd\u0151d\u00f6tt az orosz hadsereg szem\u00e9lyi \u00e1llom\u00e1ny\u00e1nak beolt\u00e1sa"},"content":{"rendered":"<p><strong>Megkezd\u0151d\u00f6tt az orosz fegyveres er\u0151k szem\u00e9lyi \u00e1llom\u00e1ny\u00e1nak beolt\u00e1sa, amelynek keret\u00e9ben t\u00f6bb mint 400 ezren kapj\u00e1k majd meg az \u00faj t\u00edpus\u00fa koronav\u00edrus elleni vakcin\u00e1t &#8211; jelentette be Szergej Sojgu v\u00e9delmi miniszter p\u00e9nteken a t\u00e1rca vezet\u0151i koll\u00e9gium\u00e1nak \u00fcl\u00e9s\u00e9n.<\/strong><!--more--><\/p>\n<p>    Elmondta, hogy eddig a fegyveres er\u0151kn\u00e9l 2500 embert oltottak be, \u00e9s ez a sz\u00e1m az \u00e9v v\u00e9g\u00e9ig el\u00e9ri a 80 ezret. K\u00f6z\u00f6lte, hogy 500 ember bevon\u00e1s\u00e1val k\u00eds\u00e9rletek folynak a fert\u0151z\u00e9s ellen beoltott katon\u00e1k antitesttartalm\u00fa v\u00e9rplazm\u00e1j\u00e1val val\u00f3 gy\u00f3gy\u00edt\u00e1ssal.<br \/>\n<div class=\"ads-in-post1\"><div id=\"gazdasagportal.hu_fullbanner_wideboard\"><\/div>\r\n<\/div>\n    Besz\u00e1mol\u00f3ja szerint a fegyveres er\u0151kn\u00e9l az elm\u00falt k\u00e9t h\u00e9t sor\u00e1n folyamatosan cs\u00f6kkent a fert\u0151z\u00f6ttek ar\u00e1nya a gy\u00f3gyultakhoz k\u00e9pest. A katonai k\u00f3rh\u00e1zakban nyolcezer \u00faj koronav\u00edrusos beteg \u00e1pol\u00e1s\u00e1ra alkalmas f\u00e9r\u0151helyet hoztak l\u00e9tre, amelyeknek fel\u00e9t civil betegek ell\u00e1t\u00e1s\u00e1ra haszn\u00e1lj\u00e1k. 59 tomogr\u00e1f seg\u00edts\u00e9g\u00e9vel napi k\u00e9tezer vizsg\u00e1latot v\u00e9geznek el.<br \/>\n    Mint mondta, a hadsereg a j\u00e1rv\u00e1ny kezdete \u00f3ta az orsz\u00e1g 19 r\u00e9gi\u00f3j\u00e1ban egy-egy t\u00f6bbfunkci\u00f3s eg\u00e9szs\u00e9g\u00fcgyi k\u00f6zpontot \u00e9p\u00edtett fel, \u00e9s tov\u00e1bbi \u00f6t l\u00e9trehoz\u00e1s\u00e1n dolgozik. Orosz katonai orvosszak\u00e9rt\u0151k jelenleg az orsz\u00e1g kilenc r\u00e9gi\u00f3j\u00e1ban \u00e9s hat k\u00fclf\u00f6ldi orsz\u00e1gban vesznek r\u00e9szt a polg\u00e1ri lakoss\u00e1g gy\u00f3gy\u00edt\u00e1s\u00e1ban.<br \/>\n    Kirill Adzinov, az orosz bel\u00fcgyminiszt\u00e9rium migr\u00e1ci\u00f3\u00fcgyi hivatalvezet\u0151-helyettese az orosz parlament fels\u0151h\u00e1z\u00e1ban p\u00e9nteken kijelentette, hogy v\u00e1rhat\u00f3an 2021 nyar\u00e1ig meg fogj\u00e1k hosszabb\u00edtani azoknak a k\u00fclf\u00f6ldieknek \u00e9s hontalanoknak a tart\u00f3zkod\u00e1si enged\u00e9ly\u00e9t, akiknek ez a j\u00e1rv\u00e1nyhelyzet miatt 2020. m\u00e1rcius 15. ut\u00e1n lej\u00e1rt. Az enged\u00e9lyt Vlagyimir Putyin eln\u00f6k szeptemberben kiadott rendelet\u00e9vel december 15-ig hosszabb\u00edtotta meg.<br \/>\n<div class=\"ads-in-post1\"><div id=\"gazdasagportal.hu_fullbanner_wideboard\"><\/div>\r\n<\/div>\n    Dmitrij Csernisenko minisztereln\u00f6k-helyettes a TASZSZ h\u00edr\u00fcgyn\u00f6ks\u00e9gnek nyilatkozva bejelentette, hogy Oroszorsz\u00e1gban a hat\u00e9konyabb v\u00e9dekez\u00e9s \u00e9rdek\u00e9ben az \u00faj koronav\u00edrusos esetek sz\u00e1m\u00e1ra bevezett\u00e9k az egys\u00e9ges 112-es seg\u00e9lyh\u00edv\u00f3 sz\u00e1mot. Ezen a j\u00f6v\u0151ben nemcsak orvosi seg\u00edts\u00e9get lehet majd k\u00e9rni, de szaktan\u00e1csot \u00e9s gy\u00f3gyszerkisz\u00e1ll\u00edt\u00e1st is.(MTI)<\/p>\n","protected":false},"excerpt":{"rendered":"<p>Megkezd\u0151d\u00f6tt az orosz fegyveres er\u0151k szem\u00e9lyi \u00e1llom\u00e1ny\u00e1nak beolt\u00e1sa, amelynek keret\u00e9ben t\u00f6bb mint 400 ezren kapj\u00e1k majd meg az \u00faj t\u00edpus\u00fa koronav\u00edrus elleni vakcin\u00e1t &#8211; jelentette be Szergej Sojgu v\u00e9delmi miniszter p\u00e9nteken a t\u00e1rca vezet\u0151i koll\u00e9gium\u00e1nak \u00fcl\u00e9s\u00e9n.<\/p>\n","protected":false},"author":1001006,"featured_media":0,"comment_status":"closed","ping_status":"open","sticky":false,"template":"","format":"standard","meta":[],"categories":[12,427],"tags":[],"_links":{"self":[{"href":"https:\/\/gazdasagportal.hu\/index.php\/wp-json\/wp\/v2\/posts\/131465"}],"collection":[{"href":"https:\/\/gazdasagportal.hu\/index.php\/wp-json\/wp\/v2\/posts"}],"about":[{"href":"https:\/\/gazdasagportal.hu\/index.php\/wp-json\/wp\/v2\/types\/post"}],"author":[{"embeddable":true,"href":"https:\/\/gazdasagportal.hu\/index.php\/wp-json\/wp\/v2\/users\/1001006"}],"replies":[{"embeddable":true,"href":"https:\/\/gazdasagportal.hu\/index.php\/wp-json\/wp\/v2\/comments?post=131465"}],"version-history":[{"count":1,"href":"https:\/\/gazdasagportal.hu\/index.php\/wp-json\/wp\/v2\/posts\/131465\/revisions"}],"predecessor-version":[{"id":131466,"href":"https:\/\/gazdasagportal.hu\/index.php\/wp-json\/wp\/v2\/posts\/131465\/revisions\/131466"}],"wp:attachment":[{"href":"https:\/\/gazdasagportal.hu\/index.php\/wp-json\/wp\/v2\/media?parent=131465"}],"wp:term":[{"taxonomy":"category","embeddable":true,"href":"https:\/\/gazdasagportal.hu\/index.php\/wp-json\/wp\/v2\/categories?post=131465"},{"taxonomy":"post_tag","embeddable":true,"href":"https:\/\/gazdasagportal.hu\/index.php\/wp-json\/wp\/v2\/tags?post=131465"}],"curies":[{"name":"wp","href":"https:\/\/api.w.org\/{rel}","templated":true}]}}