{"id":131390,"date":"2020-11-25T11:05:47","date_gmt":"2020-11-25T10:05:47","guid":{"rendered":"http:\/\/gazdasagportal.hu\/?p=131390"},"modified":"2020-11-25T11:05:47","modified_gmt":"2020-11-25T10:05:47","slug":"osszecsap-a-ketoras-idosav-a-19-oras-zarassal","status":"publish","type":"post","link":"https:\/\/gazdasagportal.hu\/index.php\/osszecsap-a-ketoras-idosav-a-19-oras-zarassal\/","title":{"rendered":"\u00d6sszecsap a k\u00e9t\u00f3r\u00e1s id\u0151s\u00e1v a 19 \u00f3r\u00e1s z\u00e1r\u00e1ssal"},"content":{"rendered":"<p style=\"font-weight: 400;\"><strong>\u00c9s 6,4 milli\u00f3 v\u00e1s\u00e1rl\u00f3 1,9 milli\u00f3val az id\u0151s\u00e1v ker\u00fclget\u00e9s\u00e9ben, amikor a fiatalabbnak kell alkalmazkodnia. K\u00e9rd\u00e9s, ki mikorra \u00e1ll\u00edtja be a vekker \u00f3r\u00e1j\u00e1t.\u00a0 A rend\u0151r\u00f6k pedig m\u00e1r lassan t\u00f6bbet j\u00e1rnak boltba, mint a v\u00e1s\u00e1rl\u00f3k. Piacokon nincs id\u0151s\u00e1v, a kor\u00e1bbiakkal szemben.<\/strong><\/p>\n<p style=\"font-weight: 400;\">Magyarorsz\u00e1g k\u00f6zel 9,8 milli\u00f3s n\u00e9pess\u00e9g\u00e9b\u0151l 1,9 milli\u00f3 a 65 \u00e9v feletti. Ez a teljes lakoss\u00e1g \u00f6t\u00f6de, nekik sz\u00f3l a v\u00e1s\u00e1rl\u00e1si id\u0151s\u00e1v, h\u00e9tk\u00f6znap 9-11 \u00f3ra k\u00f6z\u00f6tt. Nem k\u00f6nny\u0171 feladat \u0151ket ebbe igaz\u00e1n pontosan belepr\u00e9selni, ha majd a puszta ar\u00e1nyokat n\u00e9zz\u00fck.<\/p>\n<p><!--more--><\/p>\n<p style=\"font-weight: 400;\">\u00c9s h\u00e1t a f\u0151 k\u00e9rd\u00e9s, hogyan fognak ezzel \u00e9lni a 65 \u00e9v felettiek, mivel \u0151k \u00fagy egy\u00e9bk\u00e9nt akkor mehetnek v\u00e1s\u00e1rolni, amikor akarnak: ha a v\u00e9dett id\u0151s\u00e1vot v\u00e1lasztj\u00e1k, akkor \u00fagy, ha nem akkor m\u00e1skor. Nekik most szabad a v\u00e1s\u00e1r, m\u00e1r ami a v\u00e1s\u00e1rl\u00e1s id\u0151pontj\u00e1t illeti.<\/p><div id=\"gazda-2178304422\" class=\"gazda-tartalomban gazda-entity-placement\"><script async src=\"https:\/\/pagead2.googlesyndication.com\/pagead\/js\/adsbygoogle.js\"><\/script>\r\n<ins class=\"adsbygoogle\"\r\n     style=\"display:block\"\r\n     data-ad-format=\"fluid\"\r\n     data-ad-layout-key=\"-6t+ed+2i-1n-4w\"\r\n     data-ad-client=\"ca-pub-1959107119989764\"\r\n     data-ad-slot=\"4008251320\"><\/ins>\r\n<script>\r\n     (adsbygoogle = window.adsbygoogle || []).push({});\r\n<\/script><\/div>\n<div class=\"ads-in-post1\"><div id=\"gazdasagportal.hu_fullbanner_wideboard\"><\/div>\r\n<\/div>\n<p style=\"font-weight: 400;\">\u00cdgy akiknek alkalmazkodniuk kell, azok a 65 \u00e9vesn\u00e9l fiatalabb v\u00e1s\u00e1rl\u00f3k. Felt\u00e9telezve, hogy sz\u00e1mottev\u0151 ar\u00e1nyban a 15 \u00e9v felettiek v\u00e1s\u00e1rolgatnak, a v\u00e1s\u00e1rl\u00f3sz\u00e1m ut\u00e1n kutakodva, az \u0151 sz\u00e1muk 6,4 milli\u00f3 f\u0151. (A 15 \u00e9vn\u00e9l fiatalabbak is bet\u00e9vedhetnek a boltba, de az \u0151 v\u00e1s\u00e1rl\u00f3erej\u00fck nyilv\u00e1n csek\u00e9ly, sz\u00e1muk \u00fagy egy\u00e9bk\u00e9nt 1,4 milli\u00f3.) \u00cdgy az ar\u00e1nyokat a val\u00f3s v\u00e1s\u00e1rl\u00f3er\u0151h\u00f6z igaz\u00edtva, az \u00f6sszes v\u00e1s\u00e1rl\u00f3sz\u00e1m 8,3 milli\u00f3 f\u0151, ezen bel\u00fcl a v\u00e9dett koroszt\u00e1ly ar\u00e1nya\u00a0 23%.<\/p>\n<p style=\"font-weight: 400;\">\u00c9s ennek a 23%-nak jutna a v\u00e1s\u00e1rl\u00e1si id\u0151 15-17%-a h\u00e9tk\u00f6znap. Egy \u00e1tlagos \u00e9lelmiszeres bolt jellemz\u0151en reggel 6-7 \u00f3r\u00e1t\u00f3l este 19 \u00f3r\u00e1ig tart nyitva. Ez \u00edgy a puszta ar\u00e1nyokat n\u00e9zve feszesre szabott keretet jelent. A gy\u00f3gyszert\u00e1rak \u00e9s a drog\u00e9ri\u00e1k k\u00e9s\u0151bb nyitnak, viszonylatukban \u00e9lesebbek az id\u0151ar\u00e1nyok. H\u00e9tv\u00e9g\u00e9n r\u00e1ad\u00e1sul, amikor sok id\u0151s\u00e1vos bolt 13-14 \u00f3ra t\u00e1j\u00e9k\u00e1n bez\u00e1r, az ar\u00e1nyokat n\u00e9zve t\u00f6bb jut a 65 \u00e9v felettieknek ezekben a v\u00e1s\u00e1rl\u00e1si helyeken.<\/p>\n<p style=\"font-weight: 400;\">De h\u00e1t az\u00e9rt az is hozz\u00e1tartozik a k\u00e9phez, hogy a 65 \u00e9v felettiek v\u00e1s\u00e1rl\u00f3ereje kisebb a fiatalabb koroszt\u00e1ly\u00e9n\u00e1l. Az \u00e1tlagnyugd\u00edj 140 ezer forint k\u00f6r\u00fcl mozog \u00e9s a nett\u00f3 \u00e1tlagkereset fel\u00e9n\u00e9l valamivel magasabb. Igaz ugyanakkor az is, hogy b\u00e1r\u00a0a v\u00e1s\u00e1rl\u00f3i kosara kisebb az id\u0151skor\u00faaknak, de pontosan a napi cikkek azok, aminek v\u00e1s\u00e1rl\u00e1s\u00e1b\u00f3l a t\u00f6bb cikkf\u00e9les\u00e9ghez k\u00e9pest legnagyobb ar\u00e1nyban veszik ki r\u00e9sz\u00fcket.<\/p>\n<p style=\"font-weight: 400;\"><strong>Az id\u0151s\u00e1v \u00e9s a 19 \u00f3r\u00e1s z\u00e1r\u00e1s csat\u00e1ja<\/strong><\/p>\n<p style=\"font-weight: 400;\">A v\u00e1s\u00e1rl\u00f3kat eleve pontosan az id\u0151s\u00e1vos boltokban nyomja legjobban 19 \u00f3r\u00e1s bez\u00e1r\u00e1s, hiszen kor\u00e1bban ezek voltak nyitva a legk\u00e9s\u0151bbi id\u0151pontokig, a n\u00e9h\u00e1ny ezer non-stop kisboltr\u00f3l nem is besz\u00e9lve.<\/p>\n<p style=\"font-weight: 400;\">A 19 \u00f3r\u00e1s z\u00e1r\u00e1s nyom\u00e1n \u00e9rthet\u0151 okok miatt a k\u00e9s\u0151 d\u00e9lut\u00e1n \u00f3r\u00e1kban n\u0151tt a v\u00e1s\u00e1rl\u00e1s a boltokban, ez nyilv\u00e1n v\u00e1rhat\u00f3 is volt. K\u00e9rd\u00e9s most, hogy emiatt mennyire fognak \u00e9lni a 65 \u00e9v felettiek az id\u0151s\u00e1vval. Az \u00f3vatoss\u00e1guk az\u00e9rt eddig is jellemz\u0151 volt, ink\u00e1bb a d\u00e9lel\u0151tti \u00f3r\u00e1kban v\u00e1s\u00e1rolgattak. De k\u00f6z\u00fcl\u00fck is akadt, aki z\u00e1r\u00e1s el\u0151tt t\u00e9vedt be a boltba id\u0151nk\u00e9nt.\u00a0K\u00e9rd\u00e9s, hogy most be\u00e1ll\u00edtj\u00e1k-e a vekkert az id\u0151s\u00e1vra.<\/p>\n<p style=\"font-weight: 400;\">A 65 \u00e9vn\u00e9l fiatalabb v\u00e1s\u00e1rl\u00f3knak most k\u00e9t \u00f3r\u00e1val kevesebb jut bev\u00e1s\u00e1rl\u00e1sra, \u00edgy k\u00f6r\u00fckben a sz\u00e1mukra jut\u00f3 v\u00e1s\u00e1rl\u00e1si id\u0151ben nagyobb lesz a zs\u00fafolts\u00e1g. Kiv\u00e9ve, ha a 65 \u00e9v felettiek nagyobb ar\u00e1nyban berendezkednek a d\u00e9lel\u0151tti \u00e9s az id\u0151s\u00e1vos v\u00e1s\u00e1rl\u00e1sra.<\/p>\n<p style=\"font-weight: 400;\">Teh\u00e1t a 65 \u00e9v feletti v\u00e1s\u00e1rl\u00f3kon, v\u00e1laszt\u00e1sukon m\u00falik a hogyan.<\/p>\n<p style=\"font-weight: 400;\">A boltoknak sok mozg\u00e1ster\u00fck m\u00e1r nincs, hiszen kinyithatnak ugyan hajnali \u00f6tkor is (\u00e9lelmiszerboltb\u00f3l van ilyen), csak \u00e9ppen a v\u00e1s\u00e1rl\u00f3 nem biztos, hogy vel\u00fck egy\u00fctt fog \u00e9bredezni hajnalt\u00e1jt.<\/p>\n<div class=\"ads-in-post1\"><div id=\"gazdasagportal.hu_fullbanner_wideboard\"><\/div>\r\n<\/div>\n<p style=\"font-weight: 400;\">Ja, igen, \u00e9s j\u00f6n a kar\u00e1csony.<\/p>\n<p style=\"font-weight: 400;\"><strong>A rend\u0151rs\u00e9g ezt is ellen\u0151rzi: be is z\u00e1rhat boltot emiatt is<\/strong><\/p>\n<p style=\"font-weight: 400;\">A maszkviselet \u00e9s a 19 \u00f3r\u00e1s z\u00e1r\u00e1s mellett megszaporodott a rend\u0151rs\u00e9g feladata az id\u0151s\u00e1v ellen\u0151rz\u00e9s\u00e9vel is a boltokban. Ez is ugyanis a feladatuk lett. A maszkot visel\u0151 v\u00e1s\u00e1rl\u00f3kkal szemben nekik sem lesz k\u00f6nny\u0171 dolguk, de a boltosnak sem. Mindkett\u0151j\u00fcknek \u00fcgyelni\u00fck kell a rendre. Most m\u00e1r id\u0151s\u00e1v miatt is lehet boltot bez\u00e1rni, nyilv\u00e1n csak s\u00falyos esetben.<\/p>\n<p style=\"font-weight: 400;\">\u00cdgy most m\u00e1r mind a boltosnak, mind az ellen\u0151rz\u0151 rend\u0151r\u00f6knek t\u00f6bbsz\u00f6r\u00f6sen r\u00e9sen kell lenni\u00fck. A v\u00e1s\u00e1rl\u00f3k a bev\u00e1s\u00e1rl\u00f3list\u00e1t, a boltosok \u00e9s a rend\u0151r\u00f6k az ellen\u0151rizni val\u00f3k list\u00e1j\u00e1t szorongathatj\u00e1k a kez\u00fckben a boltokban.<\/p>\n<p style=\"font-weight: 400;\"><strong>M\u00e1s ez a szab\u00e1ly, mint a r\u00e9gi<\/strong><\/p>\n<p style=\"font-weight: 400;\">November 24-t\u0151l\u00a0 a\u00a065 \u00e9let\u00e9vn\u00e9l id\u0151sebbek a napi fogyaszt\u00e1si cikket \u00e9rt\u00e9kes\u00edt\u0151 \u00e9lelmiszer\u00fczletben, drog\u00e9ri\u00e1ban, gy\u00f3gyszert\u00e1rban h\u00e9tf\u0151t\u0151l p\u00e9ntekig 9.00 \u00f3ra \u00e9s 11.00 \u00f3ra k\u00f6z\u00f6tt, szombaton \u00e9s vas\u00e1rnap 8.00 \u00f3ra \u00e9s 10.00 \u00f3ra k\u00f6z\u00f6tt v\u00e1s\u00e1rolhatnak. Ekkor m\u00e1s v\u00e1s\u00e1rl\u00f3 nem lehet az \u00fczletben, m\u00e1st tilos beengedni \u00e9s kiszolg\u00e1lni. De az \u00e9lelmiszer\u00fczletben, drog\u00e9ri\u00e1ban \u00e9s gy\u00f3gyszert\u00e1rban a\u00a0 65. \u00e9let\u00e9v\u00e9t bet\u00f6lt\u00f6tt szem\u00e9ly a\u00a0 v\u00e9dett v\u00e1s\u00e1rl\u00e1si id\u0151s\u00e1von k\u00edv\u00fcl is b\u00e1rmikor v\u00e1s\u00e1rolhat.<\/p>\n<p style=\"font-weight: 400;\">Az egyik v\u00e1ltoz\u00e1s, hogy a piacokra nem terjed ki a friss szab\u00e1lyoz\u00e1s. A m\u00e1sik, hogy a k\u00e9t \u00f3ra \u00e9s a szabad v\u00e1laszt\u00e1s mellett a h\u00e9tv\u00e9ge id\u0151s\u00e1vja elt\u00e9r a h\u00e9tk\u00f6znapit\u00f3l.<\/p>\n<div class=\"ads-in-post1\"><div id=\"gazdasagportal.hu_fullbanner_wideboard\"><\/div>\r\n<\/div>\n<p style=\"font-weight: 400;\">M\u00e1rcius v\u00e9g\u00e9t\u0151l j\u00fanius k\u00f6zep\u00e9ig m\u00e1r \u00e9lt az id\u0151s\u00e1v az \u00e9lelmiszerboltokban, drog\u00e9ri\u00e1kban, gy\u00f3gyszert\u00e1rakban \u00e9s akkor m\u00e9g a piacokon is. Tartott k\u00e9t \u00e9s f\u00e9l h\u00f3napig, minden nap 9-12 \u00f3ra k\u00f6z\u00f6tt. A statisztik\u00e1ban ennek nincs nyoma, hiszen a mindennapok alapvet\u0151 port\u00e9k\u00e1ib\u00f3l az id\u0151s\u00e1v els\u00fct\u00e9sekor \u00e9ppen sp\u00e1jzoltak a v\u00e1s\u00e1rl\u00f3k, korra tekintet n\u00e9lk\u00fcl. \u00c1prilisban, m\u00e1jus els\u0151 fel\u00e9ben ezeken a boltokon k\u00edv\u00fcl m\u00e1shova nem is nagyon lehetett menni, a kij\u00e1r\u00e1si korl\u00e1toz\u00e1s miatt. Valahogyan megf\u00e9rt egym\u00e1s mellett az id\u0151s\u00e1v \u00e9s a v\u00e1s\u00e1rl\u00f3 is, b\u00e1r akkor a rend\u0151rs\u00e9gnek a maihoz hasonl\u00f3 ellen\u0151rz\u00e9si jogos\u00edtv\u00e1nyai nem voltak a boltban. Igaz ugyanakkor, hogy a 9-12 \u00f3r\u00e1s terel\u00e9s betart\u00e1s\u00e1\u00e9rt a boltos felelt akkor is. A id\u0151korl\u00e1tos id\u0151szak m\u00e1sodik fel\u00e9ben pedig m\u00e1r az\u00e9rt be-beosontak a v\u00e1s\u00e1rl\u00f3k a nekik szabott \u00f3r\u00e1kon k\u00edv\u00fcl is, de akkor m\u00e1r lesz\u00e1ll\u00f3 \u00e1gban volt a j\u00e1rv\u00e1ny.<\/p>\n<p style=\"font-weight: 400;\">(<a href=\"http:\/\/blokkk.com\/\" data-saferedirecturl=\"https:\/\/www.google.com\/url?q=http:\/\/blokkk.com&amp;source=gmail&amp;ust=1606379971789000&amp;usg=AFQjCNHYeSBtkNf4efPPXWpqgR3ooc1SoA\" target=\"_blank\" rel=\"noopener\">blokkk.com<\/a>, 2020. november 25.)<\/p>\n","protected":false},"excerpt":{"rendered":"<p>\u00c9s 6,4 milli\u00f3 v\u00e1s\u00e1rl\u00f3 1,9 milli\u00f3val az id\u0151s\u00e1v ker\u00fclget\u00e9s\u00e9ben, amikor a fiatalabbnak kell alkalmazkodnia. K\u00e9rd\u00e9s, ki mikorra \u00e1ll\u00edtja be a vekker \u00f3r\u00e1j\u00e1t.\u00a0 A rend\u0151r\u00f6k pedig m\u00e1r lassan t\u00f6bbet j\u00e1rnak boltba, mint a v\u00e1s\u00e1rl\u00f3k. Piacokon nincs id\u0151s\u00e1v, a kor\u00e1bbiakkal szemben. Magyarorsz\u00e1g k\u00f6zel 9,8 milli\u00f3s n\u00e9pess\u00e9g\u00e9b\u0151l 1,9 milli\u00f3 a 65 \u00e9v feletti. Ez a teljes lakoss\u00e1g \u00f6t\u00f6de, &#8230;<\/p>\n","protected":false},"author":1001006,"featured_media":0,"comment_status":"closed","ping_status":"open","sticky":false,"template":"","format":"standard","meta":[],"categories":[136,424,19],"tags":[],"_links":{"self":[{"href":"https:\/\/gazdasagportal.hu\/index.php\/wp-json\/wp\/v2\/posts\/131390"}],"collection":[{"href":"https:\/\/gazdasagportal.hu\/index.php\/wp-json\/wp\/v2\/posts"}],"about":[{"href":"https:\/\/gazdasagportal.hu\/index.php\/wp-json\/wp\/v2\/types\/post"}],"author":[{"embeddable":true,"href":"https:\/\/gazdasagportal.hu\/index.php\/wp-json\/wp\/v2\/users\/1001006"}],"replies":[{"embeddable":true,"href":"https:\/\/gazdasagportal.hu\/index.php\/wp-json\/wp\/v2\/comments?post=131390"}],"version-history":[{"count":1,"href":"https:\/\/gazdasagportal.hu\/index.php\/wp-json\/wp\/v2\/posts\/131390\/revisions"}],"predecessor-version":[{"id":131391,"href":"https:\/\/gazdasagportal.hu\/index.php\/wp-json\/wp\/v2\/posts\/131390\/revisions\/131391"}],"wp:attachment":[{"href":"https:\/\/gazdasagportal.hu\/index.php\/wp-json\/wp\/v2\/media?parent=131390"}],"wp:term":[{"taxonomy":"category","embeddable":true,"href":"https:\/\/gazdasagportal.hu\/index.php\/wp-json\/wp\/v2\/categories?post=131390"},{"taxonomy":"post_tag","embeddable":true,"href":"https:\/\/gazdasagportal.hu\/index.php\/wp-json\/wp\/v2\/tags?post=131390"}],"curies":[{"name":"wp","href":"https:\/\/api.w.org\/{rel}","templated":true}]}}