{"id":131322,"date":"2020-11-21T14:35:21","date_gmt":"2020-11-21T13:35:21","guid":{"rendered":"http:\/\/gazdasagportal.hu\/?p=131322"},"modified":"2020-11-21T08:37:29","modified_gmt":"2020-11-21T07:37:29","slug":"black-friday-aki-nem-lep-egyszerre-nem-kap-vasarlot-estere","status":"publish","type":"post","link":"https:\/\/gazdasagportal.hu\/index.php\/black-friday-aki-nem-lep-egyszerre-nem-kap-vasarlot-estere\/","title":{"rendered":"Black Friday: aki nem l\u00e9p egyszerre, nem kap v\u00e1s\u00e1rl\u00f3t est\u00e9re"},"content":{"rendered":"<p><strong>Vesztes\u00e9ggel h\u00fazz\u00e1k az eg\u00e9sz novemberes Black Friday-t, ami m\u00e1r nem a kar\u00e1csony el\u0151tti egyszeri rekl\u00e1m, hanem harap\u00f3s piacfoglal\u00f3sdi. Lesz megugr\u00e1s a webpiacon, de jobb\u00e1ra el\u0151rehozz\u00e1k a decemberi v\u00e1s\u00e1rl\u00e1st a v\u00e1s\u00e1rl\u00f3k. R\u00e1ad\u00e1sul a kisz\u00e1ll\u00edt\u00e1st sem b\u00edrj\u00e1k egy hat\u00e1ron t\u00fal.<\/strong><strong><\/p>\n<p><\/strong><!--more--><\/p>\n<div class=\"ads-in-post1\"><div id=\"gazdasagportal.hu_fullbanner_wideboard\"><\/div>\r\n<\/div>\n<p>Nem tudjuk, hogy h\u00e1ny \u00f3r\u00e1ra tervezte a reggeli nyit\u00e1st az eMAG a Black Friday napj\u00e1n, de reggel h\u00e9t \u00f3rakor m\u00e9g &#8222;A visszasz\u00e1ml\u00e1l\u00e1s elkezd\u0151d\u00f6tt! N\u00e9h\u00e1ny perc \u00e9s kezd\u0151dik a Black Friday!&#8221; felirat fogadta az \u00e9rdekl\u0151d\u0151ket. Ez persze lehet az \u00e9rdekl\u0151d\u00e9st felkelt\u0151 rekl\u00e1mfog\u00e1s is, hadd izguljon jobban a v\u00e1s\u00e1rl\u00f3 \u00e9s amikor m\u00e1r j\u00f3 magas a v\u00e9rnyom\u00e1sa, vigyen t\u00f6bbet. Hiszen a hagyom\u00e1nyos boltok am\u00fagy is z\u00e1rva vannak, csak 9-10 \u00f3ra t\u00e1j\u00e9k\u00e1n nyitnak, 19 \u00f3rakor pedig be kell z\u00e1rniuk, teh\u00e1t van id\u0151 b\u0151ven. De lehetett a technikai k\u00e9sz\u00fcl\u0151d\u00e9s is<\/p>\n<p>H\u00e1t igen, de a weben 24 \u00f3ra a nyitvatart\u00e1s, \u00e9s nem is lenne baj az izgalmakra hajtani, ha nem lenn\u00e9nek webes versenyt\u00e1rsak is, akik m\u00e9g az Extreme Digitaln\u00e1l \u00e9s most m\u00e1r az eMAG-n\u00e1l is bevezetett \u00e9jszakai r\u00e1k\u00e9sz\u00fcl\u00e9st kihagyj\u00e1k, egyik pillanatr\u00f3l a m\u00e1sikra v\u00e1ltanak rekl\u00e1mr\u00f3l rekl\u00e1mra.<\/p><div id=\"gazda-33514808\" class=\"gazda-tartalomban gazda-entity-placement\"><script async src=\"https:\/\/pagead2.googlesyndication.com\/pagead\/js\/adsbygoogle.js\"><\/script>\r\n<ins class=\"adsbygoogle\"\r\n     style=\"display:block\"\r\n     data-ad-format=\"fluid\"\r\n     data-ad-layout-key=\"-6t+ed+2i-1n-4w\"\r\n     data-ad-client=\"ca-pub-1959107119989764\"\r\n     data-ad-slot=\"4008251320\"><\/ins>\r\n<script>\r\n     (adsbygoogle = window.adsbygoogle || []).push({});\r\n<\/script><\/div>\n<p>\u00c9s nagyon \u00fcgyelnek arra, hogy amikor a m\u00e1sik akci\u00f3zik, \u0151 is csin\u00e1ljon valamit, mert akinek nem jut sz\u00e9k, az bizony a f\u00f6ldre huppanhat a j\u00e1t\u00e9k k\u00f6zben.<\/p>\n<p>Most egy\u00e9bk\u00e9nt ezzel sz\u00e1molunk el\u0151rejelz\u00e9s\u00fcnkben, azzal, hogy a Black Friday hat\u00e1sa az\u00e9rt \u00f6sszefon\u00f3dik a v\u00e1s\u00e1rl\u00f3k j\u00e1rv\u00e1ny miatti \u00f3vatoss\u00e1g\u00e1val is, t\u00f6bben v\u00e1s\u00e1roln\u00e1nak a weben emiatt is, de a logisztika hat\u00e1rtalanul nem fogja b\u00edrni.<\/p>\n<div class=\"ads-in-post1\"><div id=\"gazdasagportal.hu_fullbanner_wideboard\"><\/div>\r\n<\/div>\nMajd rendel\u00e9skor eld\u00f6nti a v\u00e1s\u00e1rl\u00f3, hogy kiv\u00e1rja-e a szok\u00e1sosn\u00e1l hosszabb sz\u00e1ll\u00edt\u00e1si id\u0151t, vagy m\u00e9gis ink\u00e1bb m\u00e1snap elmegy a boltba, de mindent m\u00e9rlegre dobva az\u00e9rt ugrik majd a webpiac:<\/p>\n<table width=\"755\">\n<tbody>\n<tr>\n<td><strong>\u00a0webpiac<\/strong><\/td>\n<td><strong>2017<\/strong><\/td>\n<td><strong>2018<\/strong><\/td>\n<td><strong>2019<\/strong><\/td>\n<td><strong>2020*<\/strong><\/td>\n<\/tr>\n<tr>\n<td><strong>november<\/strong><\/td>\n<td><strong>50<\/strong><\/td>\n<td><strong>70<\/strong><\/td>\n<td><strong>87<\/strong><\/td>\n<td><strong>115-120*<\/strong><\/td>\n<\/tr>\n<tr>\n<td><strong>december<\/strong><\/td>\n<td><strong>51<\/strong><\/td>\n<td><strong>66<\/strong><\/td>\n<td><strong>89<\/strong><\/td>\n<td><strong>110-115*<\/strong><\/td>\n<\/tr>\n<tr>\n<td colspan=\"5\">KSH,\u00a0<strong>\u00e9rt\u00e9k: milli\u00e1rd forint,<\/strong>\u00a0web\u00e1ruh\u00e1zak forgalma, *\/2020: el\u0151rejelz\u00e9s<\/td>\n<\/tr>\n<\/tbody>\n<\/table>\n<p><strong>Aki nem l\u00e9p egyszerre, nem kap v\u00e1s\u00e1rl\u00f3t est\u00e9re<\/strong><\/p>\n<p>A Media Markt is meg\u00e9gette mag\u00e1t m\u00e1r egyszer, nem b\u00edrta a rendszere a rohamot. Az Extreme Degital sorsz\u00e1mot osztogatott m\u00e1r az el\u0151z\u0151 \u00e9vben is, \u0151 is hagyta aludni a r\u00e1\u00e9r\u0151ket egy kicsit, most pedig az eMAG vagy a v\u00e1s\u00e1rl\u00f3kat akarta felturb\u00f3zni, vagy beleszaladt n\u00e9mi galib\u00e1ba.<\/p>\n<div class=\"ads-in-post1\"><div id=\"gazdasagportal.hu_fullbanner_wideboard\"><\/div>\r\n<\/div>\nNem v\u00e9letlen egy\u00e9bk\u00e9nt, hogy a Black Friday, az eredeti ind\u00edttat\u00e1s\u00e1t n\u00e9zve egy egynapos figyelmet felh\u00edv\u00f3 rekl\u00e1mnap a kar\u00e1csonyi roham el\u0151tt, hogyan forgatta fel a magyar webvil\u00e1got. Az elm\u00falt \u00e9vekben \u00e9vr\u0151l-\u00e9vre 30-40%-kal n\u0151tt a web\u00e1ruh\u00e1zak piaca (a hagyom\u00e1nyos boltok \u00e9lelmiszeres \u00e9s iparcikkes term\u00e9kk\u00f6r\u00e9t n\u00e9zve). Ilyen sebess\u00e9g mellett k\u00f6nny\u0171 lemaradni. V\u00e9gleg.<\/p>\n<p>A magyar web\u00e1ruh\u00e1zak az \u00e9v minden napj\u00e1n rekl\u00e1moznak, nyilv\u00e1n novemberben t\u00f6bbet. Az eMAG volt az a nagy\u00e1gy\u00fak k\u00f6z\u00fcl, aki az elm\u00falt \u00e9vekben egy h\u00e9ttel el\u0151bbre hozta a maga Black Friday napocsk\u00e1j\u00e1t a szok\u00e1sost\u00f3l. De h\u00e1t nem \u00faszta meg, el\u0151bb-ut\u00f3bb k\u00f6vett\u00e9k \u0151k a t\u00f6bbiek is. Ez lett bel\u0151le.<\/p>\n<p>Az eMAG pr\u00f3b\u00e1lta tartani a maga egy napj\u00e1t, de h\u00e1t k\u00f6zben az\u00e9rt tolta m\u00e1s n\u00e9ven az akci\u00f3it, hiszen a v\u00e1s\u00e1rl\u00f3 azt m\u00e1r megtanulta, hogy novemberben mindegy milyen napot mutat a napt\u00e1r, b\u00e1rmelyik web\u00e1ruh\u00e1zat n\u00e9zi, valami valamilyen c\u00edmen sokkal olcs\u00f3bb.<\/p>\n<p><strong>70-80-90%-os akci\u00f3 nem sok akad, de kisebbeken is buknak a legnagyobbak: vesztes\u00e9gesek<\/strong><\/p>\n<p>Mert van, ahol az az igazi, a 70-80-90%. De h\u00e1t a rekl\u00e1m p\u00e9nzbe ker\u00fcl, a le\u00e1raz\u00e1s is, hiszen a web\u00e1ruh\u00e1z lemond a bev\u00e9tele egy r\u00e9szr\u0151l. A magyar web\u00e1ruh\u00e1zak alaposan felp\u00f6rgetett hajsz\u00e1ja pedig csak vesztes\u00e9get hoz a legnagyobbak konyh\u00e1j\u00e1ra.<\/p>\n<p>Az eMAG els\u0151 \u00f6n\u00e1ll\u00f3 magyar \u00fczleti \u00e9ve az \u00fczemi eredm\u00e9nyben (az adok-kapok m\u00e9rleg\u00e9ben) 2,5 milli\u00e1rd forint vesztes\u00e9ggel z\u00e1rult (2019 \u00e1prilis 1 &#8211; m\u00e1rcius 30 k\u00f6z\u00f6tt). Az Extreme Digital legut\u00f3bbi k\u00e9t besz\u00e1mol\u00f3ja is vesztes\u00e9get mutat (0,2-0,2 milli\u00e1rd forintnyit, 2017 okt\u00f3ber 1 &#8211; 2019 szeptember 30 k\u00f6z\u00f6tt).<\/p>\n<p>A Media Markt MS E-Commerce n\u00e9ven futtatott web\u00e1ruh\u00e1za a 2017-18-as \u00fczleti \u00e9vben 0,4 milli\u00e1rd vesztes\u00e9get hozott, a 2018-19-esben viszont jav\u00edtott, az \u00fczemi eredm\u00e9nye 0,1 milli\u00e1rd forint volt (\u0151 is okt\u00f3ber 1 &#8211; szeptember 30 k\u00f6z\u00f6tt \u00f6sszegzett, de most m\u00e1r beolvadt a Media Marktba).<\/p>\n<p><strong>A v\u00e1s\u00e1rl\u00f3 persze nem hagyja ki, n\u0151 is a novemberi, decemberi webpiac<\/strong><\/p>\n<p>A web\u00e1ruh\u00e1zak persze szigor\u00faan kisz\u00e1molj\u00e1k, mib\u0151l mennyi engedm\u00e9nyt adnak, \u00e9s azt is, h\u00e1ny darabot k\u00edn\u00e1lnak akci\u00f3san. A versenyhat\u00f3s\u00e1g persze ezt ellen\u0151rzi, az pedig nagy hiba, ha valaki meghirdet egy szemreval\u00f3 akci\u00f3t, de alig k\u00edn\u00e1l bel\u0151le n\u00e9h\u00e1ny darabot, h\u00e1tha m\u00e1st vesz akkor a v\u00e1s\u00e1rl\u00f3. B\u00fcntetik is, aki lebukik.<\/p>\n<div class=\"ads-in-post1\"><div id=\"gazdasagportal.hu_fullbanner_wideboard\"><\/div>\r\n<\/div>\n\u00c9s ugyan a legnagyobb web\u00e1ruh\u00e1zak n\u00e9mi vesztes\u00e9get elb\u00edrnak, az\u00e9rt nem ez az \u00fczleti c\u00e9l. Piacot is kell szerezni, de az\u00e9rt majd a vesztes\u00e9gr\u0151l le kell szokni. Ez viszont azt jelenti, hogy az akci\u00f3 \u00e1rengedm\u00e9ny\u00e9t valahol m\u00e1shol be is kell hozni.K\u00fcl\u00f6nben j\u00f6het a red\u0151nyh\u00faz\u00e1s, vagy a del-gomb.<\/p>\n<p>\u00c9s ehhez csak egy \u00fat vezet, aki m\u00e1r le\u00fclt a maga sz\u00e9kecsk\u00e9j\u00e9re, az csak c\u00e9lzottan akci\u00f3zzon, p\u00e9ld\u00e1ul a Black Friday ne az eg\u00e9sz novembert tarolja le, hanem val\u00f3ban egy rekl\u00e1mja, el\u0151fut\u00e1ra legyen a decemberi nagybev\u00e1s\u00e1rl\u00e1snak.<\/p>\n<p>Persze, lehet, hogy \u00faj id\u0151ket \u00edrunk, \u00e9s a hagyom\u00e1nyokt\u00f3l el kell szakadni. A v\u00e1s\u00e1rl\u00f3 biztosan j\u00f3l j\u00e1r, most m\u00e1r csak az a k\u00e9rd\u00e9s, melyik web\u00e1ruh\u00e1z b\u00edrja tov\u00e1bb.<\/p>\n<p>(<a href=\"http:\/\/blokkk.com\" data-saferedirecturl=\"https:\/\/www.google.com\/url?q=http:\/\/blokkk.com&amp;source=gmail&amp;ust=1606030090308000&amp;usg=AOvVaw2JbfJwT9VMEAhEn458zkrZ\" target=\"_blank\" rel=\"noopener\">blokkk.com<\/a>)<\/p>\n","protected":false},"excerpt":{"rendered":"<p>Vesztes\u00e9ggel h\u00fazz\u00e1k az eg\u00e9sz novemberes Black Friday-t, ami m\u00e1r nem a kar\u00e1csony el\u0151tti egyszeri rekl\u00e1m, hanem harap\u00f3s piacfoglal\u00f3sdi. Lesz megugr\u00e1s a webpiacon, de jobb\u00e1ra el\u0151rehozz\u00e1k a decemberi v\u00e1s\u00e1rl\u00e1st a v\u00e1s\u00e1rl\u00f3k. R\u00e1ad\u00e1sul a kisz\u00e1ll\u00edt\u00e1st sem b\u00edrj\u00e1k egy hat\u00e1ron t\u00fal.<\/p>\n","protected":false},"author":1001005,"featured_media":21909,"comment_status":"closed","ping_status":"open","sticky":false,"template":"","format":"standard","meta":[],"categories":[146,136,424,19],"tags":[],"_links":{"self":[{"href":"https:\/\/gazdasagportal.hu\/index.php\/wp-json\/wp\/v2\/posts\/131322"}],"collection":[{"href":"https:\/\/gazdasagportal.hu\/index.php\/wp-json\/wp\/v2\/posts"}],"about":[{"href":"https:\/\/gazdasagportal.hu\/index.php\/wp-json\/wp\/v2\/types\/post"}],"author":[{"embeddable":true,"href":"https:\/\/gazdasagportal.hu\/index.php\/wp-json\/wp\/v2\/users\/1001005"}],"replies":[{"embeddable":true,"href":"https:\/\/gazdasagportal.hu\/index.php\/wp-json\/wp\/v2\/comments?post=131322"}],"version-history":[{"count":1,"href":"https:\/\/gazdasagportal.hu\/index.php\/wp-json\/wp\/v2\/posts\/131322\/revisions"}],"predecessor-version":[{"id":131323,"href":"https:\/\/gazdasagportal.hu\/index.php\/wp-json\/wp\/v2\/posts\/131322\/revisions\/131323"}],"wp:featuredmedia":[{"embeddable":true,"href":"https:\/\/gazdasagportal.hu\/index.php\/wp-json\/wp\/v2\/media\/21909"}],"wp:attachment":[{"href":"https:\/\/gazdasagportal.hu\/index.php\/wp-json\/wp\/v2\/media?parent=131322"}],"wp:term":[{"taxonomy":"category","embeddable":true,"href":"https:\/\/gazdasagportal.hu\/index.php\/wp-json\/wp\/v2\/categories?post=131322"},{"taxonomy":"post_tag","embeddable":true,"href":"https:\/\/gazdasagportal.hu\/index.php\/wp-json\/wp\/v2\/tags?post=131322"}],"curies":[{"name":"wp","href":"https:\/\/api.w.org\/{rel}","templated":true}]}}