{"id":131316,"date":"2020-11-21T10:01:09","date_gmt":"2020-11-21T09:01:09","guid":{"rendered":"http:\/\/gazdasagportal.hu\/?p=131316"},"modified":"2020-11-21T08:32:21","modified_gmt":"2020-11-21T07:32:21","slug":"donald-trump-amerikai-elnok-legidosebb-fia-is-megfertozodott-a-virussal","status":"publish","type":"post","link":"https:\/\/gazdasagportal.hu\/index.php\/donald-trump-amerikai-elnok-legidosebb-fia-is-megfertozodott-a-virussal\/","title":{"rendered":"Donald Trump amerikai eln\u00f6k legid\u0151sebb fia is megfert\u0151z\u0151d\u00f6tt a v\u00edrussal"},"content":{"rendered":"<p><strong>Donald Trump amerikai eln\u00f6k legid\u0151sebb fia, ifjabb Donald Trump is megfert\u0151z\u0151d\u00f6tt a koronav\u00edrussal &#8211; jelentette a Bloomberg News p\u00e9nteken este.<\/strong><!--more--><\/p>\n<p>    A sajt\u00f3inform\u00e1ci\u00f3 megjelen\u00e9se ut\u00e1n a sz\u00f3viv\u0151je is meger\u0151s\u00edtette t\u00f6bb amerikai telev\u00edzi\u00f3nak, hogy a 42 \u00e9ves ifjabb Donald Trump v\u00edrustesztje pozit\u00edv lett. Mint mondta: az apja v\u00e1llalatbirodalm\u00e1t ir\u00e1ny\u00edt\u00f3 ifjabb Trump t\u00fcnetmentes, karant\u00e9nban van \u00e9s k\u00f6veti az orvosok el\u0151\u00edr\u00e1sait.<br \/>\n<div class=\"ads-in-post1\"><div id=\"gazdasagportal.hu_fullbanner_wideboard\"><\/div>\r\n<\/div>\n    Kor\u00e1bban maga Trump eln\u00f6k, a first lady, Melania Trump \u00e9s k\u00f6z\u00f6s gyermek\u00fck, Barron is koronav\u00edrusos volt. Megfert\u0151z\u0151d\u00f6tt, de az\u00f3ta szint\u00e9n rendbe j\u00f6tt a Feh\u00e9r H\u00e1z t\u00f6bb munkat\u00e1rsa \u00e9s t\u00f6bb korm\u00e1nytag is.<br \/>\n    Az Egyes\u00fclt \u00c1llamok t\u00f6bb tag\u00e1llam\u00e1ban folyamatosan romlik a j\u00e1rv\u00e1nyhelyzet. Kaliforni\u00e1ban Gavin Newsom korm\u00e1nyz\u00f3 cs\u00fct\u00f6rt\u00f6kt\u0151l kij\u00e1r\u00e1si tilalmat rendelt el, csakis dolgozni, patik\u00e1ba \u00e9s \u00e9lelmiszerboltba szabad elmenni, szombatt\u00f3l kezd\u0151d\u0151en pedig este t\u00edzt\u0151l reggel \u00f6tig valamennyi, nem l\u00e9tfontoss\u00e1g\u00fa \u00fczletnek z\u00e1rva kell tartania.<br \/>\n    Az amerikai sajt\u00f3 egy r\u00e9sz\u00e9ben er\u0151teljes kritik\u00e1k \u00e9rik Newsom korm\u00e1nyz\u00f3t, mert mik\u00f6zben szigor\u00edt\u00e1sokat \u00e9s tilt\u00e1sokat l\u00e9ptetett \u00e9letbe, \u0151 maga egy sz\u00e1m\u00e1ra rendezett eleg\u00e1ns sz\u00fclet\u00e9snapi partin vett r\u00e9szt, ahol r\u00e1ad\u00e1sul senki nem viselt sz\u00e1jmaszkot. A korm\u00e1nyz\u00f3 nyilv\u00e1nosan bocs\u00e1natot is k\u00e9rt ez\u00e9rt.<br \/>\n    Wisconsinban Tony Evers korm\u00e1nyz\u00f3 p\u00e9nteken 60 napra meghosszabb\u00edtotta a k\u00f6telez\u0151 maszkvisel\u00e9st a tag\u00e1llam eg\u00e9sz ter\u00fclet\u00e9re vonatkoz\u00f3an. K\u00f6zlem\u00e9ny\u00e9ben tudatta: a wisconsini k\u00f3rh\u00e1zak telve vannak, nincs el\u00e9g szakk\u00e9pzett \u00e1pol\u00f3, \u00e9s a tag\u00e1llam valamennyi intenz\u00edv r\u00e9szleg\u00e9nek egyharmad\u00e1ban m\u00e1r Covid-19-ben megbetegedett p\u00e1cienseket kezelnek. Evers hozz\u00e1f\u0171zte: a m\u00falt h\u00e9t \u00f3ta naponta t\u00f6bb mint 6200 \u00faj fert\u0151z\u00f6ttet diagnosztiz\u00e1lnak.<br \/>\n    Szigor\u00edt\u00e1sokat vezettek be Hawaii szigetein is, ahov\u00e1 szombatt\u00f3l csakis negat\u00edv v\u00edrusteszt birtok\u00e1ban lehet beutazni.<br \/>\n<div class=\"ads-in-post1\"><div id=\"gazdasagportal.hu_fullbanner_wideboard\"><\/div>\r\n<\/div>\n    Deborah Birx, a Feh\u00e9r H\u00e1z j\u00e1rv\u00e1ny\u00fcgyi tan\u00e1csad\u00f3 csoportj\u00e1nak egyik tagja p\u00e9nteken egy telev\u00edzi\u00f3s interj\u00faban azt mondta: a j\u00e1rv\u00e1ny gyorsabban \u00e9s sz\u00e9lesebb k\u00f6rben terjed, mint azt a szakemberek el\u0151re jelezt\u00e9k. Az orvosn\u0151 arra k\u00e9rte az amerikaiakat, hogy ker\u00fclj\u00e9k a nagy l\u00e9tsz\u00e1m\u00fa, ak\u00e1r csal\u00e1di \u00f6sszej\u00f6veteleket \u00e9s az utaz\u00e1sokat is. A j\u00f6v\u0151 h\u00e9t cs\u00fct\u00f6rt\u00f6k\u00e9n lesz ugyanis a h\u00e1laad\u00e1s napja, amikor az amerikai csal\u00e1dok hagyom\u00e1nyosan \u00f6sszegy\u0171lnek, \u00e9s egy\u00fctt \u00fcnnepelnek.(MTI)<\/p>\n","protected":false},"excerpt":{"rendered":"<p>Donald Trump amerikai eln\u00f6k legid\u0151sebb fia, ifjabb Donald Trump is megfert\u0151z\u0151d\u00f6tt a koronav\u00edrussal &#8211; jelentette a Bloomberg News p\u00e9nteken este.<\/p>\n","protected":false},"author":1001005,"featured_media":0,"comment_status":"closed","ping_status":"open","sticky":false,"template":"","format":"standard","meta":[],"categories":[13,427],"tags":[],"_links":{"self":[{"href":"https:\/\/gazdasagportal.hu\/index.php\/wp-json\/wp\/v2\/posts\/131316"}],"collection":[{"href":"https:\/\/gazdasagportal.hu\/index.php\/wp-json\/wp\/v2\/posts"}],"about":[{"href":"https:\/\/gazdasagportal.hu\/index.php\/wp-json\/wp\/v2\/types\/post"}],"author":[{"embeddable":true,"href":"https:\/\/gazdasagportal.hu\/index.php\/wp-json\/wp\/v2\/users\/1001005"}],"replies":[{"embeddable":true,"href":"https:\/\/gazdasagportal.hu\/index.php\/wp-json\/wp\/v2\/comments?post=131316"}],"version-history":[{"count":1,"href":"https:\/\/gazdasagportal.hu\/index.php\/wp-json\/wp\/v2\/posts\/131316\/revisions"}],"predecessor-version":[{"id":131317,"href":"https:\/\/gazdasagportal.hu\/index.php\/wp-json\/wp\/v2\/posts\/131316\/revisions\/131317"}],"wp:attachment":[{"href":"https:\/\/gazdasagportal.hu\/index.php\/wp-json\/wp\/v2\/media?parent=131316"}],"wp:term":[{"taxonomy":"category","embeddable":true,"href":"https:\/\/gazdasagportal.hu\/index.php\/wp-json\/wp\/v2\/categories?post=131316"},{"taxonomy":"post_tag","embeddable":true,"href":"https:\/\/gazdasagportal.hu\/index.php\/wp-json\/wp\/v2\/tags?post=131316"}],"curies":[{"name":"wp","href":"https:\/\/api.w.org\/{rel}","templated":true}]}}