{"id":131301,"date":"2020-11-20T13:36:34","date_gmt":"2020-11-20T12:36:34","guid":{"rendered":"http:\/\/gazdasagportal.hu\/?p=131301"},"modified":"2020-11-20T13:36:34","modified_gmt":"2020-11-20T12:36:34","slug":"nott-a-felvezetok-globalis-eladasa-a-harmadik-negyedevben","status":"publish","type":"post","link":"https:\/\/gazdasagportal.hu\/index.php\/nott-a-felvezetok-globalis-eladasa-a-harmadik-negyedevben\/","title":{"rendered":"N\u0151tt a f\u00e9lvezet\u0151k glob\u00e1lis elad\u00e1sa a harmadik negyed\u00e9vben"},"content":{"rendered":"<p><strong>N\u0151tt a f\u00e9lvezet\u0151k glob\u00e1lis elad\u00e1sa az idei harmadik negyed\u00e9vben \u00e9ves \u00e9s negyed\u00e9ves \u00f6sszevet\u00e9sben &#8211; olvashat\u00f3 a f\u00e9lvezet\u0151k gy\u00e1rt\u00f3it t\u00f6m\u00f6r\u00edt\u0151 sz\u00f6vets\u00e9g (SIA) honlapj\u00e1n.<\/strong><!--more--><\/p>\n<p>    A szeptember v\u00e9g\u00e9n lez\u00e1rt h\u00e1rom h\u00f3napban 113,60 milli\u00e1rd doll\u00e1r \u00e9rt\u00e9kben \u00e9rt\u00e9kes\u00edtettek chipeket vil\u00e1gszerte, ami 5,8 sz\u00e1zal\u00e9kos n\u00f6veked\u00e9s \u00e9ves szinten \u00e9s 11 sz\u00e1zal\u00e9kos b\u0151v\u00fcl\u00e9s a m\u00e1sodik negyed\u00e9vvel \u00f6sszevetve.<br \/>\n<div class=\"ads-in-post1\"><div id=\"gazdasagportal.hu_fullbanner_wideboard\"><\/div>\r\n<\/div>\n    Szeptemberben az elad\u00e1sok 37,9 milli\u00e1rd doll\u00e1rt tettek ki, ez 4,5 sz\u00e1zal\u00e9ka t\u00f6bb az augusztusin\u00e1l \u00e9s 5,8 sz\u00e1zal\u00e9kkal fel\u00fclm\u00falta a tavaly szeptemberit.<br \/>\n    A f\u00e9lvezet\u0151k szeptemberi elad\u00e1sa \u00e9ves \u00f6sszevet\u00e9sben \u00c9szak- \u00e9s D\u00e9l-Amerik\u00e1ban 20,1 sz\u00e1zal\u00e9kkal, K\u00edn\u00e1ban 6,5 sz\u00e1zal\u00e9kkal, az \u00e1zsiai \u00e9s csendes-\u00f3ce\u00e1ni t\u00e9rs\u00e9gben 2,9 sz\u00e1zal\u00e9kkal n\u0151tt, ugyanakkor Jap\u00e1nban 1,8 sz\u00e1zal\u00e9kkal, Eur\u00f3p\u00e1ban pedig 9,8 sz\u00e1zal\u00e9kkal cs\u00f6kkent.<br \/>\n    Augusztussal \u00f6sszevetve szeptemberben a f\u00e9lvezet\u0151k elad\u00e1sa K\u00edn\u00e1ban 7,9 sz\u00e1zal\u00e9kkal, az \u00e1zsiai \u00e9s csendes-\u00f3ce\u00e1ni t\u00e9rs\u00e9gben 3,3 sz\u00e1zal\u00e9kkal, Eur\u00f3p\u00e1ban ugyancsak 3,3 sz\u00e1zal\u00e9kkal, \u00c9szak- \u00e9s D\u00e9l-Amerik\u00e1ban 2,2 sz\u00e1zal\u00e9kkal, Jap\u00e1nban pedig 1,5 sz\u00e1zal\u00e9kkal n\u0151tt.(mti)<\/p>\n","protected":false},"excerpt":{"rendered":"<p>N\u0151tt a f\u00e9lvezet\u0151k glob\u00e1lis elad\u00e1sa az idei harmadik negyed\u00e9vben \u00e9ves \u00e9s negyed\u00e9ves \u00f6sszevet\u00e9sben &#8211; olvashat\u00f3 a f\u00e9lvezet\u0151k gy\u00e1rt\u00f3it t\u00f6m\u00f6r\u00edt\u0151 sz\u00f6vets\u00e9g (SIA) honlapj\u00e1n.<\/p>\n","protected":false},"author":1001006,"featured_media":0,"comment_status":"closed","ping_status":"open","sticky":false,"template":"","format":"standard","meta":[],"categories":[246],"tags":[],"_links":{"self":[{"href":"https:\/\/gazdasagportal.hu\/index.php\/wp-json\/wp\/v2\/posts\/131301"}],"collection":[{"href":"https:\/\/gazdasagportal.hu\/index.php\/wp-json\/wp\/v2\/posts"}],"about":[{"href":"https:\/\/gazdasagportal.hu\/index.php\/wp-json\/wp\/v2\/types\/post"}],"author":[{"embeddable":true,"href":"https:\/\/gazdasagportal.hu\/index.php\/wp-json\/wp\/v2\/users\/1001006"}],"replies":[{"embeddable":true,"href":"https:\/\/gazdasagportal.hu\/index.php\/wp-json\/wp\/v2\/comments?post=131301"}],"version-history":[{"count":1,"href":"https:\/\/gazdasagportal.hu\/index.php\/wp-json\/wp\/v2\/posts\/131301\/revisions"}],"predecessor-version":[{"id":131302,"href":"https:\/\/gazdasagportal.hu\/index.php\/wp-json\/wp\/v2\/posts\/131301\/revisions\/131302"}],"wp:attachment":[{"href":"https:\/\/gazdasagportal.hu\/index.php\/wp-json\/wp\/v2\/media?parent=131301"}],"wp:term":[{"taxonomy":"category","embeddable":true,"href":"https:\/\/gazdasagportal.hu\/index.php\/wp-json\/wp\/v2\/categories?post=131301"},{"taxonomy":"post_tag","embeddable":true,"href":"https:\/\/gazdasagportal.hu\/index.php\/wp-json\/wp\/v2\/tags?post=131301"}],"curies":[{"name":"wp","href":"https:\/\/api.w.org\/{rel}","templated":true}]}}