{"id":131270,"date":"2020-11-19T13:17:15","date_gmt":"2020-11-19T12:17:15","guid":{"rendered":"http:\/\/gazdasagportal.hu\/?p=131270"},"modified":"2020-11-19T13:17:15","modified_gmt":"2020-11-19T12:17:15","slug":"jelentosen-nott-az-oecd-tagallamok-gazdasagi-teljesitmenye-a-harmadik-negyedevben","status":"publish","type":"post","link":"https:\/\/gazdasagportal.hu\/index.php\/jelentosen-nott-az-oecd-tagallamok-gazdasagi-teljesitmenye-a-harmadik-negyedevben\/","title":{"rendered":"Jelent\u0151sen n\u0151tt az OECD-tag\u00e1llamok gazdas\u00e1gi teljes\u00edtm\u00e9nye a harmadik negyed\u00e9vben"},"content":{"rendered":"<p><strong>Jelent\u0151sen n\u0151tt a Gazdas\u00e1gi Egy\u00fcttm\u0171k\u00f6d\u00e9si \u00e9s Fejleszt\u00e9si Szervezet (OECD) 37 tag\u00e1llam\u00e1nak gazdas\u00e1gi teljes\u00edtm\u00e9nye a harmadik negyed\u00e9vben a m\u00e1sodik negyed\u00e9vvel \u00f6sszevetve, amikor soha nem l\u00e1tott m\u00e9rt\u00e9k\u0171 volt a visszaes\u00e9s a koronav\u00edrus-j\u00e1rv\u00e1ny f\u00e9ken tart\u00e1s\u00e1t c\u00e9lz\u00f3 int\u00e9zked\u00e9sek hat\u00e1s\u00e1ra.<\/strong><!--more--><\/p>\n<div class=\"ads-in-post1\"><div id=\"gazdasagportal.hu_fullbanner_wideboard\"><\/div>\r\n<\/div>\n<p>    A p\u00e1rizsi sz\u00e9khely\u0171 korm\u00e1nyk\u00f6zi szervezet honlapj\u00e1ra cs\u00fct\u00f6rt\u00f6k\u00f6n felker\u00fclt adatok szerint a szeptember v\u00e9g\u00e9vel z\u00e1r\u00f3dott h\u00e1rom h\u00f3napban az OECD hazai \u00f6sszterm\u00e9ke (GDP) 9 sz\u00e1zal\u00e9kkal n\u0151tt az el\u0151z\u0151 h\u00e1rom h\u00f3naphoz k\u00e9pest, amikor 10,6 sz\u00e1zal\u00e9kkal esett.<br \/>\n    A legfejlettebbeket t\u00f6m\u00f6r\u00edt\u0151 G7-orsz\u00e1gcsoport GDP-je 9,1 sz\u00e1zal\u00e9kkal emelkedett a m\u00e1sodik negyed\u00e9vi 10,5 sz\u00e1zal\u00e9k es\u00e9st k\u00f6vet\u0151en. A G7-csoportban ott n\u0151tt a legjelent\u0151sebben a GDP, ahol a legnagyobb m\u00e9rt\u00e9kben cs\u00f6kkent a m\u00e1sodik negyed\u00e9vben: a gazdas\u00e1g teljes\u00edtm\u00e9nye 18,2 sz\u00e1zal\u00e9kkal n\u0151tt Franciaorsz\u00e1gban, a m\u00e1sodik negyed\u00e9vi 13,7 sz\u00e1zal\u00e9kos cs\u00f6kken\u00e9s ut\u00e1n, Olaszorsz\u00e1gban a m\u00e1sodik negyed\u00e9vi 13 sz\u00e1zal\u00e9kos GDP-es\u00e9st k\u00f6vet\u0151en a harmadik negyed\u00e9vben 16,1 sz\u00e1zal\u00e9kos n\u00f6veked\u00e9st regisztr\u00e1ltak, Nagy-Britanni\u00e1ban a 19,8 sz\u00e1zal\u00e9kos cs\u00f6kken\u00e9st 15,5 sz\u00e1zal\u00e9kos n\u00f6veked\u00e9s k\u00f6vette.<br \/>\n    Az OECD adatai szerint az Eur\u00f3pai Uni\u00f3ban a GDP 11,6 sz\u00e1zal\u00e9kkal n\u0151tt a harmadik negyed\u00e9vben a m\u00e1sodik negyed\u00e9vhez k\u00e9pest, amikor m\u00e9g 11,4 sz\u00e1zal\u00e9kkal cs\u00f6kkent a GDP. Az eur\u00f3\u00f6vezet GDP-je a m\u00e1sodik negyed\u00e9vi 11,8 sz\u00e1zal\u00e9kos es\u00e9s ut\u00e1n a harmadik negyed\u00e9vben 12,6 sz\u00e1zal\u00e9kkal b\u0151v\u00fclt.<br \/>\n<div class=\"ads-in-post1\"><div id=\"gazdasagportal.hu_fullbanner_wideboard\"><\/div>\r\n<\/div>\n    Az OECD-orsz\u00e1gok GDP-je \u00e9ves \u00f6sszevet\u00e9sben 4,1 sz\u00e1zal\u00e9kkal cs\u00f6kkent a harmadik negyed\u00e9vben a m\u00e1sodik negyed\u00e9vi 11,7 sz\u00e1zal\u00e9kos es\u00e9st k\u00f6vet\u0151en.(MTI)<\/p>\n","protected":false},"excerpt":{"rendered":"<p>Jelent\u0151sen n\u0151tt a Gazdas\u00e1gi Egy\u00fcttm\u0171k\u00f6d\u00e9si \u00e9s Fejleszt\u00e9si Szervezet (OECD) 37 tag\u00e1llam\u00e1nak gazdas\u00e1gi teljes\u00edtm\u00e9nye a harmadik negyed\u00e9vben a m\u00e1sodik negyed\u00e9vvel \u00f6sszevetve, amikor soha nem l\u00e1tott m\u00e9rt\u00e9k\u0171 volt a visszaes\u00e9s a koronav\u00edrus-j\u00e1rv\u00e1ny f\u00e9ken tart\u00e1s\u00e1t c\u00e9lz\u00f3 int\u00e9zked\u00e9sek hat\u00e1s\u00e1ra.<\/p>\n","protected":false},"author":1001006,"featured_media":0,"comment_status":"closed","ping_status":"open","sticky":false,"template":"","format":"standard","meta":[],"categories":[19],"tags":[],"_links":{"self":[{"href":"https:\/\/gazdasagportal.hu\/index.php\/wp-json\/wp\/v2\/posts\/131270"}],"collection":[{"href":"https:\/\/gazdasagportal.hu\/index.php\/wp-json\/wp\/v2\/posts"}],"about":[{"href":"https:\/\/gazdasagportal.hu\/index.php\/wp-json\/wp\/v2\/types\/post"}],"author":[{"embeddable":true,"href":"https:\/\/gazdasagportal.hu\/index.php\/wp-json\/wp\/v2\/users\/1001006"}],"replies":[{"embeddable":true,"href":"https:\/\/gazdasagportal.hu\/index.php\/wp-json\/wp\/v2\/comments?post=131270"}],"version-history":[{"count":1,"href":"https:\/\/gazdasagportal.hu\/index.php\/wp-json\/wp\/v2\/posts\/131270\/revisions"}],"predecessor-version":[{"id":131271,"href":"https:\/\/gazdasagportal.hu\/index.php\/wp-json\/wp\/v2\/posts\/131270\/revisions\/131271"}],"wp:attachment":[{"href":"https:\/\/gazdasagportal.hu\/index.php\/wp-json\/wp\/v2\/media?parent=131270"}],"wp:term":[{"taxonomy":"category","embeddable":true,"href":"https:\/\/gazdasagportal.hu\/index.php\/wp-json\/wp\/v2\/categories?post=131270"},{"taxonomy":"post_tag","embeddable":true,"href":"https:\/\/gazdasagportal.hu\/index.php\/wp-json\/wp\/v2\/tags?post=131270"}],"curies":[{"name":"wp","href":"https:\/\/api.w.org\/{rel}","templated":true}]}}