{"id":131217,"date":"2020-11-17T15:45:14","date_gmt":"2020-11-17T14:45:14","guid":{"rendered":"http:\/\/gazdasagportal.hu\/?p=131217"},"modified":"2020-11-17T14:46:11","modified_gmt":"2020-11-17T13:46:11","slug":"joautok-hu-folytatodik-a-dizelautok-visszaszorulasa","status":"publish","type":"post","link":"https:\/\/gazdasagportal.hu\/index.php\/joautok-hu-folytatodik-a-dizelautok-visszaszorulasa\/","title":{"rendered":"J\u00f3Aut\u00f3k.hu: folytat\u00f3dik a d\u00edzelaut\u00f3k visszaszorul\u00e1sa"},"content":{"rendered":"<p><strong>A d\u00edzelaut\u00f3k visszaszorul\u00e1s\u00e1nak trendje hetedik \u00e9ve tart Magyarorsz\u00e1gon, ezalatt r\u00e9szar\u00e1nyuk a forgalomba helyezett \u00faj szem\u00e9lyaut\u00f3k k\u00f6r\u00e9ben 46-r\u00f3l 22 sz\u00e1zal\u00e9kra cs\u00f6kkent &#8211; h\u00edvta fel a figyelmet a J\u00f3Aut\u00f3k.hu keddi k\u00f6zlem\u00e9ny\u00e9ben.<\/strong><!--more--><\/p>\n<div class=\"ads-in-post1\"><div id=\"gazdasagportal.hu_fullbanner_wideboard\"><\/div>\r\n<\/div>\n<p>Az online haszn\u00e1ltaut\u00f3 piact\u00e9r kiemelte azt is: az idei \u00e9v els\u0151 t\u00edz h\u00f3napj\u00e1ban Magyarorsz\u00e1gon forgalomba helyezett \u00faj szem\u00e9lyg\u00e9pkocsik 22 sz\u00e1zal\u00e9ka m\u0171k\u00f6d\u00f6tt g\u00e1zolajjal, ugyanebben az id\u0151szakban a kieg\u00e9sz\u00edt\u0151 vagy kiz\u00e1r\u00f3lag elektromos motorral ell\u00e1tott aut\u00f3k ar\u00e1nya m\u00e1r el\u00e9rte a 27 sz\u00e1zal\u00e9kot.<br \/>\nA J\u00f3Aut\u00f3k.hu vez\u00e9rigazgat\u00f3ja szerint a sz\u00e1mok akkor is jelent\u0151s v\u00e1ltoz\u00e1sra utalnak, ha az elektromos hajt\u00e1s\u00fa aut\u00f3k k\u00f6z\u00fcl kivessz\u00fck a mild hibrid j\u00e1rm\u0171veket, amelyek gyakorlatilag hagyom\u00e1nyos meghajt\u00e1s\u00faak, mert halad\u00e1skor nem, csak indul\u00e1skor \u00e9s dinamikus gyorsul\u00e1skor seg\u00edt r\u00e1 egy kis elektromos motor a bels\u0151 \u00e9g\u00e9s\u0171 motorra.<br \/>\nA hibrid \u00e9s plug-in hibrid, valamint a tiszt\u00e1n elektromos motorokkal hajtott aut\u00f3k id\u00e9n m\u00e1r az \u00fajaut\u00f3-\u00e9rt\u00e9kes\u00edt\u00e9s 11 sz\u00e1zal\u00e9k\u00e1t teszik ki, a tavalyi 6 sz\u00e1zal\u00e9k ut\u00e1n &#8211; jelezte Hal\u00e1sz Bertalan a k\u00f6zlem\u00e9ny szerint.<br \/>\nAz \u00e9v els\u0151 t\u00edz h\u00f3napj\u00e1ban eladott hibrid \u00e9s plug-in hibrid j\u00e1rm\u0171vek sz\u00e1ma meghaladta a 8600-at, ami 34 sz\u00e1zal\u00e9kos n\u00f6veked\u00e9s az el\u0151z\u0151 \u00e9v azonos id\u0151szak\u00e1hoz k\u00e9pest, az ugyanebben az id\u0151szakban \u00e9rt\u00e9kes\u00edtett csaknem 2200 elektromos aut\u00f3 pedig 49 sz\u00e1zal\u00e9kkal t\u00f6bb, mint tavaly ilyenkor &#8211; mutatott r\u00e1 a vez\u00e9rigazgat\u00f3.<br \/>\nKor\u00e1bban a d\u00edzelt\u0151l elp\u00e1rtol\u00f3k z\u00f6me a benzines hajt\u00e1s fel\u00e9 fordult, az elm\u00falt k\u00e9t \u00e9vben viszont egyre ink\u00e1bb a r\u00e9szben vagy teljesen elektromos hajt\u00e1s\u00fa j\u00e1rm\u0171vek sz\u00edvj\u00e1k el a keresletet mindk\u00e9t bels\u0151\u00e9g\u00e9s\u0171 motorfajt\u00e1t\u00f3l.<br \/>\nA d\u00edzelmotorral szemben tapasztalhat\u00f3 bizalomveszt\u00e9s okai k\u00f6z\u00f6tt eml\u00edti a k\u00f6zlem\u00e9ny, hogy a d\u00edzelaut\u00f3knak j\u00f3val magasabb lehet a jav\u00edt\u00e1si k\u00f6lts\u00e9ge, valamint egyre t\u00f6bb nyugati nagyv\u00e1rosban vezetnek be korl\u00e1toz\u00e1sokat a d\u00edzel\u00fczem\u0171 szem\u00e9lyaut\u00f3kkal szemben, ami n\u00f6veli a bizonytalans\u00e1got a j\u00e1rm\u0171vek j\u00f6v\u0151beni haszn\u00e1lhat\u00f3s\u00e1g\u00e1t illet\u0151en. Id\u0151k\u00f6zben elt\u0171nt a d\u00edzel kor\u00e1bban tapasztalt \u00e1rel\u0151nye is a kutakn\u00e1l, valamint el\u0151t\u00e9rbe ker\u00fclt a k\u00f6rnyezettudatoss\u00e1g.<br \/>\nA J\u00f3Aut\u00f3k.hu ugyanakkor jelezte azt is, hogy a hazai haszn\u00e1ltaut\u00f3-importban tov\u00e1bbra is magas, 40 sz\u00e1zal\u00e9k feletti a d\u00edzelaut\u00f3k r\u00e9szar\u00e1nya. Ennek els\u0151dleges oka, hogy a nyugat-eur\u00f3pai k\u00f6rnyezetv\u00e9delmi int\u00e9zked\u00e9sek hat\u00e1s\u00e1ra az id\u0151sebb, euro5-n\u00e9l alacsonyabb besorol\u00e1s\u00fa aut\u00f3k a kor\u00e1bbin\u00e1l ak\u00e1r 15-20 sz\u00e1zal\u00e9kkal olcs\u00f3bban \u00e9rhet\u0151k el ezeken a piacokon.<br \/>\n<div class=\"ads-in-post1\"><div id=\"gazdasagportal.hu_fullbanner_wideboard\"><\/div>\r\n<\/div>\nEmiatt a haszn\u00e1ltaut\u00f3-import \u00f6sszet\u00e9tele jelent\u0151sen eltol\u00f3dik az id\u0151sebb, er\u0151sen szennyez\u0151 j\u00e1rm\u0171vek ir\u00e1ny\u00e1ba, ez\u00e9rt sz\u00fcks\u00e9g van a jelenlegi szab\u00e1lyoz\u00e1s szigor\u00edt\u00e1s\u00e1ra, ami els\u0151sorban a korszer\u0171bb m\u0171szaki \u00e9s k\u00f6rnyezetv\u00e9delmi jellemz\u0151kkel rendelkez\u0151 haszn\u00e1lt aut\u00f3k ir\u00e1ny\u00e1ba mozd\u00edtja el a behozatalt &#8211; hangs\u00falyozta a J\u00f3Aut\u00f3k.hu.<\/p>\n<p>&nbsp;<\/p><div id=\"gazda-1914321466\" class=\"gazda-tartalomban gazda-entity-placement\"><script async src=\"https:\/\/pagead2.googlesyndication.com\/pagead\/js\/adsbygoogle.js\"><\/script>\r\n<ins class=\"adsbygoogle\"\r\n     style=\"display:block\"\r\n     data-ad-format=\"fluid\"\r\n     data-ad-layout-key=\"-6t+ed+2i-1n-4w\"\r\n     data-ad-client=\"ca-pub-1959107119989764\"\r\n     data-ad-slot=\"4008251320\"><\/ins>\r\n<script>\r\n     (adsbygoogle = window.adsbygoogle || []).push({});\r\n<\/script><\/div>\n","protected":false},"excerpt":{"rendered":"<p>A d\u00edzelaut\u00f3k visszaszorul\u00e1s\u00e1nak trendje hetedik \u00e9ve tart Magyarorsz\u00e1gon, ezalatt r\u00e9szar\u00e1nyuk a forgalomba helyezett \u00faj szem\u00e9lyaut\u00f3k k\u00f6r\u00e9ben 46-r\u00f3l 22 sz\u00e1zal\u00e9kra cs\u00f6kkent &#8211; h\u00edvta fel a figyelmet a J\u00f3Aut\u00f3k.hu keddi k\u00f6zlem\u00e9ny\u00e9ben.<\/p>\n","protected":false},"author":1001006,"featured_media":0,"comment_status":"closed","ping_status":"open","sticky":false,"template":"","format":"standard","meta":[],"categories":[19],"tags":[],"_links":{"self":[{"href":"https:\/\/gazdasagportal.hu\/index.php\/wp-json\/wp\/v2\/posts\/131217"}],"collection":[{"href":"https:\/\/gazdasagportal.hu\/index.php\/wp-json\/wp\/v2\/posts"}],"about":[{"href":"https:\/\/gazdasagportal.hu\/index.php\/wp-json\/wp\/v2\/types\/post"}],"author":[{"embeddable":true,"href":"https:\/\/gazdasagportal.hu\/index.php\/wp-json\/wp\/v2\/users\/1001006"}],"replies":[{"embeddable":true,"href":"https:\/\/gazdasagportal.hu\/index.php\/wp-json\/wp\/v2\/comments?post=131217"}],"version-history":[{"count":1,"href":"https:\/\/gazdasagportal.hu\/index.php\/wp-json\/wp\/v2\/posts\/131217\/revisions"}],"predecessor-version":[{"id":131218,"href":"https:\/\/gazdasagportal.hu\/index.php\/wp-json\/wp\/v2\/posts\/131217\/revisions\/131218"}],"wp:attachment":[{"href":"https:\/\/gazdasagportal.hu\/index.php\/wp-json\/wp\/v2\/media?parent=131217"}],"wp:term":[{"taxonomy":"category","embeddable":true,"href":"https:\/\/gazdasagportal.hu\/index.php\/wp-json\/wp\/v2\/categories?post=131217"},{"taxonomy":"post_tag","embeddable":true,"href":"https:\/\/gazdasagportal.hu\/index.php\/wp-json\/wp\/v2\/tags?post=131217"}],"curies":[{"name":"wp","href":"https:\/\/api.w.org\/{rel}","templated":true}]}}