{"id":131213,"date":"2020-11-17T12:38:02","date_gmt":"2020-11-17T11:38:02","guid":{"rendered":"http:\/\/gazdasagportal.hu\/?p=131213"},"modified":"2020-11-17T12:38:02","modified_gmt":"2020-11-17T11:38:02","slug":"az-etelszallito-ceg-felkeszult-a-masodik-hullamra-mar-segithetjuk-az-ettermeket-is-a-wolton-keresztul","status":"publish","type":"post","link":"https:\/\/gazdasagportal.hu\/index.php\/az-etelszallito-ceg-felkeszult-a-masodik-hullamra-mar-segithetjuk-az-ettermeket-is-a-wolton-keresztul\/","title":{"rendered":"Az \u00e9telsz\u00e1ll\u00edt\u00f3 c\u00e9g felk\u00e9sz\u00fclt a m\u00e1sodik hull\u00e1mra \u2013 m\u00e1r seg\u00edthetj\u00fck az \u00e9ttermeket is a Wolton kereszt\u00fcl"},"content":{"rendered":"<p style=\"font-weight: 400;\"><strong>A k\u00f6zelm\u00faltban bejelentett j\u00e1rv\u00e1ny\u00fcgyi int\u00e9zked\u00e9seket k\u00f6vet\u0151en a<\/strong><strong>\u00a0<\/strong><strong>Wolt<\/strong><strong>\u00a0<\/strong><strong>vissza\u00e1ll\u00edtja<\/strong><strong>\u00a0<\/strong><strong>t\u00f6bb,<\/strong><strong>\u00a0<\/strong><strong>a tavasszal m\u00e1r bev\u00e1lt<\/strong><strong>\u00a0<\/strong><strong>szigor\u00fa eg\u00e9szs\u00e9gv\u00e9delmi<\/strong><strong>\u00a0<\/strong><strong>int\u00e9zked\u00e9s\u00e9t.<\/strong><strong>\u00a0<\/strong><strong>A neh\u00e9z helyzetbe ker\u00fclt \u00e9ttermeket pedig<\/strong><strong>\u00a0<\/strong><strong>az elviteles rendel\u00e9sek\u00a0jutal\u00e9k\u00e1nak elt\u00f6rl\u00e9s\u00e9vel \u00e9s az \u00e9ttermeknek\u00a0felaj\u00e1nlhat\u00f3\u00a0\u201eborraval\u00f3\u201d\u00a0bevezet\u00e9s\u00e9vel\u00a0t\u00e1mogatja\u00a0a fut\u00e1rc\u00e9g.<\/strong><\/p>\n<p><!--more--><\/p>\n<div class=\"ads-in-post1\"><div id=\"gazdasagportal.hu_fullbanner_wideboard\"><\/div>\r\n<\/div>\n<p style=\"font-weight: 400;\">\n<p style=\"font-weight: 400;\">A koronav\u00edrus j\u00e1rv\u00e1ny els\u0151 hull\u00e1ma idej\u00e9n az egyik legfontosabb int\u00e9zked\u00e9s a kontaktusok sz\u00e1m\u00e1nak cs\u00f6kkent\u00e9s\u00e9t szolg\u00e1l\u00f3 \u00fan. \u00e9rintkez\u00e9smentes kisz\u00e1ll\u00edt\u00e1s bevezet\u00e9se volt.\u00a0Az Eur\u00f3pai \u00c9lelmiszerbiztons\u00e1gi Hat\u00f3s\u00e1g (EFSA) \u00e1ll\u00e1sfoglal\u00e1sa szerint\u00a0ugyanis\u00a0az \u00fan.\u00a0\u00e9rintkez\u00e9smentes\u00a0\u00e9telkisz\u00e1ll\u00edt\u00e1s a legbiztons\u00e1gosabb \u00e9lelembeszerz\u00e9si forma, mivel a koronav\u00edrus \u2013 ahogyan a l\u00e9g\u00fati betegs\u00e9get okoz\u00f3 k\u00f3rokoz\u00f3k t\u00f6bbs\u00e9ge \u2013 cseppfert\u0151z\u00e9ssel \u00e9s k\u00f6zvetlen emberi \u00e9rintkez\u00e9ssel terjed, a szem\u00e9lyes kapcsolat elmarad\u00e1s\u00e1val\u00a0teh\u00e1t\u00a0a lehet\u0151 legkisebbre cs\u00f6kkenthet\u0151 a fert\u0151z\u00e9svesz\u00e9ly. Az \u00e9telkisz\u00e1ll\u00edt\u00f3\u00a0Wolt\u00a0tov\u00e1bbra is lehet\u0151s\u00e9get biztos\u00edt arra, hogy a kisz\u00e1ll\u00edt\u00e1s sor\u00e1n az \u00fcgyf\u00e9l ne is tal\u00e1lkozzon a fut\u00e1rral.<\/p>\n<p style=\"font-weight: 400;\">\n<p style=\"font-weight: 400;\">Az EFSA tanulm\u00e1nyb\u00f3l az is kider\u00fcl, hogy\u00a0a koronav\u00edrus nem fert\u0151z tov\u00e1bb\u00a0a f\u0151tt \u00e9telben, az \u00e9ttermekben\u00a0pedig alapesetben is rendk\u00edv\u00fcl\u00a0szigor\u00faak\u00a0a\u00a0k\u00e9sz\u00edt\u00e9sre \u00e9s a\u00a0csomagol\u00e1sra\u00a0vonatkoz\u00f3\u00a0szab\u00e1lyok, amelyekre jelen k\u00f6r\u00fclm\u00e9nyek k\u00f6z\u00f6tt m\u00e9g ink\u00e1bb odafigyelnek.<\/p><div id=\"gazda-606375082\" class=\"gazda-tartalomban gazda-entity-placement\"><script async src=\"https:\/\/pagead2.googlesyndication.com\/pagead\/js\/adsbygoogle.js\"><\/script>\r\n<ins class=\"adsbygoogle\"\r\n     style=\"display:block\"\r\n     data-ad-format=\"fluid\"\r\n     data-ad-layout-key=\"-6t+ed+2i-1n-4w\"\r\n     data-ad-client=\"ca-pub-1959107119989764\"\r\n     data-ad-slot=\"4008251320\"><\/ins>\r\n<script>\r\n     (adsbygoogle = window.adsbygoogle || []).push({});\r\n<\/script><\/div>\n<p style=\"font-weight: 400;\">\n<p style=\"font-weight: 400;\">Mindezek mellett a\u00a0h\u00e1zhozsz\u00e1ll\u00edt\u00e1st v\u00e9gz\u0151\u00a0fut\u00e1rok\u00a0tov\u00e1bbra is kiemelt figyelmet szentelnek az Eg\u00e9szs\u00e9g\u00fcgyi Vil\u00e1gszervezet (WHO) aj\u00e1nl\u00e1sainak maxim\u00e1lis betart\u00e1s\u00e1ra:\u00a0rendszeresen fert\u0151tlen\u00edtik\u00a0a kez\u00fcket \u00e9s a kisz\u00e1ll\u00edt\u00e1shoz haszn\u00e1lt eszk\u00f6z\u00f6ket is. K\u00fcl\u00f6n felk\u00e9sz\u00edtett\u00e9k \u0151ket a speci\u00e1lis k\u00e9zbes\u00edt\u00e9sre \u00e9pp\u00fagy, mint a hasonl\u00f3 helyzetekben elv\u00e1rt higi\u00e9n\u00e9s \u00f3vint\u00e9zked\u00e9sek k\u00f6telez\u0151 \u00e9s rendszeres megt\u00e9tel\u00e9re.<\/p>\n<div class=\"ads-in-post1\"><div id=\"gazdasagportal.hu_fullbanner_wideboard\"><\/div>\r\n<\/div>\n<p style=\"font-weight: 400;\">\n<p style=\"font-weight: 400;\">A tavaszi id\u0151szakhoz k\u00e9pest \u00fajdons\u00e1g, hogy\u00a0a\u00a0Wolt\u00a0bevezette\u00a0az \u00e9ttermek sz\u00e1m\u00e1ra adhat\u00f3 \u201eborraval\u00f3\u201d lehet\u0151s\u00e9g\u00e9t, amellyel a\u00a0fogyaszt\u00f3 a korl\u00e1toz\u00e1sok miatt neh\u00e9z helyzetbe jutott \u00e9ttermeket\u00a0az applik\u00e1ci\u00f3n kereszt\u00fcl t\u00e1mogathatja. Emellett tov\u00e1bbra is el\u00e9rhet\u0151 funkci\u00f3 a fut\u00e1rnak\u00a0adhat\u00f3 borraval\u00f3\u00a0be\u00e1ll\u00edt\u00e1sa\u00a0is.<\/p>\n<p style=\"font-weight: 400;\">\n<p style=\"font-weight: 400;\">\u201eAz \u00e9ttermek m\u00e9g a\u00a0tavaszi,\u00a0els\u0151 lez\u00e1r\u00e1sok hat\u00e1sait sem hevert\u00e9k ki, a mostani korl\u00e1toz\u00e1sok pedig m\u00e9g nehezebb helyzetbe sodorj\u00e1k \u0151ket. Ez\u00e9rt\u00a0gondoltuk \u00fagy, hogy vend\u00e9geinknek\u00a0biztos\u00edtjuk annak\u00a0lehet\u0151s\u00e9g\u00e9t, hogy t\u00e1mogatni tudj\u00e1k\u00a0kedvenc \u00e9ttermeiket\u00a0\u2013 mondta el\u00a0Tajta\u00a0\u00c1kos,\u00a0a\u00a0Wolt\u00a0\u00fcgyvezet\u0151 igazgat\u00f3ja. Hozz\u00e1tette: \u201cemellett\u00a0saj\u00e1t eszk\u00f6zeinkkel is\u00a0seg\u00edteni\u00a0szeretn\u00e9nk, ez\u00e9rt az \u00e9ttermeket terhel\u0151 kisz\u00e1ll\u00edt\u00e1si\u00a0jutal\u00e9kot\u00a0az elviteles rendel\u00e9sek eset\u00e9ben 0-ra cs\u00f6kkentett\u00fck\u201d. Az \u00e9ttermek sz\u00e1m\u00e1ra jelenthet seg\u00edts\u00e9get a korm\u00e1ny \u00e1ltal bejelentett int\u00e9zked\u00e9s, mely szerint az elviteles \u00e9telek \u00e1f\u00e1j\u00e1t 27-r\u0151l 5%-ra cs\u00f6kkentik. Ezt az int\u00e9zked\u00e9st m\u00e1r a tavaszi id\u0151szakban javasolta a Wolt a Magyar Vend\u00e9gl\u00e1t\u00f3k Ipartest\u00fclet\u00e9vel, valamint 500\u00a0 \u00e9tterem tulajdonos\u00e1val k\u00f6z\u00f6sen.<\/p>\n<p style=\"font-weight: 400;\">\n<p style=\"font-weight: 400;\">Az \u00e9ttermek mellett a kisboltokb\u00f3l t\u00f6rt\u00e9n\u0151 h\u00e1zhozsz\u00e1ll\u00edt\u00e1s\u00a0is el\u00e9rhet\u0151 a\u00a0Wolt\u00a0applik\u00e1ci\u00f3j\u00e1ban. Mivel a\u00a0k\u00f6vetkez\u0151 id\u0151szakban kiugr\u00f3an\u00a0megemelked\u0151 forgalom\u00a0v\u00e1rhat\u00f3, ennek kiszolg\u00e1l\u00e1sa \u00e9rdek\u00e9ben a fut\u00e1rc\u00e9g meghosszabb\u00edtja\u00a0a kisz\u00e1ll\u00edt\u00e1si id\u0151t,\u00a0\u00edgy mostant\u00f3l minden este 23 \u00f3r\u00e1ig v\u00e1llalj\u00e1k az \u00e9telek, \u00e9lelmiszerek\u00a0h\u00e1zhozsz\u00e1ll\u00edt\u00e1s\u00e1t.<\/p>\n<div class=\"ads-in-post1\"><div id=\"gazdasagportal.hu_fullbanner_wideboard\"><\/div>\r\n<\/div>\n<p style=\"font-weight: 400;\"><strong>\u00a0<\/strong><strong>\u00a0<\/strong><\/p>\n<p style=\"font-weight: 400;\"><strong>A Woltr\u00f3l<\/strong><\/p>\n<p style=\"font-weight: 400;\">A Wolt egy technol\u00f3giai v\u00e1llalat, amely forradalmas\u00edtotta az \u00e9telrendel\u00e9si piacot. A helsinki sz\u00e9khely\u0171 c\u00e9g 23 orsz\u00e1gban \u00e9s t\u00f6bb mint 100 v\u00e1rosban m\u0171k\u00f6dik, 20 ezern\u00e9l is t\u00f6bb \u00e9tterem, valamint 44 ezer fut\u00e1r tartozik a partnerei k\u00f6z\u00e9. A ma m\u00e1r t\u00f6bb mint 1400 embert foglalkoztat\u00f3 t\u00e1rsas\u00e1gba 2014-es alap\u00edt\u00e1sa \u00f3ta 267 milli\u00f3 eur\u00f3t inveszt\u00e1lt t\u00f6bbek k\u00f6z\u00f6tt az ICONIQ Capital, a Highland Europe, a 83North, az EQT Ventures, az Inventure, a Lifeline Ventures, a Goldman Sachs Growth Equity, tov\u00e1bb\u00e1 Ilkka Paananen, a Supercell alap\u00edt\u00f3ja \u00e9s vez\u00e9rigazgat\u00f3ja, valamint Risto Siilasmaa, a Nokia eln\u00f6ke.<\/p>\n","protected":false},"excerpt":{"rendered":"<p>A k\u00f6zelm\u00faltban bejelentett j\u00e1rv\u00e1ny\u00fcgyi int\u00e9zked\u00e9seket k\u00f6vet\u0151en a\u00a0Wolt\u00a0vissza\u00e1ll\u00edtja\u00a0t\u00f6bb,\u00a0a tavasszal m\u00e1r bev\u00e1lt\u00a0szigor\u00fa eg\u00e9szs\u00e9gv\u00e9delmi\u00a0int\u00e9zked\u00e9s\u00e9t.\u00a0A neh\u00e9z helyzetbe ker\u00fclt \u00e9ttermeket pedig\u00a0az elviteles rendel\u00e9sek\u00a0jutal\u00e9k\u00e1nak elt\u00f6rl\u00e9s\u00e9vel \u00e9s az \u00e9ttermeknek\u00a0felaj\u00e1nlhat\u00f3\u00a0\u201eborraval\u00f3\u201d\u00a0bevezet\u00e9s\u00e9vel\u00a0t\u00e1mogatja\u00a0a fut\u00e1rc\u00e9g.<\/p>\n","protected":false},"author":1001006,"featured_media":0,"comment_status":"closed","ping_status":"open","sticky":false,"template":"","format":"standard","meta":[],"categories":[19],"tags":[],"_links":{"self":[{"href":"https:\/\/gazdasagportal.hu\/index.php\/wp-json\/wp\/v2\/posts\/131213"}],"collection":[{"href":"https:\/\/gazdasagportal.hu\/index.php\/wp-json\/wp\/v2\/posts"}],"about":[{"href":"https:\/\/gazdasagportal.hu\/index.php\/wp-json\/wp\/v2\/types\/post"}],"author":[{"embeddable":true,"href":"https:\/\/gazdasagportal.hu\/index.php\/wp-json\/wp\/v2\/users\/1001006"}],"replies":[{"embeddable":true,"href":"https:\/\/gazdasagportal.hu\/index.php\/wp-json\/wp\/v2\/comments?post=131213"}],"version-history":[{"count":1,"href":"https:\/\/gazdasagportal.hu\/index.php\/wp-json\/wp\/v2\/posts\/131213\/revisions"}],"predecessor-version":[{"id":131214,"href":"https:\/\/gazdasagportal.hu\/index.php\/wp-json\/wp\/v2\/posts\/131213\/revisions\/131214"}],"wp:attachment":[{"href":"https:\/\/gazdasagportal.hu\/index.php\/wp-json\/wp\/v2\/media?parent=131213"}],"wp:term":[{"taxonomy":"category","embeddable":true,"href":"https:\/\/gazdasagportal.hu\/index.php\/wp-json\/wp\/v2\/categories?post=131213"},{"taxonomy":"post_tag","embeddable":true,"href":"https:\/\/gazdasagportal.hu\/index.php\/wp-json\/wp\/v2\/tags?post=131213"}],"curies":[{"name":"wp","href":"https:\/\/api.w.org\/{rel}","templated":true}]}}