{"id":131166,"date":"2020-11-14T11:20:36","date_gmt":"2020-11-14T10:20:36","guid":{"rendered":"http:\/\/gazdasagportal.hu\/?p=131166"},"modified":"2020-11-14T09:21:39","modified_gmt":"2020-11-14T08:21:39","slug":"atadta-elso-kaposvari-ipari-letesitmenyet-a-nipuf","status":"publish","type":"post","link":"https:\/\/gazdasagportal.hu\/index.php\/atadta-elso-kaposvari-ipari-letesitmenyet-a-nipuf\/","title":{"rendered":"\u00c1tadta els\u0151 kaposv\u00e1ri ipari l\u00e9tes\u00edtm\u00e9ny\u00e9t a NIP\u00dcF"},"content":{"rendered":"<p><strong>Megkezd\u0151d\u00f6tt az \u00e9les \u00fczem az Inpark Kaposv\u00e1r Ipari Park els\u0151 l\u00e9tes\u00edtm\u00e9ny\u00e9ben. A NIP\u00dcF Csoport beruh\u00e1z\u00e1s\u00e1ban megval\u00f3sult, t\u00f6bb mint h\u00e1romezer n\u00e9gyzetm\u00e9teres csarnokban j\u00e1rm\u0171ipari gy\u00e1rt\u00f3\u00fczem \u00e9s k\u00e9pz\u00e9si k\u00f6zpont is m\u0171k\u00f6dik. A ki\u00e9p\u00edtett k\u00f6zm\u0171h\u00e1l\u00f3zat \u00e9s a k\u00f6zleked\u00e9si kapcsolatok r\u00e9v\u00e9n a park k\u00e9szen \u00e1ll az \u00fajabb betelep\u00fcl\u0151 v\u00e1llalkoz\u00e1sok fogad\u00e1s\u00e1ra.<\/strong><!--more--><\/p>\n<div class=\"ads-in-post1\"><div id=\"gazdasagportal.hu_fullbanner_wideboard\"><\/div>\r\n<\/div>\n<p>&nbsp;<\/p>\n<p>A szigorod\u00f3 j\u00e1rv\u00e1ny\u00fcgyi el\u0151\u00edr\u00e1sok miatt a hivatalos \u00e1tad\u00f3\u00fcnneps\u00e9get n\u00e9lk\u00fcl\u00f6zve, \u201eg\u00f6rd\u00fcl\u0151\u201d rajtot vett az Inpark Kaposv\u00e1r Ipari Park els\u0151 \u00fczeme. A fejleszt\u00e9s sor\u00e1n a NIP\u00dcF Csoport nemcsak a b\u00e9rl\u0151 BM Heros Zrt. egyedi ig\u00e9nyeit, hanem az energiahat\u00e9konys\u00e1got \u00e9s a fenntarthat\u00f3 megold\u00e1sok alkalmaz\u00e1s\u00e1t is szem el\u0151tt tartotta. \u00cdgy a nagy teherb\u00edr\u00e1s\u00fa ipari padl\u00f3, valamint a nagy m\u00e9ret\u0171 szekcion\u00e1lt kapuk mellett a korszer\u0171 szigetel\u00e9s \u00e9s a takar\u00e9kos LED vil\u00e1g\u00edt\u00e1s is az \u00e9p\u00fclet f\u0151 jellemz\u0151i k\u00f6z\u00e9 tartozik.<\/p><div id=\"gazda-1941709330\" class=\"gazda-tartalomban gazda-entity-placement\"><script async src=\"https:\/\/pagead2.googlesyndication.com\/pagead\/js\/adsbygoogle.js\"><\/script>\r\n<ins class=\"adsbygoogle\"\r\n     style=\"display:block\"\r\n     data-ad-format=\"fluid\"\r\n     data-ad-layout-key=\"-6t+ed+2i-1n-4w\"\r\n     data-ad-client=\"ca-pub-1959107119989764\"\r\n     data-ad-slot=\"4008251320\"><\/ins>\r\n<script>\r\n     (adsbygoogle = window.adsbygoogle || []).push({});\r\n<\/script><\/div>\n<p>&nbsp;<\/p>\n<p>Elhelyezked\u00e9s\u00e9nek k\u00f6sz\u00f6nhet\u0151en a somogyi megyesz\u00e9khely ipari parkja jelenleg is kiv\u00e1l\u00f3an megk\u00f6zel\u00edthet\u0151, a 67-es gyorsforgalmi \u00fat fejleszt\u00e9se nyom\u00e1n pedig mind\u00f6ssze 30 perc alatt el\u00e9rhet\u0151 lesz az M7 aut\u00f3p\u00e1lya. Az el\u0151k\u00e9sz\u00edt\u0151 munk\u00e1k keret\u00e9ben a NIP\u00dcF Csoport a teljes k\u00f6zm\u0171-infrastrukt\u00fara mellett a csatlakoz\u00f3 \u00fatkapcsolatot is ki\u00e9p\u00edtette, \u00e9s r\u00f6videsen kialak\u00edt az ipari parkon bel\u00fcl egy \u00faj buszfordul\u00f3t, amellyel a k\u00f6z\u00f6ss\u00e9gi k\u00f6zleked\u00e9st haszn\u00e1l\u00f3k sz\u00e1m\u00e1ra is k\u00f6nnyen megk\u00f6zel\u00edthet\u0151v\u00e9 v\u00e1lik a park.<\/p>\n<p>&nbsp;<\/p>\n<p>Az \u00faj csarnok \u00e1tad\u00e1sa kapcs\u00e1n <strong>dr. Juh\u00e1sz Roland \u00e1llami vagyongazd\u00e1lkod\u00e1s\u00e9rt felel\u0151s \u00e1llamtitk\u00e1r<\/strong> hangs\u00falyozta: \u201eaz elm\u00falt \u00e9vek nagyszab\u00e1s\u00fa ipariingatlan-fejleszt\u00e9si projektjei \u00e9s telek\u00e9rt\u00e9kes\u00edt\u00e9si \u00fcgyletei igazolt\u00e1k a Nemzeti Ipari Park H\u00e1l\u00f3zat l\u00e9tjogosults\u00e1g\u00e1t \u00e9s a korm\u00e1ny ehhez f\u0171z\u0151d\u0151 v\u00e1rakoz\u00e1sait. Az ut\u00f3bbi h\u00f3napokban pedig az is kider\u00fclt, hogy az \u00e1llami tulajdon\u00fa NIP\u00dcF Csoport stabil b\u00e1zist jelent a gazdas\u00e1g \u00fajraind\u00edt\u00e1s\u00e1hoz is. Maga is munkahelyeket teremt, \u00e9s el\u0151seg\u00edti, hogy az \u00fcgyfelei is \u00fajakat hozzanak l\u00e9tre. Emellett a projektjei megrendel\u00e9st biztos\u00edtanak az \u00e9p\u00edt\u0151iparnak, a folyamatban l\u00e9v\u0151 t\u00e1rgyal\u00e1sok \u00e9s szerz\u0151d\u00e9sk\u00f6t\u00e9sek nyom\u00e1n \u00fajabb ipari fejleszt\u00e9sek val\u00f3sulnak meg. Nem utols\u00f3sorban, a beruh\u00e1z\u00e1sai gazdas\u00e1gilag kev\u00e9sb\u00e9 dinamikus t\u00e9rs\u00e9gek felz\u00e1rk\u00f3z\u00e1s\u00e1hoz is hozz\u00e1j\u00e1rulnak.\u201d<\/p>\n<p>&nbsp;<br \/>\n<div class=\"ads-in-post1\"><div id=\"gazdasagportal.hu_fullbanner_wideboard\"><\/div>\r\n<\/div>\n<p><strong>Dr. Kiss L\u00e1szl\u00f3, a NIP\u00dcF Zrt. vez\u00e9rigazgat\u00f3ja<\/strong> elmondta: \u201ea csoportunk kezdett\u0151l, de m\u00e1r a most \u00e1tadott csarnok j\u00faniusi bokr\u00e9ta\u00fcnneps\u00e9ge \u00f3ta is minden ter\u00fcleten organikus n\u00f6veked\u00e9st \u00e9rt el. \u00dajabb helysz\u00edneken ind\u00edtottunk fejleszt\u00e9seket, \u00faj le\u00e1nyv\u00e1llalatunk megalap\u00edt\u00e1s\u00e1val b\u0151v\u00fclt a munkat\u00e1rsaink sz\u00e1ma. Az \u00e9rt\u00e9kes\u00edt\u00e9si csapatunk \u00e9rdeme, hogy mostanra 326 hekt\u00e1rnyi fejleszt\u00e9si ter\u00fcletet ad\u00e1sv\u00e9tel\u00e9t bonyol\u00edtottuk le, illetve \u00f6sszesen csaknem 184 ezer n\u00e9gyzetm\u00e9ternyi csarnokot hasznos\u00edtottunk hossz\u00fa t\u00e1v\u00fa b\u00e9rleti szerz\u0151d\u00e9sek keret\u00e9ben. Proakt\u00edv \u00fczletfejleszt\u00e9si tev\u00e9kenys\u00e9g\u00fcnk \u00e9s a v\u00e1ros befektet\u00e9sbar\u00e1t politik\u00e1ja egyar\u00e1nt hozz\u00e1j\u00e1rul ahhoz, hogy jelenleg is t\u00f6bb hazai \u00e9s nemzetk\u00f6zi v\u00e1llalattal folytatunk el\u0151rehaladott t\u00e1rgyal\u00e1sokat telekv\u00e1s\u00e1rl\u00e1si, illetve csarnokb\u00e9rleti konstrukci\u00f3kr\u00f3l egyar\u00e1nt.\u201d<\/p>\n<p>&nbsp;<\/p>\n<p>&nbsp;<\/p>\n<p><strong>A NIP\u00dcF Csoportr\u00f3l<\/strong><\/p>\n<p>&nbsp;<\/p>\n<p>A magyar \u00e1llami tulajdon\u00fa NIP\u00dcF Nemzeti Ipari Park \u00dczemeltet\u0151 \u00e9s Fejleszt\u0151 Zrt. 2016-ben kezdte meg a m\u0171k\u00f6d\u00e9s\u00e9t. Az ipariingatlan-fejleszt\u0151 csoport feladata az orsz\u00e1gos iparipark-koncepci\u00f3 kialak\u00edt\u00e1sa \u00e9s megval\u00f3s\u00edt\u00e1sa. Ennek keret\u00e9ben teljesk\u00f6r\u0171en kiszolg\u00e1lja a hazai \u00e9s nemzetk\u00f6zi piaci szerepl\u0151k ig\u00e9nyeit a helysz\u00ednek felkutat\u00e1s\u00e1t\u00f3l \u00e9s a telekv\u00e1s\u00e1rl\u00e1st\u00f3l a tervez\u00e9sen \u00e9s kivitelez\u00e9sen \u00e1t a hossz\u00fa t\u00e1v\u00fa \u00fczemeltet\u00e9sig. L\u00e9tes\u00edtm\u00e9nyeit sztenderd, vagy egyedi elv\u00e1r\u00e1sokhoz igaz\u00edtott (built-to-suit) form\u00e1ban val\u00f3s\u00edtja meg.<\/p>\n<p>&nbsp;<\/p>\n<p>A komplex fejleszt\u00e9sekkel \u00f6szt\u00f6nzi a hazai \u00e9s k\u00fclf\u00f6ldi c\u00e9gek betelep\u00fcl\u00e9s\u00e9t, \u00faj technol\u00f3gi\u00e1k meghonos\u00edt\u00e1s\u00e1t, ezen kereszt\u00fcl pedig a munkahelyteremt\u00e9st \u00e9s a gazdas\u00e1g \u00e9l\u00e9nk\u00edt\u00e9s\u00e9t. A nemzeti iparipark-h\u00e1l\u00f3zat kialak\u00edt\u00e1sa sor\u00e1n az orsz\u00e1g sz\u00e1mos strat\u00e9giai pontj\u00e1n, kiv\u00e1l\u00f3an megk\u00f6zel\u00edthet\u0151 helysz\u00edneken j\u00f6nnek l\u00e9tre ipari centrumok. A NIP\u00dcF Csoport ingatlan\u00e1llom\u00e1nya csaknem 1000 hekt\u00e1rnyi fejleszt\u00e9si ter\u00fcletet foglal mag\u00e1ban, a mostan\u00e1ig b\u00e9rbeadott csarnokok ter\u00fclete meghaladja a 184 ezer n\u00e9gyzetm\u00e9tert.<\/p>\n","protected":false},"excerpt":{"rendered":"<p>Megkezd\u0151d\u00f6tt az \u00e9les \u00fczem az Inpark Kaposv\u00e1r Ipari Park els\u0151 l\u00e9tes\u00edtm\u00e9ny\u00e9ben. A NIP\u00dcF Csoport beruh\u00e1z\u00e1s\u00e1ban megval\u00f3sult, t\u00f6bb mint h\u00e1romezer n\u00e9gyzetm\u00e9teres csarnokban j\u00e1rm\u0171ipari gy\u00e1rt\u00f3\u00fczem \u00e9s k\u00e9pz\u00e9si k\u00f6zpont is m\u0171k\u00f6dik. A ki\u00e9p\u00edtett k\u00f6zm\u0171h\u00e1l\u00f3zat \u00e9s a k\u00f6zleked\u00e9si kapcsolatok r\u00e9v\u00e9n a park k\u00e9szen \u00e1ll az \u00fajabb betelep\u00fcl\u0151 v\u00e1llalkoz\u00e1sok fogad\u00e1s\u00e1ra.<\/p>\n","protected":false},"author":1001006,"featured_media":0,"comment_status":"closed","ping_status":"open","sticky":false,"template":"","format":"standard","meta":[],"categories":[19],"tags":[],"_links":{"self":[{"href":"https:\/\/gazdasagportal.hu\/index.php\/wp-json\/wp\/v2\/posts\/131166"}],"collection":[{"href":"https:\/\/gazdasagportal.hu\/index.php\/wp-json\/wp\/v2\/posts"}],"about":[{"href":"https:\/\/gazdasagportal.hu\/index.php\/wp-json\/wp\/v2\/types\/post"}],"author":[{"embeddable":true,"href":"https:\/\/gazdasagportal.hu\/index.php\/wp-json\/wp\/v2\/users\/1001006"}],"replies":[{"embeddable":true,"href":"https:\/\/gazdasagportal.hu\/index.php\/wp-json\/wp\/v2\/comments?post=131166"}],"version-history":[{"count":1,"href":"https:\/\/gazdasagportal.hu\/index.php\/wp-json\/wp\/v2\/posts\/131166\/revisions"}],"predecessor-version":[{"id":131167,"href":"https:\/\/gazdasagportal.hu\/index.php\/wp-json\/wp\/v2\/posts\/131166\/revisions\/131167"}],"wp:attachment":[{"href":"https:\/\/gazdasagportal.hu\/index.php\/wp-json\/wp\/v2\/media?parent=131166"}],"wp:term":[{"taxonomy":"category","embeddable":true,"href":"https:\/\/gazdasagportal.hu\/index.php\/wp-json\/wp\/v2\/categories?post=131166"},{"taxonomy":"post_tag","embeddable":true,"href":"https:\/\/gazdasagportal.hu\/index.php\/wp-json\/wp\/v2\/tags?post=131166"}],"curies":[{"name":"wp","href":"https:\/\/api.w.org\/{rel}","templated":true}]}}