{"id":131162,"date":"2020-11-14T14:05:02","date_gmt":"2020-11-14T13:05:02","guid":{"rendered":"http:\/\/gazdasagportal.hu\/?p=131162"},"modified":"2020-11-14T09:16:30","modified_gmt":"2020-11-14T08:16:30","slug":"itm-savos-jotallast-vezetnek-be-jovore","status":"publish","type":"post","link":"https:\/\/gazdasagportal.hu\/index.php\/itm-savos-jotallast-vezetnek-be-jovore\/","title":{"rendered":"ITM: s\u00e1vos j\u00f3t\u00e1ll\u00e1st vezetnek be j\u00f6v\u0151re"},"content":{"rendered":"<p><strong>A j\u00f6v\u0151 \u00e9vt\u0151l jelent\u0151sen megv\u00e1ltoznak a k\u00f6telez\u0151 j\u00f3t\u00e1ll\u00e1s szab\u00e1lyai Magyarorsz\u00e1gon: az egyik legfontosabb \u00fajdons\u00e1g a s\u00e1vos j\u00f3t\u00e1ll\u00e1s bevezet\u00e9se &#8211; t\u00e1j\u00e9koztatta az Innov\u00e1ci\u00f3s \u00e9s Technol\u00f3giai Miniszt\u00e9rium (ITM) szombaton az MTI-t.<\/strong><!--more--><\/p>\n<p>    A jelenlegi egy \u00e9v helyett a 2021. janu\u00e1r elsej\u00e9t\u0151l megv\u00e1s\u00e1rolt term\u00e9kekre az \u00e1rhoz igazod\u00f3an ak\u00e1r 2-3 \u00e9v is lehet a j\u00f3t\u00e1ll\u00e1s id\u0151tartama &#8211; k\u00f6z\u00f6lt\u00e9k.<br \/>\n<div class=\"ads-in-post1\"><div id=\"gazdasagportal.hu_fullbanner_wideboard\"><\/div>\r\n<\/div>\n    Tov\u00e1bbra is egy \u00e9v marad a j\u00f3t\u00e1ll\u00e1s a 10 ezer \u00e9s 100 ezer forint k\u00f6z\u00f6tti \u00e1r\u00fa term\u00e9kekre. A 100 ezer forintn\u00e1l dr\u00e1g\u00e1bb \u00e1rucikkre azonban m\u00e1r k\u00e9t, a 250 ezer forint f\u00f6l\u00f6ttiekre pedig h\u00e1rom \u00e9vig lehet \u00e9rv\u00e9nyes\u00edteni majd a j\u00f3t\u00e1ll\u00e1si ig\u00e9nyt.<br \/>\n    A v\u00e1ltoztat\u00e1s fenntarthat\u00f3s\u00e1gi c\u00e9lokat is szolg\u00e1l, hiszen arra \u00f6szt\u00f6nzi a gy\u00e1rt\u00f3kat, hogy tart\u00f3sabb term\u00e9keket \u00e1ll\u00edtsanak el\u0151, \u00edgy cs\u00f6kkenhet az elektronikai \u00e9s egy\u00e9b hullad\u00e9kok mennyis\u00e9ge &#8211; \u00edrt\u00e1k.<br \/>\n    A j\u00f6v\u0151 \u00e9v elej\u00e9t\u0151l b\u0151v\u00fcl a k\u00f6telez\u0151 j\u00f3t\u00e1ll\u00e1s al\u00e1 tartoz\u00f3 term\u00e9kek k\u00f6re egyebek mellett a napelemmel, a dr\u00f3nnal vagy az elektromos rollerrel. A gy\u00e1rt\u00f3knak j\u00f3t\u00e1ll\u00e1st kell v\u00e1llalniuk p\u00e9ld\u00e1ul a 10 ezer forintn\u00e1l dr\u00e1g\u00e1bb ny\u00edl\u00e1sz\u00e1r\u00f3ra, red\u0151nyre, gar\u00e1zskapura, csaptelepre, k\u00e1dra, zuhanykabinra is.<br \/>\n    Egyes term\u00e9keket a haszn\u00e1lat el\u0151tt szakembernek kell \u00fczembe helyeznie &#8211; ilyenek p\u00e9ld\u00e1ul a g\u00e1zt\u0171zhelyek -, ami ak\u00e1r hossz\u00fa id\u0151vel a beszerz\u00e9s\u00fck ut\u00e1n t\u00f6rt\u00e9nik csak meg. Ha a be\u00fczemel\u00e9s a v\u00e1s\u00e1rl\u00e1st ut\u00e1n t\u00f6bb mint hat h\u00f3nappal t\u00f6rt\u00e9nik meg, a j\u00f3t\u00e1ll\u00e1s kezd\u0151 id\u0151pontja a term\u00e9k megv\u00e1s\u00e1rl\u00e1s\u00e1nak napja lesz. Ha hat h\u00f3napon bel\u00fcl, akkor tov\u00e1bbra is a be\u00fczemel\u00e9s napj\u00e1n kezd\u0151dik a j\u00f3t\u00e1ll\u00e1si id\u0151, amely \u00e9rt\u00e9khat\u00e1rt\u00f3l f\u00fcgg\u0151en ak\u00e1r h\u00e1rom \u00e9v is lehet &#8211; h\u00edvt\u00e1k fel a figyelmet.<br \/>\n    A k\u00f6zlem\u00e9ny szerint az ITM a fogyaszt\u00f3i ig\u00e9nyekhez, a technikai fejl\u0151d\u00e9shez \u00e9s a fenntarthat\u00f3s\u00e1gi szempontokhoz igaz\u00edtotta a hazai j\u00f3t\u00e1ll\u00e1si szab\u00e1lyokat.<br \/>\n<div class=\"ads-in-post1\"><div id=\"gazdasagportal.hu_fullbanner_wideboard\"><\/div>\r\n<\/div>\n    A t\u00e1rca a k\u00f6vetkez\u0151 hetekben \u00fajabb k\u00f6zlem\u00e9nyekben ismerteti az \u00e1tfog\u00f3 v\u00e1ltoztat\u00e1sokat &#8211; jelezt\u00e9k.<br \/>\n    A fogyaszt\u00f3v\u00e9delmi hat\u00f3s\u00e1g 2021-ben eg\u00e9sz \u00e9vben ellen\u0151rzi majd az \u00faj el\u0151\u00edr\u00e1sok betart\u00e1s\u00e1t a hagyom\u00e1nyos \u00e9s az online kereskedelemben is &#8211; \u00edrt\u00e1k.(MTI)<\/p>\n","protected":false},"excerpt":{"rendered":"<p>A j\u00f6v\u0151 \u00e9vt\u0151l jelent\u0151sen megv\u00e1ltoznak a k\u00f6telez\u0151 j\u00f3t\u00e1ll\u00e1s szab\u00e1lyai Magyarorsz\u00e1gon: az egyik legfontosabb \u00fajdons\u00e1g a s\u00e1vos j\u00f3t\u00e1ll\u00e1s bevezet\u00e9se &#8211; t\u00e1j\u00e9koztatta az Innov\u00e1ci\u00f3s \u00e9s Technol\u00f3giai Miniszt\u00e9rium (ITM) szombaton az MTI-t.<\/p>\n","protected":false},"author":1001006,"featured_media":0,"comment_status":"closed","ping_status":"open","sticky":false,"template":"","format":"standard","meta":[],"categories":[19],"tags":[],"_links":{"self":[{"href":"https:\/\/gazdasagportal.hu\/index.php\/wp-json\/wp\/v2\/posts\/131162"}],"collection":[{"href":"https:\/\/gazdasagportal.hu\/index.php\/wp-json\/wp\/v2\/posts"}],"about":[{"href":"https:\/\/gazdasagportal.hu\/index.php\/wp-json\/wp\/v2\/types\/post"}],"author":[{"embeddable":true,"href":"https:\/\/gazdasagportal.hu\/index.php\/wp-json\/wp\/v2\/users\/1001006"}],"replies":[{"embeddable":true,"href":"https:\/\/gazdasagportal.hu\/index.php\/wp-json\/wp\/v2\/comments?post=131162"}],"version-history":[{"count":1,"href":"https:\/\/gazdasagportal.hu\/index.php\/wp-json\/wp\/v2\/posts\/131162\/revisions"}],"predecessor-version":[{"id":131163,"href":"https:\/\/gazdasagportal.hu\/index.php\/wp-json\/wp\/v2\/posts\/131162\/revisions\/131163"}],"wp:attachment":[{"href":"https:\/\/gazdasagportal.hu\/index.php\/wp-json\/wp\/v2\/media?parent=131162"}],"wp:term":[{"taxonomy":"category","embeddable":true,"href":"https:\/\/gazdasagportal.hu\/index.php\/wp-json\/wp\/v2\/categories?post=131162"},{"taxonomy":"post_tag","embeddable":true,"href":"https:\/\/gazdasagportal.hu\/index.php\/wp-json\/wp\/v2\/tags?post=131162"}],"curies":[{"name":"wp","href":"https:\/\/api.w.org\/{rel}","templated":true}]}}