{"id":13115,"date":"2013-08-06T09:41:18","date_gmt":"2013-08-06T07:41:18","guid":{"rendered":"http:\/\/stockportal.hu\/?p=13115"},"modified":"2013-08-07T10:02:38","modified_gmt":"2013-08-07T08:02:38","slug":"szazevesen-100-milliardos-bevetelrol-szamolt-be-az-egis","status":"publish","type":"post","link":"https:\/\/gazdasagportal.hu\/index.php\/szazevesen-100-milliardos-bevetelrol-szamolt-be-az-egis\/","title":{"rendered":"Sz\u00e1z\u00e9vesen 100 milli\u00e1rdos bev\u00e9telr\u0151l sz\u00e1molt be az Egis"},"content":{"rendered":"<p><strong>Az Egis cs\u00f6kken\u0151 negyed\u00e9ves eredm\u00e9nyr\u0151l sz\u00e1molt be. Az id\u0151szak v\u00e9g\u00e9n 1,5 milli\u00e1rd forint m\u00ednusz p\u00e9nz\u00fcgyi eredm\u00e9nyt kellett elsz\u00e1molniuk. A negyed\u00e9v \u00e1rbev\u00e9tele a tavalyihoz k\u00e9pest stagn\u00e1lt, viszont a c\u00e9gcsoport \u00e9let\u00e9ben el\u0151sz\u00f6r \u00e9rte el a 100 milli\u00e1rd forintos \u00e9ves \u00e1rbev\u00e9telt.<!--more--><\/strong><\/p>\n<p>&nbsp;<br \/>\n<object width=\"480\" height=\"270\" data=\"http:\/\/gazdasagtv.hu\/embed\/?id=5472\" type=\"application\/x-shockwave-flash\"><param value=\"http:\/\/gazdasagtv.hu\/embed\/?id=5472\" name=\"data\"><param value=\"http:\/\/gazdasagtv.hu\/embed\/?id=5472\" name=\"src\"><param value=\"false\" name=\"menu\"><param value=\"high\" name=\"quality\"><param value=\"#000000\" name=\"bgcolor\"><param value=\"transparent\" name=\"wmode\"><param value=\"file=http:\/\/88.151.99.192\/video\/2013-08-05\/gtv-reszvenypiac-egis-gyorsjelentes-2013-augusztus2-v2_hd.mp4&#038;image=http:\/\/88.151.99.192\/image\/gen\/2013-08-06\/5472.jpg&#038;showdigits=true&#038;autostart=false&#038;repeat=false&#038;dock=true&#038;controlbar=over&#038;plugins=http:\/\/plugins.longtailvideo.com\/yourlytics-1.swf,timeslidertooltipplugin-2&#038;skin=http:\/\/gazdasagtv.hu\/swf\/skin.zip\" name=\"flashvars\"><\/object><br \/>Forr\u00e1s: <a href=\"http:\/\/gazdasagtv.hu\" style=\"color: #df1100; font-weight: bold; text-decoration: none;\" target=\"_blank\" rel=\"noopener\">Gazdas\u00e1gTV.hu<\/a><\/p>\n","protected":false},"excerpt":{"rendered":"<p>Az Egis cs\u00f6kken\u0151 negyed\u00e9ves eredm\u00e9nyr\u0151l sz\u00e1molt be. Az id\u0151szak v\u00e9g\u00e9n 1,5 milli\u00e1rd forint m\u00ednusz p\u00e9nz\u00fcgyi eredm\u00e9nyt kellett elsz\u00e1molniuk. A negyed\u00e9v \u00e1rbev\u00e9tele a tavalyihoz k\u00e9pest stagn\u00e1lt, viszont a c\u00e9gcsoport \u00e9let\u00e9ben el\u0151sz\u00f6r \u00e9rte el a 100 milli\u00e1rd forintos \u00e9ves \u00e1rbev\u00e9telt.<\/p>\n","protected":false},"author":1,"featured_media":0,"comment_status":"open","ping_status":"closed","sticky":false,"template":"","format":"standard","meta":[],"categories":[113,39,7],"tags":[],"_links":{"self":[{"href":"https:\/\/gazdasagportal.hu\/index.php\/wp-json\/wp\/v2\/posts\/13115"}],"collection":[{"href":"https:\/\/gazdasagportal.hu\/index.php\/wp-json\/wp\/v2\/posts"}],"about":[{"href":"https:\/\/gazdasagportal.hu\/index.php\/wp-json\/wp\/v2\/types\/post"}],"author":[{"embeddable":true,"href":"https:\/\/gazdasagportal.hu\/index.php\/wp-json\/wp\/v2\/users\/1"}],"replies":[{"embeddable":true,"href":"https:\/\/gazdasagportal.hu\/index.php\/wp-json\/wp\/v2\/comments?post=13115"}],"version-history":[{"count":2,"href":"https:\/\/gazdasagportal.hu\/index.php\/wp-json\/wp\/v2\/posts\/13115\/revisions"}],"predecessor-version":[{"id":13251,"href":"https:\/\/gazdasagportal.hu\/index.php\/wp-json\/wp\/v2\/posts\/13115\/revisions\/13251"}],"wp:attachment":[{"href":"https:\/\/gazdasagportal.hu\/index.php\/wp-json\/wp\/v2\/media?parent=13115"}],"wp:term":[{"taxonomy":"category","embeddable":true,"href":"https:\/\/gazdasagportal.hu\/index.php\/wp-json\/wp\/v2\/categories?post=13115"},{"taxonomy":"post_tag","embeddable":true,"href":"https:\/\/gazdasagportal.hu\/index.php\/wp-json\/wp\/v2\/tags?post=13115"}],"curies":[{"name":"wp","href":"https:\/\/api.w.org\/{rel}","templated":true}]}}