{"id":131123,"date":"2020-11-12T15:42:51","date_gmt":"2020-11-12T14:42:51","guid":{"rendered":"http:\/\/gazdasagportal.hu\/?p=131123"},"modified":"2020-11-12T15:42:51","modified_gmt":"2020-11-12T14:42:51","slug":"ismet-kelet-kozep-europa-elere-allt-az-erste-csoport-privatbankja","status":"publish","type":"post","link":"https:\/\/gazdasagportal.hu\/index.php\/ismet-kelet-kozep-europa-elere-allt-az-erste-csoport-privatbankja\/","title":{"rendered":"Ism\u00e9t Kelet-K\u00f6z\u00e9p-Eur\u00f3pa \u00e9l\u00e9re \u00e1llt  az Erste Csoport priv\u00e1tbankja"},"content":{"rendered":"<p><strong>Az Erste Csoport nyerte a The Banker magazin \u00e9s a PWM (Professional Wealth Management) vagyonkezel\u00e9si magazin legjobb kelet-k\u00f6z\u00e9p-eur\u00f3pai priv\u00e1tbanknak j\u00e1r\u00f3 d\u00edj\u00e1t 2020-ban. Emellett az Erste Private Banking kapta a Financial Times Csoporthoz tartoz\u00f3 k\u00e9t szakmai foly\u00f3iratt\u00f3l a legjobb ausztriai priv\u00e1tbanknak j\u00e1r\u00f3 d\u00edjat 2020-ban.<\/strong><\/p>\n<ul>\n<li><strong>Sorozatban hetedik alkalommal \u00edt\u00e9lte oda az Erste Csoportnak a legjobb kelet-k\u00f6z\u00e9p-eur\u00f3pai priv\u00e1tbanknak j\u00e1r\u00f3 d\u00edjat a The Banker \u00e9s a PWM magazin az id\u00e9n <\/strong><\/li>\n<li><strong>Az Erste Private Banking nyerte a \u201eLegjobb Priv\u00e1tbank Ausztri\u00e1ban 2020-ban\u201d elismer\u00e9st is<\/strong><\/li>\n<li><strong>A hazai priv\u00e1tbanki szakma<\/strong> <strong>az \u201e\u00c9v Magyar Priv\u00e1tbanki Szolg\u00e1ltat\u00f3ja\u201d c\u00edmmel d\u00edjazta az<\/strong> <strong>Erste Bank Hungary priv\u00e1tbanki \u00fczlet\u00e1g\u00e1nak teljes\u00edtm\u00e9ny\u00e9t<\/strong><\/li>\n<\/ul>\n<div class=\"ads-in-post1\"><div id=\"gazdasagportal.hu_fullbanner_wideboard\"><\/div>\r\n<\/div>\n<em>\u201e\u00daj, csak a priv\u00e1tbanki \u00fczlet\u00e1gban k\u00edn\u00e1lt befektet\u00e9si term\u00e9kekkel \u00e9s szolg\u00e1ltat\u00e1sokkal b\u0151v\u00edtett\u00fck a palett\u00e1t, k\u00fcl\u00f6n\u00f6s tekintettel a diszkrecion\u00e1lis portf\u00f3li\u00f3kezel\u00e9sre \u00e9s az ESG-megold\u00e1sokra\u201d<\/em> \u2013 mondta el Michael Tr\u00f6thann, a kelet-k\u00f6z\u00e9p-eur\u00f3pai lakoss\u00e1gi \u00e9rt\u00e9kes\u00edt\u00e9si \u00e9s \u00fczletfejleszt\u00e9si div\u00edzi\u00f3 vezet\u0151je. <em>\u201eA pand\u00e9mia miatti lez\u00e1r\u00e1sok id\u0151szak\u00e1ban a sz\u00e9les k\u00f6rben elismert digit\u00e1lis banki platformunk, George rekordsz\u00e1m\u00fa tranzakci\u00f3t kezelt, a keresked\u00e9si rendszer\u00fcnk szint\u00e9n hib\u00e1tlanul teljes\u00edtett a megn\u00f6vekedett haszn\u00e1lat mellett is\u201d<\/em> \u2013 h\u00fazta al\u00e1. <em>\u201eA v\u00e1ls\u00e1g tov\u00e1bb er\u0151s\u00edtette elt\u00f6k\u00e9lts\u00e9g\u00fcnket, hogy a digit\u00e1lis \u00e1talakul\u00e1s \u00fatt\u00f6r\u0151i maradjunk, k\u00fcl\u00f6n figyelve tan\u00e1csad\u00f3i eszk\u00f6zeink \u00e9s folyamataink digit\u00e1lis min\u0151s\u00e9g\u00e9nek fejleszt\u00e9s\u00e9re\u201d<\/em> \u2013 tette hozz\u00e1 Michael Tr\u00f6thann.<\/p>\n<p><strong>A legjobb priv\u00e1tbank Kelet-K\u00f6z\u00e9p-Eur\u00f3p\u00e1ban<\/strong><\/p>\n<p>Az Erste Private Banking vagyonkezel\u00e9si szolg\u00e1ltat\u00e1sok teljes sk\u00e1l\u00e1j\u00e1t k\u00edn\u00e1lja kiterjedt region\u00e1lis tevek\u00e9nys\u00e9g\u00e9n kereszt\u00fcl, hiszen hat orsz\u00e1gban \u2013 Ausztri\u00e1ban, Csehorsz\u00e1gban, Horv\u00e1torsz\u00e1gban, Magyarorsz\u00e1gon, Rom\u00e1ni\u00e1ban \u00e9s Szlov\u00e1ki\u00e1ban \u2013 van jelen. Mintegy h\u00faszezer priv\u00e1tbanki \u00fcgyfele sz\u00e1m\u00e1ra ny\u00fajt szolg\u00e1ltat\u00e1sokat a r\u00e9gi\u00f3s \u00e9s a vil\u00e1g egy\u00e9b piacain. 2019-ben minden kelet-k\u00f6z\u00e9p-eur\u00f3pai piacon a portf\u00f3li\u00f3k \u00fajrarendez\u00e9se volt a f\u0151 feladat. A befektet\u00e9sek \u00e9ves \u00f6sszehasonl\u00edt\u00e1sban 10,3 sz\u00e1zal\u00e9kkal n\u00f6velt\u00e9k a kezelt vagyont.<\/p><div id=\"gazda-1100734285\" class=\"gazda-tartalomban gazda-entity-placement\"><script async src=\"https:\/\/pagead2.googlesyndication.com\/pagead\/js\/adsbygoogle.js\"><\/script>\r\n<ins class=\"adsbygoogle\"\r\n     style=\"display:block\"\r\n     data-ad-format=\"fluid\"\r\n     data-ad-layout-key=\"-6t+ed+2i-1n-4w\"\r\n     data-ad-client=\"ca-pub-1959107119989764\"\r\n     data-ad-slot=\"4008251320\"><\/ins>\r\n<script>\r\n     (adsbygoogle = window.adsbygoogle || []).push({});\r\n<\/script><\/div>\n<p><strong>A legjobb priv\u00e1tbank Ausztri\u00e1ban <\/strong><\/p>\n<p>Az Erste Private Banking az id\u00e9n imm\u00e1r hatodik alkalommal nyerte el a \u201eLegjobb Priv\u00e1tbank Ausztri\u00e1ban\u201d d\u00edjat. <em>\u201eAz Erste Private Banking Austria az \u00fcgyfelek p\u00e9nz\u00fcgyi ig\u00e9nyeihez szabja szolg\u00e1ltat\u00e1sait, \u00e9s t\u00e1mogatja \u0151ket egy\u00e9ni p\u00e9nz\u00fcgyi c\u00e9ljaik el\u00e9r\u00e9sben\u201d<\/em> \u2013 jelentette ki Roland Jacubetz, az ausztriai priv\u00e1tbanki \u00e9s vagyonkezel\u00e9si \u00fczlet\u00e1g vezet\u0151je. <em>\u201eTan\u00e1csad\u00f3ink egy priv\u00e1tbank \u00e1tfog\u00f3, szem\u00e9lyre sz\u00f3l\u00f3 szolg\u00e1ltat\u00e1sait k\u00edn\u00e1lj\u00e1k, ami ugyanakkor egy nemzetk\u00f6zileg is sikeres p\u00e9nz\u00fcgyi csoport \u00e1ltal garant\u00e1lt biztons\u00e1ggal \u00e9s soksz\u00edn\u0171s\u00e9ggel p\u00e1rosul\u201d<\/em> \u2013 tette hozz\u00e1.<\/p>\n<div class=\"ads-in-post1\"><div id=\"gazdasagportal.hu_fullbanner_wideboard\"><\/div>\r\n<\/div>\n<strong>\u00a0<\/strong><\/p>\n<p><strong>A The Banker \u00e9s a PWM glob\u00e1lis priv\u00e1tbanki d\u00edja<\/strong><\/p>\n<p>A d\u00edjakat oda\u00edt\u00e9l\u0151 bizotts\u00e1g 15 vezet\u0151 ipar\u00e1gi szakemberb\u0151l \u00e1llt, akik t\u00f6bb mint 120 priv\u00e1tbank eredm\u00e9nyeit vetett\u00e9k \u00f6ssze olyan alapadatok seg\u00edts\u00e9g\u00e9vel, mint p\u00e9ld\u00e1ul a portf\u00f3li\u00f3kezel\u00e9s, az eszk\u00f6zallok\u00e1ci\u00f3, a kock\u00e1zatkezel\u00e9s, diverzit\u00e1s, n\u00f6veked\u00e9si strat\u00e9gi\u00e1k, \u00fcgyf\u00e9lszolg\u00e1lat, fenntarthat\u00f3s\u00e1gi \u00e9s t\u00e1rsadalmi c\u00e9l\u00fa befektet\u00e9sek, \u00fczleti modell, ut\u00f3dl\u00e1stervez\u00e9s, emberbar\u00e1ti szolg\u00e1ltat\u00e1sok, munkaer\u0151-megtart\u00e1s, priv\u00e1tbank\u00e1rok oktat\u00e1sa \u00e9s k\u00e9pz\u00e9se. Valamint a koronav\u00edrus-j\u00e1rv\u00e1nyra adott \u00fczletfolytonoss\u00e1gi int\u00e9zked\u00e9sek, \u00e9s v\u00e9g\u00fcl, de nem utols\u00f3sorban, az innov\u00e1ci\u00f3.<\/p>\n<p><strong>Elismer\u00e9s az Erste Bank Hungary priv\u00e1tbanki \u00fczlet\u00e1g\u00e1nak<\/strong><\/p>\n<p>Az Erste Csoport nemzetk\u00f6zi elismer\u00e9sei mellett az Erste Bank Hungary priv\u00e1tbanki \u00fczlet\u00e1g\u00e1nak teljes\u00edtm\u00e9ny\u00e9t a hazai priv\u00e1tbanki szakma d\u00edjazta. A Blochamps Capital priv\u00e1tbanki tan\u00e1csad\u00f3 szervez\u00e9s\u00e9ben megrendezett Private Banking Hungary d\u00edj\u00e1tad\u00f3n az OTP Private Bankinggel holtversenyben az Erste Bank ki\u00e9rdemelte az \u201e\u00c9v Magyar Priv\u00e1tbanki Szolg\u00e1ltat\u00f3ja\u201d c\u00edmet. <em>&#8222;Az elm\u00falt h\u00f3napok t\u0151kepiaci turbulenci\u00e1ja ism\u00e9t r\u00e1vil\u00e1g\u00edtotta diverzifik\u00e1ci\u00f3 fontoss\u00e1g\u00e1ra, melyhez nagyon j\u00f3l j\u00f6tt, hogy tavaly \u00e1t\u00e1lltunk a Multi Advisor Modellre, amelyben az Erste egy teljes szak\u00e9rt\u0151i csapatot bocs\u00e1t \u00fcgyfelei rendelkez\u00e9s\u00e9re, akik szem\u00e9lyre szabott portf\u00f3li\u00f3 kialak\u00edt\u00e1sa mellett folyamatosan rendelkez\u00e9sre \u00e1llnak, \u00e9s sz\u00e1ll\u00edtj\u00e1k a befektet\u00e9si \u00f6tleteket&#8221;<\/em> \u2013 mondta el Somlai L\u00e1szl\u00f3, az Erste Bank priv\u00e1tbanki vezet\u0151je. <em>&#8222;A magyarorsz\u00e1gi Erste-csoport \u00e1ltal kezelt befektet\u00e9sek \u00e9rt\u00e9ke szeptember v\u00e9g\u00e9n meghaladta a 2000 milli\u00e1rd forintot, amely 9 sz\u00e1zal\u00e9kos n\u00f6veked\u00e9st\u00a0jelent az egy \u00e9vvel kor\u00e1bbihoz k\u00e9pest&#8221;<\/em> \u2013 tette hozz\u00e1 Somlai L\u00e1szl\u00f3<\/p>\n","protected":false},"excerpt":{"rendered":"<p>Az Erste Csoport nyerte a The Banker magazin \u00e9s a PWM (Professional Wealth Management) vagyonkezel\u00e9si magazin legjobb kelet-k\u00f6z\u00e9p-eur\u00f3pai priv\u00e1tbanknak j\u00e1r\u00f3 d\u00edj\u00e1t 2020-ban. Emellett az Erste Private Banking kapta a Financial Times Csoporthoz tartoz\u00f3 k\u00e9t szakmai foly\u00f3iratt\u00f3l a legjobb ausztriai priv\u00e1tbanknak j\u00e1r\u00f3 d\u00edjat 2020-ban. Sorozatban hetedik alkalommal \u00edt\u00e9lte oda az Erste Csoportnak a legjobb kelet-k\u00f6z\u00e9p-eur\u00f3pai priv\u00e1tbanknak &#8230;<\/p>\n","protected":false},"author":1001006,"featured_media":0,"comment_status":"closed","ping_status":"open","sticky":false,"template":"","format":"standard","meta":[],"categories":[19],"tags":[],"_links":{"self":[{"href":"https:\/\/gazdasagportal.hu\/index.php\/wp-json\/wp\/v2\/posts\/131123"}],"collection":[{"href":"https:\/\/gazdasagportal.hu\/index.php\/wp-json\/wp\/v2\/posts"}],"about":[{"href":"https:\/\/gazdasagportal.hu\/index.php\/wp-json\/wp\/v2\/types\/post"}],"author":[{"embeddable":true,"href":"https:\/\/gazdasagportal.hu\/index.php\/wp-json\/wp\/v2\/users\/1001006"}],"replies":[{"embeddable":true,"href":"https:\/\/gazdasagportal.hu\/index.php\/wp-json\/wp\/v2\/comments?post=131123"}],"version-history":[{"count":1,"href":"https:\/\/gazdasagportal.hu\/index.php\/wp-json\/wp\/v2\/posts\/131123\/revisions"}],"predecessor-version":[{"id":131124,"href":"https:\/\/gazdasagportal.hu\/index.php\/wp-json\/wp\/v2\/posts\/131123\/revisions\/131124"}],"wp:attachment":[{"href":"https:\/\/gazdasagportal.hu\/index.php\/wp-json\/wp\/v2\/media?parent=131123"}],"wp:term":[{"taxonomy":"category","embeddable":true,"href":"https:\/\/gazdasagportal.hu\/index.php\/wp-json\/wp\/v2\/categories?post=131123"},{"taxonomy":"post_tag","embeddable":true,"href":"https:\/\/gazdasagportal.hu\/index.php\/wp-json\/wp\/v2\/tags?post=131123"}],"curies":[{"name":"wp","href":"https:\/\/api.w.org\/{rel}","templated":true}]}}