{"id":131052,"date":"2020-11-09T17:29:07","date_gmt":"2020-11-09T16:29:07","guid":{"rendered":"http:\/\/gazdasagportal.hu\/?p=131052"},"modified":"2020-11-09T16:30:35","modified_gmt":"2020-11-09T15:30:35","slug":"brexit-londonban-folytatodnak-a-targyalasok","status":"publish","type":"post","link":"https:\/\/gazdasagportal.hu\/index.php\/brexit-londonban-folytatodnak-a-targyalasok\/","title":{"rendered":"Brexit &#8211; Londonban folytat\u00f3dnak a t\u00e1rgyal\u00e1sok"},"content":{"rendered":"<p><strong>Londonban folytat\u00f3dnak h\u00e9tf\u0151n a t\u00e1rgyal\u00e1sok az Egyes\u00fclt Kir\u00e1lys\u00e1g \u00e9s az Eur\u00f3pai Uni\u00f3 j\u00f6v\u0151beni kapcsolatrendszer\u00e9nek felt\u00e9teleir\u0151l.<\/strong><!--more--><\/p>\n<div class=\"ads-in-post1\"><div id=\"gazdasagportal.hu_fullbanner_wideboard\"><\/div>\r\n<\/div>\n<p>    Err\u0151l Boris Johnson brit minisztereln\u00f6k \u00e9s Ursula von der Leyen, az Eur\u00f3pai Bizotts\u00e1g eln\u00f6ke \u00e1llapodott meg szombaton, amikor telefonon t\u00e1rgyalt egym\u00e1ssal, hogy &#8211; a Downing Street sz\u00f3viv\u0151j\u00e9nek megfogalmaz\u00e1sa szerint &#8211; &#8222;lelt\u00e1rt vegyenek fel&#8221; a k\u00e9toldal\u00fa t\u00e1rgyal\u00e1sok eddigi eredm\u00e9nyeir\u0151l.<br \/>\n    Nem sokkal a cs\u00facsszint\u0171 kapcsolatfelv\u00e9tel ut\u00e1n David Frost, a brit t\u00e1rgyal\u00f3k\u00fcld\u00f6tts\u00e9g vezet\u0151je is bejelentette, hogy h\u00e9tf\u0151n ism\u00e9t tal\u00e1lkozik Michel Barnier-val, az Eur\u00f3pai Bizotts\u00e1g k\u00fcld\u00f6tts\u00e9gvezet\u0151j\u00e9vel.<br \/>\n    A legut\u00f3bbi t\u00e1rgyal\u00e1si fordul\u00f3 m\u00falt szerd\u00e1n \u00e9rt v\u00e9get. Frost a Twitteren k\u00f6zz\u00e9tett aznapi bejegyz\u00e9s\u00e9ben k\u00f6z\u00f6lte, hogy van ugyan el\u0151rel\u00e9p\u00e9s, de bizonyos k\u00f6zponti jelent\u0151s\u00e9g\u0171 \u00fcgyekben v\u00e1ltozatlanul &#8222;er\u0151sen sz\u00e9ttartanak a n\u00e9zetek&#8221;.<br \/>\n    Michel Barnier ezzel egy id\u0151ben k\u00f6zz\u00e9tett Twitter-bejegyz\u00e9s\u00e9ben nagyon s\u00falyosnak nevezte a fennmaradt n\u00e9zetk\u00fcl\u00f6nbs\u00e9geket f\u0151leg az egyenl\u0151 versenyfelt\u00e9telek \u00e9s a hal\u00e1szat szab\u00e1lyoz\u00e1s\u00e1nak \u00fcgy\u00e9ben. Hozz\u00e1tette: e k\u00e9t ter\u00fclet alapvet\u0151 fontoss\u00e1g\u00fa b\u00e1rmilyen gazdas\u00e1gi viszonyrendszerben.<br \/>\n    Barnier alig burkoltan utalt arra is, hogy nem biztos a meg\u00e1llapod\u00e1s el\u00e9r\u00e9se Londonnal, k\u00f6z\u00f6lve: az EU &#8222;minden forgat\u00f3k\u00f6nyvre felk\u00e9sz\u00fclt&#8221;.<br \/>\n    A londoni minisztereln\u00f6ki hivatal t\u00e1j\u00e9koztat\u00e1sa szerint az Eur\u00f3pai Bizotts\u00e1g eln\u00f6k\u00e9vel tartott telefonos megbesz\u00e9l\u00e9s\u00e9n Boris Johnson is annak a v\u00e9lem\u00e9ny\u00e9nek adott hangot, hogy sz\u00e1mos ter\u00fcleten v\u00e1ltozatlanul igen t\u00e1vol \u00e1llnak egym\u00e1st\u00f3l London \u00e9s az EU n\u00e9zetei. A brit korm\u00e1nyf\u0151 is az egyenl\u0151 versenyfelt\u00e9telek szab\u00e1lyoz\u00e1s\u00e1t \u00e9s a hal\u00e1szatot emelte ki a legink\u00e1bb vitatott k\u00e9rd\u00e9sek k\u00f6z\u00f6tt.<br \/>\n    Az Egyes\u00fclt Kir\u00e1lys\u00e1g janu\u00e1r 31-\u00e9n kil\u00e9pett az Eur\u00f3pai Uni\u00f3b\u00f3l. T\u00e1voz\u00e1s\u00e1nak napj\u00e1n 11 h\u00f3napos, vagyis december 31-ig tart\u00f3 \u00e1tmeneti id\u0151szak kezd\u0151d\u00f6tt azzal a c\u00e9llal, hogy legyen id\u0151 a meg\u00e1llapod\u00e1sra a majdani k\u00e9toldal\u00fa kapcsolatrendszer felt\u00e9teleir\u0151l.<br \/>\n<div class=\"ads-in-post1\"><div id=\"gazdasagportal.hu_fullbanner_wideboard\"><\/div>\r\n<\/div>\n    A brit korm\u00e1ny mindenekel\u0151tt szabadkereskedelmi meg\u00e1llapod\u00e1sra t\u00f6rekszik az EU-val.<br \/>\n    London is folyamatosan hangs\u00falyozza azonban, hogy nem biztos a meg\u00e1llapod\u00e1s el\u00e9r\u00e9se, \u00e9s ha ez v\u00e9g\u00fcl lehetetlennek bizonyul, az Egyes\u00fclt Kir\u00e1lys\u00e1g janu\u00e1rt\u00f3l &#8222;ausztr\u00e1liai t\u00edpus\u00fa&#8221; felt\u00e9telrendszerben folytatja kereskedelm\u00e9t az uni\u00f3val.<br \/>\n    A brit korm\u00e1ny \u00e1ltal a lehet\u0151s\u00e9gek k\u00f6z\u00f6tt rendszeresen emlegetett ausztr\u00e1liai t\u00edpus\u00fa felt\u00e9telrendszer val\u00f3j\u00e1ban azt jelenten\u00e9, hogy meg\u00e1llapod\u00e1s h\u00edj\u00e1n az Egyes\u00fclt Kir\u00e1lys\u00e1g \u00e9s az EU kereskedelme janu\u00e1rt\u00f3l a Kereskedelmi Vil\u00e1gszervezet (WTO) \u00e1ltal\u00e1nos szab\u00e1lyrendszere alapj\u00e1n folytat\u00f3dna, ez viszont v\u00e1mok megjelen\u00e9s\u00e9vel j\u00e1rna a jelenleg akad\u00e1lytalan k\u00e9toldal\u00fa kereskedelmi forgalomban.<br \/>\n    A t\u00e1rgyal\u00e1sok azonban egyel\u0151re folytat\u00f3dnak, annak ellen\u00e9re is, hogy Boris Johnson kor\u00e1bban okt\u00f3ber 15-\u00e9t jel\u00f6lte ki a meg\u00e1llapod\u00e1s hat\u00e1ridej\u00e9\u00fcl, kijelentve: ann\u00e1l k\u00e9s\u0151bbi id\u0151pontban \u0151 nem l\u00e1t es\u00e9lyt a k\u00e9toldal\u00fa szabadkereskedelmi egyezm\u00e9ny l\u00e9trej\u00f6tt\u00e9re.<br \/>\n<div class=\"ads-in-post1\"><div id=\"gazdasagportal.hu_fullbanner_wideboard\"><\/div>\r\n<\/div>\n    Johnson ugyanakkor vas\u00e1rnap este a BBC telev\u00edzi\u00f3nak nyilatkozva azt mondta: mindig is lelkes h\u00edve volt annak, hogy Nagy-Britannia kereskedelmi meg\u00e1llapod\u00e1sra jusson &#8222;eur\u00f3pai bar\u00e1taival \u00e9s partnereivel&#8221;, e meg\u00e1llapod\u00e1s k\u00f6rvonalai meglehet\u0151sen egy\u00e9rtelm\u0171en ki is rajzol\u00f3dtak, \u00e9s m\u00e1r csak arra van sz\u00fcks\u00e9g, hogy a k\u00e9t f\u00e9l megtegye a m\u00e9g sz\u00fcks\u00e9ges l\u00e9p\u00e9seket.(MTI)<\/p>\n","protected":false},"excerpt":{"rendered":"<p>Londonban folytat\u00f3dnak h\u00e9tf\u0151n a t\u00e1rgyal\u00e1sok az Egyes\u00fclt Kir\u00e1lys\u00e1g \u00e9s az Eur\u00f3pai Uni\u00f3 j\u00f6v\u0151beni kapcsolatrendszer\u00e9nek felt\u00e9teleir\u0151l.<\/p>\n","protected":false},"author":1001006,"featured_media":0,"comment_status":"closed","ping_status":"open","sticky":false,"template":"","format":"standard","meta":[],"categories":[12,246],"tags":[],"_links":{"self":[{"href":"https:\/\/gazdasagportal.hu\/index.php\/wp-json\/wp\/v2\/posts\/131052"}],"collection":[{"href":"https:\/\/gazdasagportal.hu\/index.php\/wp-json\/wp\/v2\/posts"}],"about":[{"href":"https:\/\/gazdasagportal.hu\/index.php\/wp-json\/wp\/v2\/types\/post"}],"author":[{"embeddable":true,"href":"https:\/\/gazdasagportal.hu\/index.php\/wp-json\/wp\/v2\/users\/1001006"}],"replies":[{"embeddable":true,"href":"https:\/\/gazdasagportal.hu\/index.php\/wp-json\/wp\/v2\/comments?post=131052"}],"version-history":[{"count":1,"href":"https:\/\/gazdasagportal.hu\/index.php\/wp-json\/wp\/v2\/posts\/131052\/revisions"}],"predecessor-version":[{"id":131053,"href":"https:\/\/gazdasagportal.hu\/index.php\/wp-json\/wp\/v2\/posts\/131052\/revisions\/131053"}],"wp:attachment":[{"href":"https:\/\/gazdasagportal.hu\/index.php\/wp-json\/wp\/v2\/media?parent=131052"}],"wp:term":[{"taxonomy":"category","embeddable":true,"href":"https:\/\/gazdasagportal.hu\/index.php\/wp-json\/wp\/v2\/categories?post=131052"},{"taxonomy":"post_tag","embeddable":true,"href":"https:\/\/gazdasagportal.hu\/index.php\/wp-json\/wp\/v2\/tags?post=131052"}],"curies":[{"name":"wp","href":"https:\/\/api.w.org\/{rel}","templated":true}]}}