{"id":131045,"date":"2020-11-09T14:53:25","date_gmt":"2020-11-09T13:53:25","guid":{"rendered":"http:\/\/gazdasagportal.hu\/?p=131045"},"modified":"2020-11-09T14:53:25","modified_gmt":"2020-11-09T13:53:25","slug":"felfuti-a-kandallok-piacat-a-praktiker","status":"publish","type":"post","link":"https:\/\/gazdasagportal.hu\/index.php\/felfuti-a-kandallok-piacat-a-praktiker\/","title":{"rendered":"Felf\u0171ti a kandall\u00f3k piac\u00e1t a Praktiker"},"content":{"rendered":"<p><strong>A f\u0171t\u00e9stechnikai berendez\u00e9sek szortimentj\u00e9nek b\u0151v\u00edt\u00e9s\u00e9vel \u00e9s \u00e1rakci\u00f3kkal k\u00edv\u00e1nja felpezsd\u00edteni a Praktiker a hazai kandall\u00f3 \u00e9s k\u00e1lyha piacot.<\/strong><!--more--><\/p>\n<div class=\"ads-in-post1\"><div id=\"gazdasagportal.hu_fullbanner_wideboard\"><\/div>\r\n<\/div>\n<p><a href=\"https:\/\/gazdasagportal.hu\/wp-content\/uploads\/2020\/11\/como-21-pellet-kandallo.jpg\"><img decoding=\"async\" loading=\"lazy\" src=\"https:\/\/gazdasagportal.hu\/wp-content\/uploads\/2020\/11\/como-21-pellet-kandallo-300x300.jpg\" alt=\"\" width=\"300\" height=\"300\" class=\"alignleft size-medium wp-image-131046\" srcset=\"https:\/\/gazdasagportal.hu\/wp-content\/uploads\/2020\/11\/como-21-pellet-kandallo-300x300.jpg 300w, https:\/\/gazdasagportal.hu\/wp-content\/uploads\/2020\/11\/como-21-pellet-kandallo-150x150.jpg 150w, https:\/\/gazdasagportal.hu\/wp-content\/uploads\/2020\/11\/como-21-pellet-kandallo-70x70.jpg 70w, https:\/\/gazdasagportal.hu\/wp-content\/uploads\/2020\/11\/como-21-pellet-kandallo.jpg 600w\" sizes=\"(max-width: 300px) 100vw, 300px\" \/><\/a>A Praktikernek mintegy 20 \u00e9ves tapasztalata van a hazai kandall\u00f3 \u00e9s k\u00e1lyha piacon, az idei esztend\u0151ben t\u00f6bb mint 270 f\u00e9le f\u0171t\u00e9stechnikai berendez\u00e9s \u00e9s megold\u00e1s k\u00f6z\u00fcl v\u00e1laszthatnak a v\u00e1s\u00e1rl\u00f3k, legyen sz\u00f3 szabadon \u00e1ll\u00f3 lemez- vagy \u00f6ntv\u00e9nykandall\u00f3r\u00f3l, cser\u00e9pkandall\u00f3r\u00f3l, elektromos f\u0171t\u0151k\u00e9sz\u00fcl\u00e9kekr\u0151l, k\u00fclt\u00e9ri f\u0171t\u0151k\u00e9sz\u00fcl\u00e9kr\u0151l, illetve olyan kieg\u00e9sz\u00edt\u0151kr\u0151l, mint p\u00e9ld\u00e1ul a f\u00fcstcs\u00f6vek, a kandall\u00f3tisztit\u00f3k vagy a hamuporsz\u00edv\u00f3k. A Praktiker 13 f\u00e9le t\u00fczel\u0151anyagot is forgalmaz \u00e1ruh\u00e1zaiban orsz\u00e1gszerte.<\/p>\n<p>A legolcs\u00f3bb kandall\u00f3 a l\u00e9nyeg\u00e9ben \u201em\u0171helyk\u00e1lyhak\u00e9nt\u201d funkcion\u00e1l\u00f3 Termo Klasik, amely m\u00e1r akci\u00f3s, 27 990 \u00e9s 29 990 forintos \u00e1ron megv\u00e1s\u00e1rolhat\u00f3, m\u00edg a nagyobb teret is bef\u0171t\u0151 modellek k\u00f6z\u00fcl a Thalia Nera Plus lemezkandall\u00f3 a legkedvez\u0151bb \u00e1rfekv\u00e9s\u0171, amelyet akci\u00f3san m\u00e1r 39 990 forint\u00e9rt meg lehet venni a Praktikerben. Klasszikus design jellemzi a legdr\u00e1g\u00e1bb, kiz\u00e1r\u00f3lag vev\u0151rendel\u00e9sre el\u00e9rhet\u0151 k\u00fcrt\u0151s-padk\u00e1s, \u00f6ntv\u00e9ny t\u0171zt\u00e9rrel gy\u00e1rtott K\u00f6ln csempekandall\u00f3t \u2013 ez\u00e9rt m\u00e1r f\u00e9lmilli\u00f3 forintot kell fizetni. Egyes pr\u00e9mium kandall\u00f3kat csak online lehet megv\u00e1s\u00e1rolni, ezek k\u00f6z\u00fcl kiemelkedik a Como 21 v\u00edzteres pellett kandall\u00f3 749 990 forintos \u00e1r\u00e1val.<\/p><div id=\"gazda-85408901\" class=\"gazda-tartalomban gazda-entity-placement\"><script async src=\"https:\/\/pagead2.googlesyndication.com\/pagead\/js\/adsbygoogle.js\"><\/script>\r\n<ins class=\"adsbygoogle\"\r\n     style=\"display:block\"\r\n     data-ad-format=\"fluid\"\r\n     data-ad-layout-key=\"-6t+ed+2i-1n-4w\"\r\n     data-ad-client=\"ca-pub-1959107119989764\"\r\n     data-ad-slot=\"4008251320\"><\/ins>\r\n<script>\r\n     (adsbygoogle = window.adsbygoogle || []).push({});\r\n<\/script><\/div>\n<p>Az ut\u00f3bbi \u00e9vekben megn\u00f6vekedett az \u00e9rdekl\u0151d\u00e9s az olyan kandall\u00f3k ir\u00e1nt is, amelyekn\u00e9l van s\u00fct\u00e9si lehet\u0151s\u00e9g is, illetve csemp\u00e9zett oldalbor\u00edt\u00e1ssal b\u00edrnak, \u00edgy tov\u00e1bb megtartj\u00e1k a h\u0151t. Az elektromos l\u00e1tv\u00e1nykandall\u00f3kat m\u00e9g a panellak\u00e1sban \u00e9l\u0151k is viszik, hiszen lak\u00e1st\u00edpust\u00f3l f\u00fcggetlen\u00fcl biztos\u00edtj\u00e1k az \u00e9let\u00e9rz\u00e9st.<\/p>\n<div class=\"ads-in-post1\"><div id=\"gazdasagportal.hu_fullbanner_wideboard\"><\/div>\r\n<\/div>\nA Praktiker szak\u00e9rt\u0151i szerint a kandall\u00f3v\u00e1s\u00e1rl\u00e1s el\u0151tt mindenf\u00e9lek\u00e9ppen \u00e9rdemes kisz\u00e1molni, hogy mekkora l\u00e9gteret is kell majd az adott kandall\u00f3nak felmeleg\u00edteni. A nagyobb teljes\u00edtm\u00e9ny\u0171 kandall\u00f3k ak\u00e1r 150-200 m<sup>3<\/sup>-t is k\u00e9pesek bef\u0171teni, s fontos szempont m\u00e9g a t\u00fczel\u0151anyag kiv\u00e1laszt\u00e1sa is. A bark\u00e1cs\u00e1ruh\u00e1zban el\u00e9rhet\u0151 kandall\u00f3k k\u00f6z\u00fcl a legt\u00f6bb fat\u00fczel\u00e9ses, de a fabrikett, illetve a barnasz\u00e9nbrikett t\u00fczel\u00e9sre alkalmas modellek is szerepelnek a Praktiker szortimentj\u00e9ben.<\/p>\n","protected":false},"excerpt":{"rendered":"<p>A f\u0171t\u00e9stechnikai berendez\u00e9sek szortimentj\u00e9nek b\u0151v\u00edt\u00e9s\u00e9vel \u00e9s \u00e1rakci\u00f3kkal k\u00edv\u00e1nja felpezsd\u00edteni a Praktiker a hazai kandall\u00f3 \u00e9s k\u00e1lyha piacot.<\/p>\n","protected":false},"author":1001006,"featured_media":0,"comment_status":"closed","ping_status":"open","sticky":false,"template":"","format":"standard","meta":[],"categories":[4,19],"tags":[],"_links":{"self":[{"href":"https:\/\/gazdasagportal.hu\/index.php\/wp-json\/wp\/v2\/posts\/131045"}],"collection":[{"href":"https:\/\/gazdasagportal.hu\/index.php\/wp-json\/wp\/v2\/posts"}],"about":[{"href":"https:\/\/gazdasagportal.hu\/index.php\/wp-json\/wp\/v2\/types\/post"}],"author":[{"embeddable":true,"href":"https:\/\/gazdasagportal.hu\/index.php\/wp-json\/wp\/v2\/users\/1001006"}],"replies":[{"embeddable":true,"href":"https:\/\/gazdasagportal.hu\/index.php\/wp-json\/wp\/v2\/comments?post=131045"}],"version-history":[{"count":1,"href":"https:\/\/gazdasagportal.hu\/index.php\/wp-json\/wp\/v2\/posts\/131045\/revisions"}],"predecessor-version":[{"id":131047,"href":"https:\/\/gazdasagportal.hu\/index.php\/wp-json\/wp\/v2\/posts\/131045\/revisions\/131047"}],"wp:attachment":[{"href":"https:\/\/gazdasagportal.hu\/index.php\/wp-json\/wp\/v2\/media?parent=131045"}],"wp:term":[{"taxonomy":"category","embeddable":true,"href":"https:\/\/gazdasagportal.hu\/index.php\/wp-json\/wp\/v2\/categories?post=131045"},{"taxonomy":"post_tag","embeddable":true,"href":"https:\/\/gazdasagportal.hu\/index.php\/wp-json\/wp\/v2\/tags?post=131045"}],"curies":[{"name":"wp","href":"https:\/\/api.w.org\/{rel}","templated":true}]}}