{"id":131039,"date":"2020-11-09T11:36:12","date_gmt":"2020-11-09T10:36:12","guid":{"rendered":"http:\/\/gazdasagportal.hu\/?p=131039"},"modified":"2020-11-09T11:36:12","modified_gmt":"2020-11-09T10:36:12","slug":"bevetelenek-jelentos-emelkedeset-prognosztizalta-az-infineon","status":"publish","type":"post","link":"https:\/\/gazdasagportal.hu\/index.php\/bevetelenek-jelentos-emelkedeset-prognosztizalta-az-infineon\/","title":{"rendered":"Bev\u00e9tel\u00e9nek jelent\u0151s emelked\u00e9s\u00e9t prognosztiz\u00e1lta az Infineon"},"content":{"rendered":"<p><strong>Bev\u00e9teleinek jelent\u0151s, k\u00f6zel 23 sz\u00e1zal\u00e9kos emelked\u00e9s\u00e9t prognosztiz\u00e1lta az okt\u00f3berben kezd\u0151d\u00f6tt \u00faj p\u00e9nz\u00fcgyi \u00e9v\u00e9re az Infineon n\u00e9met f\u00e9lvezet\u0151gy\u00e1rt\u00f3, amely h\u00e9tf\u0151n k\u00f6zz\u00e9tett gyorsjelent\u00e9s\u00e9ben az elemz\u0151i v\u00e1rakoz\u00e1sokkal \u00f6sszhangban \u00e1ll\u00f3 eredm\u00e9nyekr\u0151l sz\u00e1molt be.<\/strong><!--more--><\/p>\n<p>    A vil\u00e1g egyik legnagyobb f\u00e9lvezet\u0151 \u00e1ramk\u00f6r gy\u00e1rt\u00f3ja, a m\u00fcncheni sz\u00e9khely\u0171 Infineon a koronav\u00edrus-j\u00e1rv\u00e1ny kirobban\u00e1sa ut\u00e1n, m\u00e1rciusban visszavonta p\u00e9nz\u00fcgyi el\u0151rejelz\u00e9s\u00e9t, de az\u00f3ta siker\u00fclt talpra \u00e1llnia a k\u00ednai gazdas\u00e1g \u00e9s az aut\u00f3gy\u00e1rt\u00e1s fellend\u00fcl\u00e9s\u00e9nek k\u00f6sz\u00f6nhet\u0151en.<br \/>\n<div class=\"ads-in-post1\"><div id=\"gazdasagportal.hu_fullbanner_wideboard\"><\/div>\r\n<\/div>\n    Reinhard Ploss, az Infineon vez\u00e9rigazgat\u00f3ja k\u00f6zlem\u00e9ny\u00e9ben \u00fagy fogalmazott, hogy a v\u00e1llalat &#8222;egy rendk\u00edv\u00fcli \u00e9s neh\u00e9z p\u00e9nz\u00fcgyi \u00e9vet z\u00e1rt igen tiszteletre m\u00e9lt\u00f3 negyedik negyed\u00e9vvel&#8221;.<br \/>\n    A pand\u00e9mia hat\u00e1s\u00e1t, valamint az olyan kock\u00e1zatokat figyelembe v\u00e9ve, mint a j\u00e1rv\u00e1ny \u0151sszel indult m\u00e1sodik hull\u00e1m\u00e1nak feltart\u00f3ztat\u00e1s\u00e1ra tett korl\u00e1toz\u00f3 int\u00e9zked\u00e9sek, a v\u00e1llalat menedzsmentje azt javasolta, hogy 5 centtel kisebb, r\u00e9szv\u00e9nyenk\u00e9nt 22 eur\u00f3centes osztal\u00e9kot fizessenek a 2019-es p\u00e9nz\u00fcgyi \u00e9v ut\u00e1n.<br \/>\n    Az osztal\u00e9k visszafog\u00e1s\u00e1nak hat\u00e1s\u00e1t b\u0151ven ellens\u00falyozta az \u00e9rt\u00e9kes\u00edt\u00e9si \u00e1rbev\u00e9tel v\u00e1rhat\u00f3 n\u00f6veked\u00e9se, \u00edgy az Infineon 3,41 sz\u00e1zal\u00e9kos pluszban, 27,28 eur\u00f3s \u00e1rfolyamon ind\u00edtotta a keresked\u00e9st h\u00e9tf\u0151n a frankfurti t\u0151zsd\u00e9n, ami t\u00f6bb mint 40 sz\u00e1zal\u00e9kkal haladja meg az egy \u00e9vvel kor\u00e1bbi szintet.<br \/>\n    A j\u00e1rm\u0171elektronikai chipgy\u00e1rt\u00e1sban vil\u00e1gels\u0151 Infineon arra sz\u00e1m\u00edt, hogy a 2021. szeptember 30-\u00e1val v\u00e9gz\u0151d\u0151 p\u00e9nz\u00fcgyi \u00e9vben 22,6 sz\u00e1zal\u00e9kkal, 10,5 milli\u00e1rd eur\u00f3ra k\u00faszik fel \u00e1rbev\u00e9tele.<br \/>\n    J\u00falius-szeptemberben, a 2019-es p\u00e9nz\u00fcgyi \u00e9v utols\u00f3 negyed\u00e9ben az Infineon 2,06 milli\u00e1rd eur\u00f3 bev\u00e9telt \u00e9rt el, amib\u0151l a kiad\u00e1sok levon\u00e1sa ut\u00e1n 15,1 sz\u00e1zal\u00e9k, 311 milli\u00f3 eur\u00f3 maradt meg. Az ad\u00f3z\u00e1s ut\u00e1ni nyeres\u00e9g 161 milli\u00f3 eur\u00f3, r\u00e9szv\u00e9nyenk\u00e9nt 13 cent volt.<br \/>\n<div class=\"ads-in-post1\"><div id=\"gazdasagportal.hu_fullbanner_wideboard\"><\/div>\r\n<\/div>\n    Az eg\u00e9sz \u00e9vet tekintve 8,029 milli\u00e1rd eur\u00f3s bev\u00e9telb\u0151l a k\u00f6lts\u00e9gek levon\u00e1sa ut\u00e1n 1,319 milli\u00e1rd eur\u00f3 maradt meg, ami 16,4 sz\u00e1zal\u00e9kot jelent. A nyeres\u00e9g 870 milli\u00f3 eur\u00f3t tett ki, egy r\u00e9szv\u00e9nyre 75 eur\u00f3cent jutott.(MTI)<\/p>\n","protected":false},"excerpt":{"rendered":"<p>Bev\u00e9teleinek jelent\u0151s, k\u00f6zel 23 sz\u00e1zal\u00e9kos emelked\u00e9s\u00e9t prognosztiz\u00e1lta az okt\u00f3berben kezd\u0151d\u00f6tt \u00faj p\u00e9nz\u00fcgyi \u00e9v\u00e9re az Infineon n\u00e9met f\u00e9lvezet\u0151gy\u00e1rt\u00f3, amely h\u00e9tf\u0151n k\u00f6zz\u00e9tett gyorsjelent\u00e9s\u00e9ben az elemz\u0151i v\u00e1rakoz\u00e1sokkal \u00f6sszhangban \u00e1ll\u00f3 eredm\u00e9nyekr\u0151l sz\u00e1molt be.<\/p>\n","protected":false},"author":1001006,"featured_media":0,"comment_status":"closed","ping_status":"open","sticky":false,"template":"","format":"standard","meta":[],"categories":[8],"tags":[],"_links":{"self":[{"href":"https:\/\/gazdasagportal.hu\/index.php\/wp-json\/wp\/v2\/posts\/131039"}],"collection":[{"href":"https:\/\/gazdasagportal.hu\/index.php\/wp-json\/wp\/v2\/posts"}],"about":[{"href":"https:\/\/gazdasagportal.hu\/index.php\/wp-json\/wp\/v2\/types\/post"}],"author":[{"embeddable":true,"href":"https:\/\/gazdasagportal.hu\/index.php\/wp-json\/wp\/v2\/users\/1001006"}],"replies":[{"embeddable":true,"href":"https:\/\/gazdasagportal.hu\/index.php\/wp-json\/wp\/v2\/comments?post=131039"}],"version-history":[{"count":1,"href":"https:\/\/gazdasagportal.hu\/index.php\/wp-json\/wp\/v2\/posts\/131039\/revisions"}],"predecessor-version":[{"id":131040,"href":"https:\/\/gazdasagportal.hu\/index.php\/wp-json\/wp\/v2\/posts\/131039\/revisions\/131040"}],"wp:attachment":[{"href":"https:\/\/gazdasagportal.hu\/index.php\/wp-json\/wp\/v2\/media?parent=131039"}],"wp:term":[{"taxonomy":"category","embeddable":true,"href":"https:\/\/gazdasagportal.hu\/index.php\/wp-json\/wp\/v2\/categories?post=131039"},{"taxonomy":"post_tag","embeddable":true,"href":"https:\/\/gazdasagportal.hu\/index.php\/wp-json\/wp\/v2\/tags?post=131039"}],"curies":[{"name":"wp","href":"https:\/\/api.w.org\/{rel}","templated":true}]}}