{"id":130968,"date":"2020-11-05T12:06:21","date_gmt":"2020-11-05T11:06:21","guid":{"rendered":"http:\/\/gazdasagportal.hu\/?p=130968"},"modified":"2020-11-05T12:06:21","modified_gmt":"2020-11-05T11:06:21","slug":"nemet-vallalkozasba-fektet-toket-egy-magyar-kockazati-tarsasag","status":"publish","type":"post","link":"https:\/\/gazdasagportal.hu\/index.php\/nemet-vallalkozasba-fektet-toket-egy-magyar-kockazati-tarsasag\/","title":{"rendered":"N\u00e9met v\u00e1llalkoz\u00e1sba fektet t\u0151k\u00e9t egy magyar kock\u00e1zati t\u00e1rsas\u00e1g"},"content":{"rendered":"<p><strong>N\u00e9gymilli\u00f3 eur\u00f3val sz\u00e1ll be N\u00e9metorsz\u00e1g meghat\u00e1roz\u00f3 intelligens mobilit\u00e1s-\u00fczemeltet\u00e9si szolg\u00e1ltat\u00e1sokat ny\u00fajt\u00f3 c\u00e9g\u00e9be, a Chargery-ba a magyar Lead Ventures &#8211; k\u00f6z\u00f6lte az MTI-vel a kock\u00e1zati t\u0151kebefektet\u0151 cs\u00fct\u00f6rt\u00f6k\u00f6n.<\/strong><!--more--><\/p>\n<p>    A k\u00f6zlem\u00e9nyb\u0151l kider\u00fcl: a fenntarthat\u00f3 \u00e9s z\u00f6ldebb v\u00e1rosi k\u00f6zleked\u00e9st a z\u00e1szlaj\u00e1ra t\u0171z\u0151 n\u00e9met c\u00e9g 2017-es alap\u00edt\u00e1sa \u00f3ta \u00f6sszesen 3,8 milli\u00f3 eur\u00f3 t\u0151k\u00e9hez jutott, amelyet most a Lead Ventures tov\u00e1bbi 4 milli\u00f3 eur\u00f3val eg\u00e9sz\u00edt ki.<br \/>\n<div class=\"ads-in-post1\"><div id=\"gazdasagportal.hu_fullbanner_wideboard\"><\/div>\r\n<\/div>\n    A berlini t\u00e1rsas\u00e1gban olyan befektet\u0151k l\u00e1ttak kor\u00e1bban fant\u00e1zi\u00e1t, mint a a Sixt Ventures, a Linden Capital, a Vinci Venture Capital vagy a Helvetia Venture Fund.<br \/>\n    A Chargery \u00fcgyfelei k\u00f6z\u00f6tt megtal\u00e1lni az aut\u00f3megoszt\u00f3 SixtShare-t, a ShareNow-t \u00e9s a Miles-t, valamint a ker\u00e9kp\u00e1rokat \u00fczemeltet\u0151 Bondot.<br \/>\n    Dunai Andr\u00e1s, a Lead Ventures partnere a k\u00f6zlem\u00e9ny szerint elmondta: Eur\u00f3p\u00e1ban \u00e9s a vil\u00e1g sz\u00e1mos m\u00e1s r\u00e9sz\u00e9n a k\u00f6z\u00f6ss\u00e9gi mobilit\u00e1st tartj\u00e1k az egyik leg\u00edg\u00e9retesebb piacnak a befektet\u0151k, hiszen m\u00edg 2017-ben t\u00edzmilli\u00f3an vettek ig\u00e9nybe ilyen szolg\u00e1ltat\u00e1sokat, 2025-re a felhaszn\u00e1l\u00f3k sz\u00e1ma el\u00e9rheti a 36 milli\u00f3t.<br \/>\n    Christian Lang, a Chargery t\u00e1rsalap\u00edt\u00f3-vez\u00e9rigazgat\u00f3ja szerint a Lead Ventures befektet\u00e9s\u00e9vel l\u00e9nyegesen k\u00f6zelebb ker\u00fclnek terveik megval\u00f3s\u00edt\u00e1s\u00e1hoz: 2021 v\u00e9g\u00e9re az \u00e1ltaluk menedzselt j\u00e1rm\u0171vek sz\u00e1m\u00e1t a j\u00e1rv\u00e1ny ellen\u00e9re t\u00f6bbsz\u00f6r\u00f6s\u00e9re k\u00edv\u00e1nj\u00e1k n\u00f6velni, valamint tov\u00e1bbi eur\u00f3pai v\u00e1rosokban akarj\u00e1k megvetni a l\u00e1bukat.<br \/>\n    A Chargery k\u00f6z\u00f6ss\u00e9gi aut\u00f3- \u00e9s mikromobilit\u00e1si flott\u00e1knak ny\u00fajt \u00fczemeltet\u00e9si szolg\u00e1ltat\u00e1sokat a t\u00f6lt\u00e9st\u0151l\/tankol\u00e1st\u00f3l kezdve a tiszt\u00edt\u00e1son \u00e1t a karbantart\u00e1sig \u00e9s a j\u00e1rm\u0171vek eljuttat\u00e1s\u00e1ig a megrendel\u0151h\u00f6z. A c\u00e9g Berlinen, Hamburgon \u00e9s M\u00fcnchenen k\u00edv\u00fcl imm\u00e1r h\u00e1rom holland v\u00e1rosban, Amszterdamban, Rotterdamban \u00e9s H\u00e1g\u00e1ban szolg\u00e1l ki flottakezel\u0151ket, valamint az elm\u00falt h\u00f3napokban Norv\u00e9gi\u00e1ban \u00e9s \u00f6t Egyes\u00fclt Kir\u00e1lys\u00e1gbeli v\u00e1rosban kezdte meg m\u0171k\u00f6d\u00e9s\u00e9t. A k\u00f6zlem\u00e9ny szerint a c\u00e9g 2019 v\u00e9g\u00e9hez viszony\u00edtva megn\u00e9gyszerezte havi \u00e1rbev\u00e9tel\u00e9t.<br \/>\n    A Lead Ventures a scaleupokra \u00f6sszpontos\u00edt: az olyan, egymilli\u00f3 eur\u00f3n\u00e1l nagyobb t\u0151kebefektet\u00e9ssel rendelkez\u0151, gyorsan n\u00f6vekv\u0151, jellemz\u0151en technol\u00f3giai v\u00e1llalkoz\u00e1sokra, amelyek m\u00e1r letettek valamit az asztalra.(MTI)<\/p>\n","protected":false},"excerpt":{"rendered":"<p>N\u00e9gymilli\u00f3 eur\u00f3val sz\u00e1ll be N\u00e9metorsz\u00e1g meghat\u00e1roz\u00f3 intelligens mobilit\u00e1s-\u00fczemeltet\u00e9si szolg\u00e1ltat\u00e1sokat ny\u00fajt\u00f3 c\u00e9g\u00e9be, a Chargery-ba a magyar Lead Ventures &#8211; k\u00f6z\u00f6lte az MTI-vel a kock\u00e1zati t\u0151kebefektet\u0151 cs\u00fct\u00f6rt\u00f6k\u00f6n.<\/p>\n","protected":false},"author":1001006,"featured_media":0,"comment_status":"closed","ping_status":"open","sticky":false,"template":"","format":"standard","meta":[],"categories":[19],"tags":[],"_links":{"self":[{"href":"https:\/\/gazdasagportal.hu\/index.php\/wp-json\/wp\/v2\/posts\/130968"}],"collection":[{"href":"https:\/\/gazdasagportal.hu\/index.php\/wp-json\/wp\/v2\/posts"}],"about":[{"href":"https:\/\/gazdasagportal.hu\/index.php\/wp-json\/wp\/v2\/types\/post"}],"author":[{"embeddable":true,"href":"https:\/\/gazdasagportal.hu\/index.php\/wp-json\/wp\/v2\/users\/1001006"}],"replies":[{"embeddable":true,"href":"https:\/\/gazdasagportal.hu\/index.php\/wp-json\/wp\/v2\/comments?post=130968"}],"version-history":[{"count":1,"href":"https:\/\/gazdasagportal.hu\/index.php\/wp-json\/wp\/v2\/posts\/130968\/revisions"}],"predecessor-version":[{"id":130969,"href":"https:\/\/gazdasagportal.hu\/index.php\/wp-json\/wp\/v2\/posts\/130968\/revisions\/130969"}],"wp:attachment":[{"href":"https:\/\/gazdasagportal.hu\/index.php\/wp-json\/wp\/v2\/media?parent=130968"}],"wp:term":[{"taxonomy":"category","embeddable":true,"href":"https:\/\/gazdasagportal.hu\/index.php\/wp-json\/wp\/v2\/categories?post=130968"},{"taxonomy":"post_tag","embeddable":true,"href":"https:\/\/gazdasagportal.hu\/index.php\/wp-json\/wp\/v2\/tags?post=130968"}],"curies":[{"name":"wp","href":"https:\/\/api.w.org\/{rel}","templated":true}]}}