{"id":130940,"date":"2020-11-04T14:09:52","date_gmt":"2020-11-04T13:09:52","guid":{"rendered":"http:\/\/gazdasagportal.hu\/?p=130940"},"modified":"2020-11-04T14:09:52","modified_gmt":"2020-11-04T13:09:52","slug":"szamos-ceg-meg-mindig-nem-adta-le-beszamolojat","status":"publish","type":"post","link":"https:\/\/gazdasagportal.hu\/index.php\/szamos-ceg-meg-mindig-nem-adta-le-beszamolojat\/","title":{"rendered":"Sz\u00e1mos c\u00e9g m\u00e9g mindig nem adta le besz\u00e1mol\u00f3j\u00e1t"},"content":{"rendered":"<p><strong>A 2020 tavasz\u00e1n berobban\u00f3 koronav\u00edrus j\u00e1rv\u00e1ny s\u00falyos csap\u00e1st m\u00e9rt a gazdas\u00e1gra ez\u00e9rt a korm\u00e1ny a v\u00e1llalkoz\u00e1sok neh\u00e9z helyzet\u00e9nek \u00e9s m\u0171k\u00f6d\u00e9s\u00e9nek k\u00f6nny\u00edt\u00e9s\u00e9re k\u00fcl\u00f6nb\u00f6z\u0151 engedm\u00e9nyeket hozott. A k\u00f6nny\u00edt\u00e9sek k\u00f6z\u00f6tt szerepelt az is, hogy a magyarorsz\u00e1gi c\u00e9geknek lehet\u0151s\u00e9g\u00fck van szok\u00e1sos \u00e9ves besz\u00e1mol\u00f3ikat a m\u00e1jus 31-i hat\u00e1rid\u0151 ut\u00e1n is leadni.<\/strong><!--more--><\/p>\n<div class=\"ads-in-post1\"><div id=\"gazdasagportal.hu_fullbanner_wideboard\"><\/div>\r\n<\/div>\n<p>Az \u00faj hat\u00e1rid\u0151t \u00e9s a besz\u00e1mol\u00f3kra vonatkoz\u00f3 szab\u00e1lyokat tartalmaz\u00f3 hat\u00e1lyos korm\u00e1nyrendelet a <a href=\"http:\/\/njt.hu\/cgi_bin\/njt_doc.cgi?docid=219125.383314\" target=\"_blank\" rel=\"noopener\">Nemzeti Jogszab\u00e1lyt\u00e1rban<\/a> is b\u00e1rki sz\u00e1m\u00e1ra el\u00e9rhet\u0151.\u00a0A rendelet \u00e9letbe l\u00e9p\u00e9s\u00e9vel a korm\u00e1ny \u00e1ltal kit\u0171z\u00f6tt v\u00e9gleges, besz\u00e1mol\u00f3 lead\u00e1si hat\u00e1rid\u0151 \u00edgy 2020. szeptember 31-re tol\u00f3dott.\u00a0Sok v\u00e1llalkoz\u00e1s nem v\u00e1ltoztatott a bevett gyakorlaton \u00e9s leadta besz\u00e1mol\u00f3j\u00e1t m\u00e1jus 31-ig, azonban az \u00e1ltalunk gy\u0171jt\u00f6tt hivatalos adatok alapj\u00e1n a j\u00fanius 5-i \u00e1llapot szerint j\u00f3l l\u00e1that\u00f3 az elt\u00e9r\u00e9s a 2019-es \u00e9s a 2020-ban leadott besz\u00e1mol\u00f3k sz\u00e1ma k\u00f6z\u00f6tt. M\u00e1jus 31-ig a c\u00e9gek mintegy fele nem adott le besz\u00e1mol\u00f3t, \u00edgy k\u00e9s\u0151bb v\u00e1lt nyilv\u00e1noss\u00e1 2019. \u00e9vi vagyoni \u00e9s j\u00f6vedelmez\u0151s\u00e9gi helyzet\u00fck. Mivel tov\u00e1bbra is az \u00e9ves besz\u00e1mol\u00f3 az egyetlen forr\u00e1s a c\u00e9gek p\u00e9nz\u00fcgyi adatainak hiteles \u00e9rt\u00e9kel\u00e9s\u00e9re, ez\u00e9rt a c\u00e9gek 2019-es \u00e9v\u00e9r\u0151l nek\u00fcnk is k\u00e9s\u0151bb siker\u00fclt megb\u00edzhat\u00f3 k\u00e9pet kapnunk.<\/p>\n<p>&nbsp;<\/p><div id=\"gazda-2876370498\" class=\"gazda-tartalomban gazda-entity-placement\"><script async src=\"https:\/\/pagead2.googlesyndication.com\/pagead\/js\/adsbygoogle.js\"><\/script>\r\n<ins class=\"adsbygoogle\"\r\n     style=\"display:block\"\r\n     data-ad-format=\"fluid\"\r\n     data-ad-layout-key=\"-6t+ed+2i-1n-4w\"\r\n     data-ad-client=\"ca-pub-1959107119989764\"\r\n     data-ad-slot=\"4008251320\"><\/ins>\r\n<script>\r\n     (adsbygoogle = window.adsbygoogle || []).push({});\r\n<\/script><\/div>\n<p><strong>2020.06.05:<\/strong><\/p>\n<ul>\n<li>2019-ban v\u00e9gz\u0151d\u0151 m\u00e9rlegek sz\u00e1ma: 94817<\/li>\n<li>2019-ben v\u00e9gz\u0151d\u0151, teljes \u00e9vre (365 napra) vonatkoz\u00f3 m\u00e9rlegek sz\u00e1ma: 77111<\/li>\n<li>2019.12.31-\u00e9n v\u00e9gz\u0151d\u0151, teljes \u00e9vre (365 napra) vonatkoz\u00f3 m\u00e9rlegek sz\u00e1ma: 75423<\/li>\n<\/ul>\n<p>&nbsp;<\/p>\n<p><strong>2019.06.07:<\/strong><\/p>\n<ul>\n<li>2018-ban v\u00e9gz\u0151d\u0151 m\u00e9rlegek sz\u00e1ma: 188766<\/li>\n<li>2018-ban v\u00e9gz\u0151d\u0151, teljes \u00e9vre (365 napra) vonatkoz\u00f3 m\u00e9rlegek sz\u00e1ma: 174569<\/li>\n<li>2018.12.31-\u00e9n v\u00e9gz\u0151d\u0151, teljes \u00e9vre (365 napra) vonatkoz\u00f3 m\u00e9rlegek sz\u00e1ma: 172674<\/li>\n<\/ul>\n<p>&nbsp;<\/p>\n<p>2019-hez k\u00e9pest id\u00e9n sokan d\u00f6nt\u00f6ttek a k\u00f6nny\u00edt\u00e9s mellett \u00e9s k\u00e9s\u0151bbre halasztott\u00e1k a bead\u00e1st. C\u00e9g\u00fcnk a k\u00f6zz\u00e9tett besz\u00e1mol\u00f3k nagy r\u00e9sz\u00e9vel m\u00e1r rendelkezik, de adatb\u00e1zisunk tov\u00e1bbra is folyamatosan friss\u00fcl<\/p>\n<div class=\"ads-in-post1\"><div id=\"gazdasagportal.hu_fullbanner_wideboard\"><\/div>\r\n<\/div>\n<strong>A hi\u00e1ny ugyan nem nagyobb ar\u00e1ny\u00fa, mint azt a m\u00e1jus v\u00e9gi hat\u00e1rid\u0151 lej\u00e1rta ut\u00e1n egy h\u00f3nappal megszokhattuk, m\u00e9gis sokan m\u00e9g mindig nem adt\u00e1k le a besz\u00e1mol\u00f3jukat, m\u00e9g a vil\u00e1gos t\u00f6rv\u00e9nyi szankci\u00f3k tudat\u00e1ban sem. <\/strong><\/p>\n<p>A besz\u00e1mol\u00f3kra vonatkoz\u00f3 k\u00f6zz\u00e9t\u00e9teli szab\u00e1ly megs\u00e9rt\u00e9s\u00e9\u00e9rt j\u00e1r\u00f3 k\u00f6vetkezm\u00e9nyeket az <a href=\"https:\/\/net.jogtar.hu\/jogszabaly?docid=a1700150.tv\" target=\"_blank\" rel=\"noopener\">Art. taglalja<\/a>:<\/p>\n<p><strong><em>\u201e227. \u00a7 <\/em><\/strong><em>[Besz\u00e1mol\u00f3 let\u00e9tbe helyez\u00e9si \u00e9s k\u00f6zz\u00e9t\u00e9teli szab\u00e1ly megs\u00e9rt\u00e9se]<\/em><\/p>\n<p><em>(1) Az \u00e1llami ad\u00f3- \u00e9s v\u00e1mhat\u00f3s\u00e1g a Sz\u00e1mv. tv. szerinti besz\u00e1mol\u00f3 let\u00e9tbe helyez\u00e9si \u00e9s k\u00f6zz\u00e9t\u00e9teli k\u00f6telezetts\u00e9g elmulaszt\u00e1sa eset\u00e9n harmincnapos hat\u00e1rid\u0151 t\u0171z\u00e9s\u00e9vel felh\u00edvja az ad\u00f3z\u00f3t a k\u00f6telezetts\u00e9g teljes\u00edt\u00e9s\u00e9re.<\/em><\/p>\n<p><em>(2) Ha az ad\u00f3z\u00f3 a felh\u00edv\u00e1s szerinti hat\u00e1rid\u0151ben a k\u00f6telezetts\u00e9g teljes\u00edt\u00e9s\u00e9t nem p\u00f3tolja, az \u00e1llami ad\u00f3- \u00e9s v\u00e1mhat\u00f3s\u00e1g harmincnapos hat\u00e1rid\u0151 t\u0171z\u00e9s\u00e9vel kett\u0151sz\u00e1zezer forint mulaszt\u00e1si b\u00edrs\u00e1g kiszab\u00e1sa mellett ism\u00e9telten felh\u00edvja az ad\u00f3z\u00f3t a k\u00f6telezetts\u00e9g teljes\u00edt\u00e9s\u00e9re.<\/em><\/p>\n<p><em>(3) Ha az ad\u00f3z\u00f3 a besz\u00e1mol\u00f3 let\u00e9tbehelyez\u00e9si, illetve k\u00f6zz\u00e9t\u00e9teli k\u00f6telezetts\u00e9g\u00e9nek az ism\u00e9telt felh\u00edv\u00e1sban szerepl\u0151 hat\u00e1rid\u0151n bel\u00fcl sem tesz eleget, az \u00e1llami ad\u00f3- \u00e9s v\u00e1mhat\u00f3s\u00e1g az ad\u00f3z\u00f3 ad\u00f3sz\u00e1m\u00e1t hivatalb\u00f3l t\u00f6rli \u00e9s err\u0151l a c\u00e9gb\u00edr\u00f3s\u00e1got elektronikus \u00faton halad\u00e9ktalanul \u00e9rtes\u00edti \u00e9s kezdem\u00e9nyezi a c\u00e9g megsz\u0171ntnek nyilv\u00e1n\u00edt\u00e1s\u00e1t\u2026.\u201d<\/em><\/p>\n<p><strong>\u00a0<\/strong><strong>2014-t\u0151l \u00e1ltal\u00e1nosan elmondhat\u00f3, hogy esik a magyarorsz\u00e1gi c\u00e9gek sz\u00e1ma. Jelenleg Magyarorsz\u00e1gon hozz\u00e1vet\u0151legesen 470 000 bejegyzett m\u0171k\u00f6d\u0151 c\u00e9g van, amely csoportban nincsenek benne a felsz\u00e1mol\u00e1s, cs\u0151d, v\u00e9gelsz\u00e1mol\u00e1s alatt l\u00e9v\u0151k. Ebb\u0151l megk\u00f6zel\u00edt\u0151leg 400 000 v\u00e1llalkoz\u00e1s k\u00f6telezett besz\u00e1mol\u00f3 k\u00f6zz\u00e9t\u00e9tel\u00e9re.<\/strong><strong>\u00a0\u00a0<\/strong><strong>Legfrissebb adataink alapj<\/strong><strong>\u00e1<\/strong><strong>n, k<\/strong><strong>\u00f6<\/strong><strong>r<\/strong><strong>\u00fc<\/strong><strong>lbel<\/strong><strong>\u00fc<\/strong><strong>l m<\/strong><strong>\u00e9<\/strong><strong>g 30-40 ezer olyan szervezet lehet (legf<\/strong><strong>\u0151<\/strong><strong>k<\/strong><strong>\u00e9<\/strong><strong>pp Bt.-k <\/strong><strong>\u00e9<\/strong><strong>s Kft.-k), akikt<\/strong><strong>\u0151<\/strong><strong>l m<\/strong><strong>\u00e9<\/strong><strong>g v<\/strong><strong>\u00e1<\/strong><strong>rhat<\/strong><strong>\u00f3<\/strong><strong> a besz<\/strong><strong>\u00e1<\/strong><strong>mol<\/strong><strong>\u00f3<\/strong><strong> lead<\/strong><strong>\u00e1<\/strong><strong>sa.<\/strong><\/p>\n<p>Az okt\u00f3berben a leadott besz\u00e1mol\u00f3k sz\u00e1mai az al\u00e1bbiak szerint alakultak:<\/p>\n<p><strong>2020.10.30:<\/strong><\/p>\n<ul>\n<li>2019-ban v\u00e9gz\u0151d\u0151 m\u00e9rlegek sz\u00e1ma: 372392<\/li>\n<li>2019-ban v\u00e9gz\u0151d\u0151, teljes \u00e9vre (365 napra) vonatkoz\u00f3 m\u00e9rlegek sz\u00e1ma: 338240<\/li>\n<li>2019.12.31-\u00e9n v\u00e9gz\u0151d\u0151, teljes \u00e9vre (365 napra) vonatkoz\u00f3 m\u00e9rlegek sz\u00e1ma: 336173<\/li>\n<\/ul>\n<p><strong>\u00a0<\/strong><\/p>\n<p><strong>2019.11.01:<\/strong><\/p>\n<ul>\n<li>2018-ban v\u00e9gz\u0151d\u0151 m\u00e9rlegek sz\u00e1ma: 395769<\/li>\n<li>2018-ban v\u00e9gz\u0151d\u0151, teljes \u00e9vre (365 napra) vonatkoz\u00f3 m\u00e9rlegek sz\u00e1ma: 360169<\/li>\n<li>2018.12.31-\u00e9n v\u00e9gz\u0151d\u0151, teljes \u00e9vre (365 napra) vonatkoz\u00f3 m\u00e9rlegek sz\u00e1ma: 357974<\/li>\n<\/ul>\n<p>Fontos megjegyezn\u00fcnk, hogy itt k\u00f6zz\u00e9tett adatok a Bisnode Magyarorsz\u00e1g adatb\u00e1zis\u00e1nak \u00e1llapot\u00e1t t\u00fckr\u00f6zik. Rendszereink folyamatosan \u00e9s automatikusan friss\u00fclnek, azonban mindemellett a fentebb olvashat\u00f3 eredm\u00e9nyeket befoly\u00e1solhatja a nyilv\u00e1ntart\u00e1sokb\u00f3l sz\u00e1rmaz\u00f3 adatok id\u0151beli k\u00e9s\u00e9se.<\/p>\n<p>&nbsp;<\/p>\n<table width=\"100%\">\n<tbody>\n<tr>\n<td width=\"100%\">&nbsp;<\/p>\n<p>\u00dczleti d\u00f6nt\u00e9st\u00e1mogat\u00f3 megold\u00e1saink a k\u00fcl\u00f6nb\u00f6z\u0151 c\u00e9ginform\u00e1ci\u00f3s szolg\u00e1ltat\u00f3k (pl. Igazs\u00e1g\u00fcgyi Miniszt\u00e9rium) sz\u00e9lesk\u00f6r\u0171, folyamatosan ellen\u0151rz\u00f6tt \u00e9s friss\u00edtett adatait tartalmazz\u00e1k. Adatszolg\u00e1ltat\u00f3ink list\u00e1j\u00e1t megtal\u00e1lja az al\u00e1bbi linkre kattintva.<\/p>\n<p><a href=\"\/EPiServer\/CMS\/Content\/rolunk\/mivel-foglalkozunk\/adatbiztonsag\/bisnode-adatszolgaltatok,,22174\/?epieditmode=False\">Adatszolg\u00e1ltat\u00f3ink<\/a><\/td>\n<\/tr>\n<\/tbody>\n<\/table>\n<p>&nbsp;<\/p>\n<p>&nbsp;<\/p>\n<p>&nbsp;<\/p>\n","protected":false},"excerpt":{"rendered":"<p>A 2020 tavasz\u00e1n berobban\u00f3 koronav\u00edrus j\u00e1rv\u00e1ny s\u00falyos csap\u00e1st m\u00e9rt a gazdas\u00e1gra ez\u00e9rt a korm\u00e1ny a v\u00e1llalkoz\u00e1sok neh\u00e9z helyzet\u00e9nek \u00e9s m\u0171k\u00f6d\u00e9s\u00e9nek k\u00f6nny\u00edt\u00e9s\u00e9re k\u00fcl\u00f6nb\u00f6z\u0151 engedm\u00e9nyeket hozott. A k\u00f6nny\u00edt\u00e9sek k\u00f6z\u00f6tt szerepelt az is, hogy a magyarorsz\u00e1gi c\u00e9geknek lehet\u0151s\u00e9g\u00fck van szok\u00e1sos \u00e9ves besz\u00e1mol\u00f3ikat a m\u00e1jus 31-i hat\u00e1rid\u0151 ut\u00e1n is leadni.<\/p>\n","protected":false},"author":1001006,"featured_media":0,"comment_status":"closed","ping_status":"open","sticky":false,"template":"","format":"standard","meta":[],"categories":[19],"tags":[],"_links":{"self":[{"href":"https:\/\/gazdasagportal.hu\/index.php\/wp-json\/wp\/v2\/posts\/130940"}],"collection":[{"href":"https:\/\/gazdasagportal.hu\/index.php\/wp-json\/wp\/v2\/posts"}],"about":[{"href":"https:\/\/gazdasagportal.hu\/index.php\/wp-json\/wp\/v2\/types\/post"}],"author":[{"embeddable":true,"href":"https:\/\/gazdasagportal.hu\/index.php\/wp-json\/wp\/v2\/users\/1001006"}],"replies":[{"embeddable":true,"href":"https:\/\/gazdasagportal.hu\/index.php\/wp-json\/wp\/v2\/comments?post=130940"}],"version-history":[{"count":1,"href":"https:\/\/gazdasagportal.hu\/index.php\/wp-json\/wp\/v2\/posts\/130940\/revisions"}],"predecessor-version":[{"id":130941,"href":"https:\/\/gazdasagportal.hu\/index.php\/wp-json\/wp\/v2\/posts\/130940\/revisions\/130941"}],"wp:attachment":[{"href":"https:\/\/gazdasagportal.hu\/index.php\/wp-json\/wp\/v2\/media?parent=130940"}],"wp:term":[{"taxonomy":"category","embeddable":true,"href":"https:\/\/gazdasagportal.hu\/index.php\/wp-json\/wp\/v2\/categories?post=130940"},{"taxonomy":"post_tag","embeddable":true,"href":"https:\/\/gazdasagportal.hu\/index.php\/wp-json\/wp\/v2\/tags?post=130940"}],"curies":[{"name":"wp","href":"https:\/\/api.w.org\/{rel}","templated":true}]}}