{"id":130919,"date":"2020-11-03T16:57:18","date_gmt":"2020-11-03T15:57:18","guid":{"rendered":"http:\/\/gazdasagportal.hu\/?p=130919"},"modified":"2020-11-03T16:57:18","modified_gmt":"2020-11-03T15:57:18","slug":"amerikai-elnokvalasztas-szazezrek-a-szavazournaknal-mindket-jelolt-bizakodik-a-gyozelemben","status":"publish","type":"post","link":"https:\/\/gazdasagportal.hu\/index.php\/amerikai-elnokvalasztas-szazezrek-a-szavazournaknal-mindket-jelolt-bizakodik-a-gyozelemben\/","title":{"rendered":"Amerikai eln\u00f6kv\u00e1laszt\u00e1s &#8211; Sz\u00e1zezrek a szavaz\u00f3urn\u00e1kn\u00e1l, mindk\u00e9t jel\u00f6lt bizakodik a gy\u0151zelemben"},"content":{"rendered":"<p><strong>Az Egyes\u00fclt \u00c1llamokban helyi id\u0151 szerint reggel \u00f3ta m\u00e1r sz\u00e1zezrek voksolnak az szavaz\u00f3urn\u00e1kn\u00e1l, Donald Trump, az \u00fajrav\u00e1laszt\u00e1s\u00e1\u00e9rt k\u00fczd\u0151 republik\u00e1nus eln\u00f6k \u00e9s kih\u00edv\u00f3ja, a demokrata p\u00e1rti Joe Biden egyar\u00e1nt bizakod\u00f3nak nevezte mag\u00e1t.<\/strong><!--more--><\/p>\n<div class=\"ads-in-post1\"><div id=\"gazdasagportal.hu_fullbanner_wideboard\"><\/div>\r\n<\/div>\n<p>    Az Egyes\u00fclt \u00c1llamok 50 tag\u00e1llam\u00e1ban \u00e9s tengerent\u00fali ter\u00fcletein kedden megkezd\u0151d\u00f6tt a szavaz\u00e1s. Az orsz\u00e1gban hat id\u0151z\u00f3n\u00e1ban voksolnak, a keleti part egyes tag\u00e1llamaiban helyi id\u0151 szerint reggel hat \u00f3rakor &#8211; de Maine \u00e1llamban p\u00e9ld\u00e1ul reggel \u00f6tkor &#8211; \u00f3rakor ny\u00edltak meg a szavaz\u00f3helyis\u00e9gek.<br \/>\n    Az amerikaiak az orsz\u00e1g 46-ik eln\u00f6k\u00e9t v\u00e1lasztj\u00e1k meg, de teljes eg\u00e9sz\u00e9ben \u00fajrav\u00e1lasztj\u00e1k a 435 tag\u00fa sz\u00f6vets\u00e9gi k\u00e9pvisel\u0151h\u00e1zat \u00e9s a szen\u00e1tus egyharmad\u00e1t, tov\u00e1bb\u00e1 t\u00f6bb tag\u00e1llamban a helyi t\u00f6rv\u00e9nyhoz\u00e1st, illetve 11 tag\u00e1llamban \u00e9s k\u00e9t tengerent\u00fali ter\u00fcleten korm\u00e1nyz\u00f3t is v\u00e1lasztanak.<br \/>\n    Donald Trump kedd reggel a republik\u00e1nusokhoz k\u00f6zel\u00e1ll\u00f3 Fox telev\u00edzi\u00f3nak nyilatkozva optimist\u00e1nak nevezte mag\u00e1t. &#8222;Biztos es\u00e9lyem van a gy\u0151zelemre&#8221; &#8211; fogalmazott. Az eln\u00f6k &#8211; akinek az orsz\u00e1gos felm\u00e9r\u00e9sek els\u00f6pr\u0151 t\u00f6bbs\u00e9ge szerint nincs el\u0151nye a Bidennel folytatott verseng\u00e9sben -, \u00fagy v\u00e9lekedett, hogy Florid\u00e1ban, Texasban, Arizon\u00e1ban nagy ar\u00e1ny\u00fa gy\u0151zelmet arat. &#8222;\u00dagy gondolom, hogy \u00c9szak-Karolin\u00e1ban \u00e9s Pennsylvani\u00e1ban is mi gy\u0151z\u00fcnk&#8221; &#8211; f\u0171zte hozz\u00e1.<br \/>\n    Az eln\u00f6k \u00fagy v\u00e9lekedett, hogy legal\u00e1bb annyi elektorra tesz szert, mint 2016-ban. N\u00e9gy \u00e9vvel ezel\u0151tt 306 elektor voks\u00e1t siker\u00fclt megszereznie. A gy\u0151zelemhez egy\u00e9bk\u00e9nt az 538 elektor k\u00f6z\u00fcl 270-nek a t\u00e1mogat\u00e1s\u00e1t kell megszerezni.<br \/>\n<div class=\"ads-in-post1\"><div id=\"gazdasagportal.hu_fullbanner_wideboard\"><\/div>\r\n<\/div>\n    Donald Trump elhessegette azokat a sajt\u00f3ban megjelent felt\u00e9telez\u00e9seket, melyek szerint kedden \u00e9jjel &#8211; m\u00e9g a lev\u00e9lszavazatok megsz\u00e1ml\u00e1l\u00e1sa el\u0151tt &#8211; gy\u0151ztesnek nyilv\u00e1n\u00edtan\u00e1 mag\u00e1t. Lesz\u00f6gezte, hogy ezt csakis akkor teszi meg &#8222;amikor meglesz a gy\u0151zelem&#8221;.<br \/>\n    Joe Biden m\u00e9g h\u00e9tf\u0151n \u00e9jjel, a pennsylvaniai Pittsburghben tartott kamp\u00e1nygy\u0171l\u00e9s\u00e9n nyilatkozott. &#8222;Az az \u00e9rz\u00e9sem, hogy nagy gy\u0151zelem fel\u00e9 tartunk&#8221; &#8211; mondta.<br \/>\n    A v\u00e1laszt\u00e1sokon t\u00f6bb mint sz\u00e1zmilli\u00f3an \u00e9ltek az el\u0151zetes szavaz\u00e1s lehet\u0151s\u00e9g\u00e9vel lev\u00e9lben vagy szem\u00e9lyesen, \u00e9s szak\u00e9rt\u0151k ez alapj\u00e1n is arra sz\u00e1m\u00edtanak, hogy magas lesz a r\u00e9szv\u00e9tel.(MTI)<\/p>\n","protected":false},"excerpt":{"rendered":"<p>Az Egyes\u00fclt \u00c1llamokban helyi id\u0151 szerint reggel \u00f3ta m\u00e1r sz\u00e1zezrek voksolnak az szavaz\u00f3urn\u00e1kn\u00e1l, Donald Trump, az \u00fajrav\u00e1laszt\u00e1s\u00e1\u00e9rt k\u00fczd\u0151 republik\u00e1nus eln\u00f6k \u00e9s kih\u00edv\u00f3ja, a demokrata p\u00e1rti Joe Biden egyar\u00e1nt bizakod\u00f3nak nevezte mag\u00e1t.<\/p>\n","protected":false},"author":1001006,"featured_media":0,"comment_status":"closed","ping_status":"open","sticky":false,"template":"","format":"standard","meta":[],"categories":[13,426],"tags":[],"_links":{"self":[{"href":"https:\/\/gazdasagportal.hu\/index.php\/wp-json\/wp\/v2\/posts\/130919"}],"collection":[{"href":"https:\/\/gazdasagportal.hu\/index.php\/wp-json\/wp\/v2\/posts"}],"about":[{"href":"https:\/\/gazdasagportal.hu\/index.php\/wp-json\/wp\/v2\/types\/post"}],"author":[{"embeddable":true,"href":"https:\/\/gazdasagportal.hu\/index.php\/wp-json\/wp\/v2\/users\/1001006"}],"replies":[{"embeddable":true,"href":"https:\/\/gazdasagportal.hu\/index.php\/wp-json\/wp\/v2\/comments?post=130919"}],"version-history":[{"count":1,"href":"https:\/\/gazdasagportal.hu\/index.php\/wp-json\/wp\/v2\/posts\/130919\/revisions"}],"predecessor-version":[{"id":130922,"href":"https:\/\/gazdasagportal.hu\/index.php\/wp-json\/wp\/v2\/posts\/130919\/revisions\/130922"}],"wp:attachment":[{"href":"https:\/\/gazdasagportal.hu\/index.php\/wp-json\/wp\/v2\/media?parent=130919"}],"wp:term":[{"taxonomy":"category","embeddable":true,"href":"https:\/\/gazdasagportal.hu\/index.php\/wp-json\/wp\/v2\/categories?post=130919"},{"taxonomy":"post_tag","embeddable":true,"href":"https:\/\/gazdasagportal.hu\/index.php\/wp-json\/wp\/v2\/tags?post=130919"}],"curies":[{"name":"wp","href":"https:\/\/api.w.org\/{rel}","templated":true}]}}