{"id":130904,"date":"2020-11-03T10:14:32","date_gmt":"2020-11-03T09:14:32","guid":{"rendered":"http:\/\/gazdasagportal.hu\/?p=130904"},"modified":"2020-11-03T10:14:32","modified_gmt":"2020-11-03T09:14:32","slug":"javult-az-uzleti-hangulat-a-nemet-autoiparban-az-ifo-felmerese-szerint","status":"publish","type":"post","link":"https:\/\/gazdasagportal.hu\/index.php\/javult-az-uzleti-hangulat-a-nemet-autoiparban-az-ifo-felmerese-szerint\/","title":{"rendered":"Javult az \u00fczleti hangulat a n\u00e9met aut\u00f3iparban az ifo felm\u00e9r\u00e9se szerint"},"content":{"rendered":"<p><strong>Jelent\u0151sen javult okt\u00f3berben a n\u00e9met aut\u00f3ipari v\u00e1llalatok \u00fczleti helyzet\u00fckr\u0151l alkotott v\u00e9lem\u00e9nye, romlott kiss\u00e9 azonban meg\u00edt\u00e9l\u00e9s\u00fck \u00fczleti kil\u00e1t\u00e1saikr\u00f3l a m\u00fcncheni egyetem ifo gazdas\u00e1gkutat\u00f3 int\u00e9zet havi rendszeres felm\u00e9r\u00e9s\u00e9nek meg\u00e1llap\u00edt\u00e1sa alapj\u00e1n.<\/strong><!--more--><\/p>\n<p>    Az aktu\u00e1lis helyzet meg\u00edt\u00e9l\u00e9s\u00e9t sz\u00e1mszer\u0171s\u00edt\u0151 mutat\u00f3 \u00e9rt\u00e9ke m\u00ednusz 0,2 pontra sz\u00f6k\u00f6tt fel okt\u00f3berben a szeptemberi m\u00ednusz 20,4 pontr\u00f3l. A mutat\u00f3 \u00e1prilisban rekordalacsony \u00e9rt\u00e9ken, m\u00ednusz 86,2 ponton \u00e1llt.<br \/>\n<div class=\"ads-in-post1\"><div id=\"gazdasagportal.hu_fullbanner_wideboard\"><\/div>\r\n<\/div>\n    &#8222;Az aut\u00f3k ir\u00e1nti kereslet er\u0151teljes n\u00f6veked\u00e9s\u00e9nek lehet\u00fcnk tan\u00fai, ami nagyot jav\u00edtott az aut\u00f3ipari vezet\u0151k hangulat\u00e1n&#8221; &#8211; mutatott r\u00e1 Klaus Wohlrabe, az ifo felm\u00e9r\u00e9seinek vezet\u0151je.<br \/>\n    Az aut\u00f3ipari v\u00e1llalatok kapacit\u00e1skihaszn\u00e1lts\u00e1ga okt\u00f3berben m\u00e1r 86 sz\u00e1zal\u00e9kra emelkedett a j\u00faliusi 73 sz\u00e1zal\u00e9kr\u00f3l. Szeptemberben 5 sz\u00e1zal\u00e9kkal haladta meg az \u00fajonnan forgalomba helyezett n\u00e9met gy\u00e1rtm\u00e1ny\u00fa aut\u00f3k sz\u00e1ma az egy \u00e9vvel kor\u00e1bbit. A n\u00f6veked\u00e9s az elektromos \u00e9s hibrid aut\u00f3knak volt k\u00f6sz\u00f6nhet\u0151. N\u00e9met gy\u00e1rtm\u00e1nyb\u00f3l azonban egyel\u0151re nem t\u00fal nagy a k\u00edn\u00e1lat ezekb\u0151l a t\u00edpusokb\u00f3l.<br \/>\n    Az aktu\u00e1lis helyzet javul\u00f3 meg\u00edt\u00e9l\u00e9se mellett tov\u00e1bb cs\u00f6kkent viszont a kil\u00e1t\u00e1sokr\u00f3l alkotott v\u00e9lem\u00e9nyt sz\u00e1mszer\u0171s\u00edt\u0151 mutat\u00f3sz\u00e1m: okt\u00f3berben 17,7 pontra a szeptemberi 27,6 pontr\u00f3l. A megrendel\u00e9s\u00e1llom\u00e1ny mutat\u00f3sz\u00e1ma pedig a szeptemberi 51,5 pontr\u00f3l 29,2 pontra ment le.<br \/>\n    Az aut\u00f3ipari v\u00e1llalatok fokozni tervezik termel\u00e9s\u00fcket, az \u00f6sszess\u00e9g\u00e9ben viszonylag kedvez\u0151 helyzetben azonban a l\u00e9tsz\u00e1mot tov\u00e1bbra is cs\u00f6kkentik.<br \/>\n    Az k\u00f6vetkez\u0151 h\u00f3napokban a n\u00e9met aut\u00f3ipari vezet\u0151k meg\u00edt\u00e9l\u00e9se szerint cs\u00f6kken a nemzetk\u00f6zi piacok n\u00f6veked\u00e9si dinamik\u00e1ja, a vonatkoz\u00f3 mutat\u00f3sz\u00e1m 23,2 pontra cs\u00f6kkent a szeptemberi 31,3 pontr\u00f3l.<br \/>\n    Jelenleg a N\u00e9metorsz\u00e1gban gy\u00e1rtott aut\u00f3knak valamivel t\u00f6bb mint 70 sz\u00e1zal\u00e9ka ker\u00fcl exportra. Az ar\u00e1ny 2019-ben 74,8 sz\u00e1zal\u00e9k volt. &#8222;Mik\u00f6zben sz\u00e1mos nagy eur\u00f3pai piac, Nagy-Britannia, Franciaorsz\u00e1g, Olaszorsz\u00e1g \u00e9s Spanyolorsz\u00e1g, valamint az Egyes\u00fclt \u00c1llamok m\u00e9g a j\u00e1rv\u00e1ny fogs\u00e1g\u00e1ban stagn\u00e1l, K\u00edn\u00e1ban m\u00e1r nagym\u00e9rt\u00e9kben megn\u00f6vekedett a n\u00e9met aut\u00f3k ir\u00e1nti kereslet&#8221; &#8211; mondta Oliver Falck, az ifo ipari \u00e9s technol\u00f3giai kutat\u00e1si igazgat\u00f3ja.<br \/>\n<div class=\"ads-in-post1\"><div id=\"gazdasagportal.hu_fullbanner_wideboard\"><\/div>\r\n<\/div>\n    Tavaly K\u00edna volt a n\u00e9met aut\u00f3export harmadik legnagyobb felvev\u0151piaca Nagy Britannia \u00e9s az Egyes\u00fclt \u00c1llamok ut\u00e1n. A n\u00e9met aut\u00f3export az idei els\u0151 h\u00e1rom negyed\u00e9vben 34 sz\u00e1zal\u00e9kkal cs\u00f6kkent a 2019-hez k\u00e9pest. A visszaes\u00e9s sokkal dr\u00e1maibb m\u00e9rt\u00e9k\u0171 lenne a k\u00ednai kereslet elm\u00falt n\u00e9h\u00e1ny h\u00f3napban bek\u00f6vetkezett nagy n\u00f6veked\u00e9se n\u00e9lk\u00fcl &#8211; mondta.(MTI)<\/p>\n","protected":false},"excerpt":{"rendered":"<p>Jelent\u0151sen javult okt\u00f3berben a n\u00e9met aut\u00f3ipari v\u00e1llalatok \u00fczleti helyzet\u00fckr\u0151l alkotott v\u00e9lem\u00e9nye, romlott kiss\u00e9 azonban meg\u00edt\u00e9l\u00e9s\u00fck \u00fczleti kil\u00e1t\u00e1saikr\u00f3l a m\u00fcncheni egyetem ifo gazdas\u00e1gkutat\u00f3 int\u00e9zet havi rendszeres felm\u00e9r\u00e9s\u00e9nek meg\u00e1llap\u00edt\u00e1sa alapj\u00e1n.<\/p>\n","protected":false},"author":1001006,"featured_media":0,"comment_status":"closed","ping_status":"open","sticky":false,"template":"","format":"standard","meta":[],"categories":[246],"tags":[],"_links":{"self":[{"href":"https:\/\/gazdasagportal.hu\/index.php\/wp-json\/wp\/v2\/posts\/130904"}],"collection":[{"href":"https:\/\/gazdasagportal.hu\/index.php\/wp-json\/wp\/v2\/posts"}],"about":[{"href":"https:\/\/gazdasagportal.hu\/index.php\/wp-json\/wp\/v2\/types\/post"}],"author":[{"embeddable":true,"href":"https:\/\/gazdasagportal.hu\/index.php\/wp-json\/wp\/v2\/users\/1001006"}],"replies":[{"embeddable":true,"href":"https:\/\/gazdasagportal.hu\/index.php\/wp-json\/wp\/v2\/comments?post=130904"}],"version-history":[{"count":1,"href":"https:\/\/gazdasagportal.hu\/index.php\/wp-json\/wp\/v2\/posts\/130904\/revisions"}],"predecessor-version":[{"id":130905,"href":"https:\/\/gazdasagportal.hu\/index.php\/wp-json\/wp\/v2\/posts\/130904\/revisions\/130905"}],"wp:attachment":[{"href":"https:\/\/gazdasagportal.hu\/index.php\/wp-json\/wp\/v2\/media?parent=130904"}],"wp:term":[{"taxonomy":"category","embeddable":true,"href":"https:\/\/gazdasagportal.hu\/index.php\/wp-json\/wp\/v2\/categories?post=130904"},{"taxonomy":"post_tag","embeddable":true,"href":"https:\/\/gazdasagportal.hu\/index.php\/wp-json\/wp\/v2\/tags?post=130904"}],"curies":[{"name":"wp","href":"https:\/\/api.w.org\/{rel}","templated":true}]}}