{"id":130883,"date":"2020-11-02T12:37:24","date_gmt":"2020-11-02T11:37:24","guid":{"rendered":"http:\/\/gazdasagportal.hu\/?p=130883"},"modified":"2020-11-02T12:37:24","modified_gmt":"2020-11-02T11:37:24","slug":"autowallis-novekedes-a-piaci-turbulenciak-ellenere","status":"publish","type":"post","link":"https:\/\/gazdasagportal.hu\/index.php\/autowallis-novekedes-a-piaci-turbulenciak-ellenere\/","title":{"rendered":"AutoWallis: N\u00f6veked\u00e9s a piaci turbulenci\u00e1k ellen\u00e9re"},"content":{"rendered":"<p><strong>Visszat\u00e9rt a n\u00f6veked\u00e9s a harmadik negyed\u00e9vre az AutoWallis belf\u00f6ldi \u00fczlet\u00e1g\u00e1ban: 19 sz\u00e1zal\u00e9kkal t\u00f6bb \u00faj g\u00e9pj\u00e1rm\u0171vet \u00e9rt\u00e9kes\u00edtettek itthon. A nemzetk\u00f6zi piacokon enn\u00e9l is jobb teljes\u00edtm\u00e9ny volt tapasztalhat\u00f3, 27 sz\u00e1zal\u00e9kkal t\u00f6bb \u00faj j\u00e1rm\u0171 tal\u00e1lt gazd\u00e1ra. \u00d6sszess\u00e9g\u00e9ben \u00edgy belf\u00f6ld\u00f6n \u00e9s k\u00fclf\u00f6ld\u00f6n egy\u00fctt kumul\u00e1ltan 22 sz\u00e1zal\u00e9kkal futott fel az \u00e9rt\u00e9kes\u00edt\u00e9s, ami a koronav\u00edrus miatti visszaes\u00e9s ellen\u00e9re az azt megel\u0151z\u0151 id\u0151szak n\u00f6veked\u00e9si dinamik\u00e1j\u00e1t k\u00f6zel\u00edti, \u00e9s az idei \u00e9vben v\u00e9grehajtott \u00fczletfejleszt\u00e9sek \u00e9s akviz\u00edci\u00f3k hat\u00e1sa n\u00e9lk\u00fcl is n\u00f6veked\u00e9st mutat. A szolg\u00e1ltat\u00f3i \u00fczlet\u00e1gban tranzakci\u00f3kkal siker\u00fclt ledolgozni a m\u00e1sodik negyed\u00e9v kij\u00e1r\u00e1si korl\u00e1toz\u00e1sai miatti alacsonyabb szervizkihaszn\u00e1lts\u00e1got, az els\u0151 h\u00e1rom negyed\u00e9v n\u00f6veked\u00e9s\u00e9nek a m\u00e9rt\u00e9ke kumul\u00e1ltan 10 sz\u00e1zal\u00e9k. Az els\u0151 kilenc h\u00f3nap adatai r\u00e9szben m\u00e1r tartalmazz\u00e1k az idei \u00e9v hat jelent\u0151s \u00e9s tranzakci\u00f3j\u00e1t, de azok teljes eg\u00e9sz\u00e9ben csak a 2021-es sz\u00e1mokban jelentkeznek.<\/strong><!--more--><\/p>\n<div class=\"ads-in-post1\"><div id=\"gazdasagportal.hu_fullbanner_wideboard\"><\/div>\r\n<\/div>\n<p><strong>\u00a0<\/strong><\/p>\n<p>Az aut\u00f3b\u00e9rleti piac kiv\u00e9tel\u00e9vel minden ter\u00fcleten kedvez\u0151 folyamatok voltak tapasztalhat\u00f3ak az AutoWallis harmadik negyed\u00e9v\u00e9ben, \u00edgy a Budapesti \u00c9rt\u00e9kt\u0151zsde aut\u00f3s c\u00e9g\u00e9nek \u00e9rt\u00e9kes\u00edt\u00e9si tev\u00e9kenys\u00e9ge m\u00e1r megk\u00f6zel\u00edtette \u00e9s t\u00f6bb esetben meg is haladta a koronav\u00edrus miatti gazdas\u00e1gi le\u00e1ll\u00e1s el\u0151tti id\u0151szakban tapasztalt n\u00f6veked\u00e9si \u00fctemet. A koronav\u00edrus-j\u00e1rv\u00e1ny kedvez\u0151tlen gazdas\u00e1gi hat\u00e1sai az aut\u00f3k\u00f6lcs\u00f6nz\u00e9s ter\u00fclet\u00e9n m\u00e9g mindig tapasztalhat\u00f3ak a turizmus \u00e9s \u00fczleti c\u00e9l\u00fa utaz\u00e1s drasztikus visszaes\u00e9se miatt. <strong>Ormosy G\u00e1bor, az AutoWallis vez\u00e9rigazgat\u00f3ja elmondta, hogy a csoport le\u00e1nyv\u00e1llalatainak menedzsmentje a lehet\u0151s\u00e9gekhez m\u00e9rten az \u00e1tmenetileg megv\u00e1ltozott k\u00f6rnyezethez igaz\u00edtotta a kapacit\u00e1sait. Egy\u00fattal felk\u00e9sz\u00fclve v\u00e1rt\u00e1k a gazdas\u00e1g \u00fajraindul\u00e1s\u00e1val az \u00faj, vagy elhalasztott ig\u00e9nyek kiszolg\u00e1l\u00e1s\u00e1t, ami a harmadik negyed\u00e9vben m\u00e1r jelentkezett a k\u00e9szletr\u0151l v\u00e1s\u00e1rl\u00e1sok \u00e9s szervizel\u00e9sek p\u00f3tl\u00e1s\u00e1ban is.<\/strong> <strong>A vez\u00e9rigazgat\u00f3 hozz\u00e1tette, hogy emellett a harmadik negyed\u00e9vben m\u00e1r organikus n\u00f6veked\u00e9s is tapasztalhat\u00f3 volt, \u00edgy mindent egybevetve 19-27 sz\u00e1zal\u00e9k k\u00f6z\u00f6tti m\u00e9rt\u00e9kben b\u0151v\u00fcltek a hazai \u00e9s a nemzetk\u00f6zi \u00e9rt\u00e9kes\u00edt\u00e9si sz\u00e1mok az \u00e9v els\u0151 kilenc h\u00f3napj\u00e1ban a tavalyi hasonl\u00f3 id\u0151szakhoz k\u00e9pest, \u00e9s a szervizkihaszn\u00e1lts\u00e1g ter\u00fclet\u00e9n is 10 sz\u00e1zal\u00e9kos b\u0151v\u00fcl\u00e9s volt tapasztalhat\u00f3.<\/strong> <strong>Ormosy G\u00e1bor kiemelte, hogy az AutoWallis ebben az id\u0151szakban is tov\u00e1bb folytatta az \u00fczletfejleszt\u00e9st, \u00edgy \u00f6sszesen <\/strong><strong>hat olyan akviz\u00edci\u00f3t jelentettek be<\/strong><strong> itthon \u00e9s a r\u00e9gi\u00f3ban, melyek k\u00f6z\u00fcl az Inici\u00e1l Aut\u00f3h\u00e1z \u00e9s a Wallis Kerepesi sz\u00e1mai r\u00e9szben m\u00e1r szerepelnek a mostani adatokban, de az \u00f6sszes akviz\u00edci\u00f3 pozit\u00edv hat\u00e1sai <\/strong><strong>a 2021-es sz\u00e1mokban jelentkeznek majd teljes eg\u00e9sz\u00e9ben.<\/strong><\/p>\n<p>A csoport <strong>Nemzetk\u00f6zi disztrib\u00faci\u00f3s \u00fczlet\u00e1ga<\/strong> \u2013 r\u00e9szben a b\u0151v\u00fcl\u0151 piacok, valamint modellportfoli\u00f3 v\u00e1ltoz\u00e1s\u00e1nak hat\u00e1s\u00e1ra \u2013 a tavalyival \u00f6sszehasonl\u00edtva 26,6 sz\u00e1zal\u00e9kkal, 1.963 darabra n\u00f6velte az \u00faj aut\u00f3k elad\u00e1sait az \u00e9v els\u0151 kilenc h\u00f3napj\u00e1ban. A <strong>Belf\u00f6ldi disztrib\u00faci\u00f3s \u00fczlet\u00e1g<\/strong> \u00fajg\u00e9pj\u00e1rm\u0171-\u00e9rt\u00e9kes\u00edt\u00e9se jelent\u0151sen felp\u00f6rg\u00f6tt a harmadik negyed\u00e9vben, \u00edgy \u00f6sszess\u00e9g\u00e9ben 19 sz\u00e1zal\u00e9kkal 2.775 darabra b\u0151v\u00fclt, ami l\u00e9nyegesen jobb teljes\u00edtm\u00e9ny a magyar piac 15 sz\u00e1zal\u00e9kos zsugorod\u00e1s\u00e1hoz k\u00e9pest (forr\u00e1s: DataHouse). <\/p><div id=\"gazda-3021016806\" class=\"gazda-tartalomban gazda-entity-placement\"><script async src=\"https:\/\/pagead2.googlesyndication.com\/pagead\/js\/adsbygoogle.js\"><\/script>\r\n<ins class=\"adsbygoogle\"\r\n     style=\"display:block\"\r\n     data-ad-format=\"fluid\"\r\n     data-ad-layout-key=\"-6t+ed+2i-1n-4w\"\r\n     data-ad-client=\"ca-pub-1959107119989764\"\r\n     data-ad-slot=\"4008251320\"><\/ins>\r\n<script>\r\n     (adsbygoogle = window.adsbygoogle || []).push({});\r\n<\/script><\/div>\n<div class=\"ads-in-post1\"><div id=\"gazdasagportal.hu_fullbanner_wideboard\"><\/div>\r\n<\/div>\nAz <strong>Aut\u00f3ipari szolg\u00e1ltat\u00f3i \u00fczlet\u00e1g <\/strong>g\u00e9pj\u00e1rm\u0171k\u00f6lcs\u00f6nz\u00e9si ter\u00fclet\u00e9t tov\u00e1bbra is kedvez\u0151tlen\u00fcl \u00e9rintette turizmus \u00e9s \u00fczleti c\u00e9l\u00fa utaz\u00e1s jelent\u0151s visszaes\u00e9se, de a ter\u00fclet vezet\u00e9se mindent megtett annak \u00e9rdek\u00e9ben, hogy a megv\u00e1ltozott k\u00f6r\u00fclm\u00e9nyekhez igaz\u00edtsa a gazd\u00e1lkod\u00e1st, \u00edgy 26,2 sz\u00e1zal\u00e9kkal 437 darabra cs\u00f6kkentette a b\u00e9rbeadhat\u00f3 flottam\u00e9retet, amit r\u00e9szben alternat\u00edv ter\u00fcleteken is hasznos\u00edtott (p\u00e9ld\u00e1ul fut\u00e1rszolg\u00e1ltat\u00e1sok), \u00e9s aminek egy r\u00e9sze a hossz\u00fat\u00e1v\u00fa b\u00e9rletekhez kapcsol\u00f3dik. Ezzel szemben a szervizszolg\u00e1ltat\u00e1sok ter\u00fclet\u00e9n a harmadik negyed\u00e9vben a tranzakci\u00f3k hat\u00e1s\u00e1val egy\u00fctt siker\u00fclt teljes eg\u00e9sz\u00e9ben ledolgozni az els\u0151 hat h\u00f3nap visszaes\u00e9s\u00e9t: a szerviz \u00f3r\u00e1k sz\u00e1ma 10 sz\u00e1zal\u00e9kkal b\u0151v\u00fclt az els\u0151 kilenc h\u00f3napban, \u00edgy \u00f6sszesen 41.733 \u00f3r\u00e1t vettek ig\u00e9nybe a c\u00e9gcsoport partnerei.<\/p>\n<p><strong><a href=\"https:\/\/gazdasagportal.hu\/wp-content\/uploads\/2020\/11\/autowallis_2020-I-III.png\"><img decoding=\"async\" loading=\"lazy\" class=\"aligncenter size-full wp-image-130884\" src=\"https:\/\/gazdasagportal.hu\/wp-content\/uploads\/2020\/11\/autowallis_2020-I-III.png\" alt=\"\" width=\"977\" height=\"999\" srcset=\"https:\/\/gazdasagportal.hu\/wp-content\/uploads\/2020\/11\/autowallis_2020-I-III.png 977w, https:\/\/gazdasagportal.hu\/wp-content\/uploads\/2020\/11\/autowallis_2020-I-III-293x300.png 293w, https:\/\/gazdasagportal.hu\/wp-content\/uploads\/2020\/11\/autowallis_2020-I-III-768x785.png 768w\" sizes=\"(max-width: 977px) 100vw, 977px\" \/><\/a>\u00a0<\/strong><\/p>\n<p><strong>\u00a0<\/strong><\/p>\n<p><strong>Az AutoWallis Nyrt.<\/strong><\/p>\n<p>A Budapesti \u00c9rt\u00e9kt\u0151zsde Pr\u00e9mium kateg\u00f3ri\u00e1j\u00e1ban, valamint a BUX \u00e9s BUMIX indexekben jegyzett AutoWallis Nyrt. c\u00e9lja, hogy 2029-re a k\u00f6z\u00e9p-kelet-eur\u00f3pai r\u00e9gi\u00f3 meghat\u00e1roz\u00f3 mobilit\u00e1si szolg\u00e1ltat\u00f3ja legyen. A v\u00e1llalat 2018-as, nemzetk\u00f6zi p\u00e9nz\u00fcgyi besz\u00e1mol\u00e1si standardok (IFRS) alapj\u00e1n sz\u00e1m\u00edtott konszolid\u00e1lt 65,5 milli\u00e1rdos \u00e1rbev\u00e9tel\u00e9nek dupl\u00e1z\u00e1s\u00e1t tervezi 2024-re, melyet el\u0151sorban organikus \u00faton akar el\u00e9rni. A v\u00e1llalat c\u00e9lja emellett, hogy az aut\u00f3ipari befektet\u00e9sekre f\u00f3kusz\u00e1l\u00f3 befektet\u00e9si portf\u00f3li\u00f3j\u00e1nak folyamatos, akviz\u00edci\u00f3s \u00faton t\u00f6rt\u00e9n\u0151 sz\u00e9les\u00edt\u00e9s\u00e9vel klasszikus, konzervat\u00edv \u00fczletpolitik\u00e1t k\u00e9pvisel\u0151 vagyonkezel\u0151k\u00e9nt m\u0171k\u00f6dj\u00f6n. Az AutoWallis csoport a k\u00f6z\u00e9p-kelet-eur\u00f3pai r\u00e9gi\u00f3 14 orsz\u00e1g\u00e1ban (Alb\u00e1nia, Bosznia-Hercegovina, Csehorsz\u00e1g, Bulg\u00e1ria, Horv\u00e1torsz\u00e1g, Koszov\u00f3, Lengyelorsz\u00e1g, Rom\u00e1nia, Szerbia, Szlov\u00e1kia, Szlov\u00e9nia, \u00c9szak-Maced\u00f3nia, Magyarorsz\u00e1g, Montenegr\u00f3) g\u00e9pj\u00e1rm\u0171- \u00e9s alkatr\u00e9sz kis- \u00e9s nagykereskedelemmel, szerviz szolg\u00e1ltat\u00e1sokkal, r\u00f6vid- \u00e9s hossz\u00fa t\u00e1v\u00fa g\u00e9pj\u00e1rm\u0171-k\u00f6lcs\u00f6nz\u00e9ssel van jelen. A csoport tagjai k\u00f6z\u00e9 tartozik a Wallis Automotive Europe, a Wallis British Motors, a Wallis Motor Pest, a Wallis Motor Duna, a Wallis Kerepesi, a Wallis Aut\u00f3k\u00f6lcs\u00f6nz\u0151, valamint az Inici\u00e1l Aut\u00f3h\u00e1z. A csoport \u00e1ltal k\u00e9pviselt m\u00e1rk\u00e1k k\u00f6z\u00e9 tartoznak a BMW szem\u00e9lyaut\u00f3k \u00e9s motorker\u00e9kp\u00e1rok, a Citro\u00ebn, a Dacia, az Isuzu, a Jaguar, a Land Rover, a Maserati, a MINI, a Nissan, az Opel, a Peugeot, a Renault, a Ssangyong, a Suzuki, a Toyota, a Saab alkatr\u00e9szek ut\u00e1np\u00f3tl\u00e1sa \u00e9s a Sixt rent-a-car. www.autowallis.hu<\/p>\n","protected":false},"excerpt":{"rendered":"<p>Visszat\u00e9rt a n\u00f6veked\u00e9s a harmadik negyed\u00e9vre az AutoWallis belf\u00f6ldi \u00fczlet\u00e1g\u00e1ban: 19 sz\u00e1zal\u00e9kkal t\u00f6bb \u00faj g\u00e9pj\u00e1rm\u0171vet \u00e9rt\u00e9kes\u00edtettek itthon. A nemzetk\u00f6zi piacokon enn\u00e9l is jobb teljes\u00edtm\u00e9ny volt tapasztalhat\u00f3, 27 sz\u00e1zal\u00e9kkal t\u00f6bb \u00faj j\u00e1rm\u0171 tal\u00e1lt gazd\u00e1ra. \u00d6sszess\u00e9g\u00e9ben \u00edgy belf\u00f6ld\u00f6n \u00e9s k\u00fclf\u00f6ld\u00f6n egy\u00fctt kumul\u00e1ltan 22 sz\u00e1zal\u00e9kkal futott fel az \u00e9rt\u00e9kes\u00edt\u00e9s, ami a koronav\u00edrus miatti visszaes\u00e9s ellen\u00e9re az azt megel\u0151z\u0151 &#8230;<\/p>\n","protected":false},"author":1001006,"featured_media":0,"comment_status":"closed","ping_status":"open","sticky":false,"template":"","format":"standard","meta":[],"categories":[7],"tags":[],"_links":{"self":[{"href":"https:\/\/gazdasagportal.hu\/index.php\/wp-json\/wp\/v2\/posts\/130883"}],"collection":[{"href":"https:\/\/gazdasagportal.hu\/index.php\/wp-json\/wp\/v2\/posts"}],"about":[{"href":"https:\/\/gazdasagportal.hu\/index.php\/wp-json\/wp\/v2\/types\/post"}],"author":[{"embeddable":true,"href":"https:\/\/gazdasagportal.hu\/index.php\/wp-json\/wp\/v2\/users\/1001006"}],"replies":[{"embeddable":true,"href":"https:\/\/gazdasagportal.hu\/index.php\/wp-json\/wp\/v2\/comments?post=130883"}],"version-history":[{"count":1,"href":"https:\/\/gazdasagportal.hu\/index.php\/wp-json\/wp\/v2\/posts\/130883\/revisions"}],"predecessor-version":[{"id":130885,"href":"https:\/\/gazdasagportal.hu\/index.php\/wp-json\/wp\/v2\/posts\/130883\/revisions\/130885"}],"wp:attachment":[{"href":"https:\/\/gazdasagportal.hu\/index.php\/wp-json\/wp\/v2\/media?parent=130883"}],"wp:term":[{"taxonomy":"category","embeddable":true,"href":"https:\/\/gazdasagportal.hu\/index.php\/wp-json\/wp\/v2\/categories?post=130883"},{"taxonomy":"post_tag","embeddable":true,"href":"https:\/\/gazdasagportal.hu\/index.php\/wp-json\/wp\/v2\/tags?post=130883"}],"curies":[{"name":"wp","href":"https:\/\/api.w.org\/{rel}","templated":true}]}}