{"id":130877,"date":"2020-11-02T10:47:14","date_gmt":"2020-11-02T09:47:14","guid":{"rendered":"http:\/\/gazdasagportal.hu\/?p=130877"},"modified":"2020-11-02T10:47:14","modified_gmt":"2020-11-02T09:47:14","slug":"nagyitoval-leshetik-a-maszkocska-nelkuli-vasarlokat-a-boltban","status":"publish","type":"post","link":"https:\/\/gazdasagportal.hu\/index.php\/nagyitoval-leshetik-a-maszkocska-nelkuli-vasarlokat-a-boltban\/","title":{"rendered":"Nagy\u00edt\u00f3val leshetik a maszkocska n\u00e9lk\u00fcli v\u00e1s\u00e1rl\u00f3kat a boltban"},"content":{"rendered":"<p style=\"font-weight: 400;\"><strong>De hogyan is, k\u00fcl\u00f6nben r\u00f6gt\u00f6n bez\u00e1rathatj\u00e1k. \u00c9s m\u00e9g sok m\u00e1s szolg\u00e1ltat\u00f3t, ahol k\u00f6telez\u0151, \u00f6sszesen t\u00f6bb mint 200 ezer helyen. A maszkrendelet ugyanis el\u0151\u00edrja azt is, hogy r\u00e9sen legyen az elad\u00f3. Van mentsv\u00e1r, de az\u00e9rt mindent meg is kell tenni. P\u00e9ld\u00e1ul az akci\u00f3s t\u00e1bla mell\u00e9 egy maszkos is kell. \u00c9s minden bej\u00e1rathoz egy elad\u00f3, vagy biztons\u00e1gi \u0151r. \u00d6t\u00f6dik sebess\u00e9gben a maszkrendelet.<\/strong><strong><!--more--><\/p>\n<div class=\"ads-in-post1\"><div id=\"gazdasagportal.hu_fullbanner_wideboard\"><\/div>\r\n<\/div>\n<p><\/strong><\/p>\n<p style=\"font-weight: 400;\">Ne csod\u00e1lkozzon az a v\u00e1s\u00e1rl\u00f3, aki maszk n\u00e9lk\u00fcl pr\u00f3b\u00e1lkozna bejutni egy boltba \u00e9s nem fog siker\u00fclni neki, mert be sem engedik. Ha pedig lecs\u00faszik az orr\u00e1r\u00f3l, akkor r\u00e1sz\u00f3lnak. \u00c9s minden elad\u00f3 lesni fogja a v\u00e1s\u00e1rl\u00f3t, na nem csak a k\u00edv\u00e1ns\u00e1gai miatt, hanem hogy viseli-e a maszkocsk\u00e1j\u00e1t.<\/p>\n<p style=\"font-weight: 400;\">Nem lesznek kevesen a maszk n\u00e9lk\u00fcli v\u00e1s\u00e1rl\u00f3k ut\u00e1n leselked\u0151k.\u00a0A maszkvisel\u00e9sre k\u00f6telezett helyek sz\u00e1ma k\u00e9tsz\u00e1zezer felett j\u00e1r (mintegy 140 ezer kereskedelmi \u00fczlet, amiben nem csak a boltok, hanem a nagykereskedelmi l\u00e9tes\u00edtm\u00e9nyek \u00e9s a j\u00e1rm\u0171kereskedelem is benne van), hozz\u00e1vet\u0151leg 50 ezer vend\u00e9gl\u00e1t\u00f3hely, \u00e9s m\u00e9g a t\u00f6bbi, kultur\u00e1lis, sz\u00f3rakoztat\u00f3, sportl\u00e9tes\u00edtm\u00e9nyek. Bej\u00e1ratb\u00f3l pedig m\u00e9g t\u00f6bb van, hiszen a nagyobb alapter\u00fclethez sok helyen t\u00f6bb ajt\u00f3 is duk\u00e1l.<\/p><div id=\"gazda-4149378065\" class=\"gazda-tartalomban gazda-entity-placement\"><script async src=\"https:\/\/pagead2.googlesyndication.com\/pagead\/js\/adsbygoogle.js\"><\/script>\r\n<ins class=\"adsbygoogle\"\r\n     style=\"display:block\"\r\n     data-ad-format=\"fluid\"\r\n     data-ad-layout-key=\"-6t+ed+2i-1n-4w\"\r\n     data-ad-client=\"ca-pub-1959107119989764\"\r\n     data-ad-slot=\"4008251320\"><\/ins>\r\n<script>\r\n     (adsbygoogle = window.adsbygoogle || []).push({});\r\n<\/script><\/div>\n<p style=\"font-weight: 400;\">November m\u00e1sodik\u00e1t\u00f3l ugyanis \u00f6t\u00f6dik sebess\u00e9gre kapcsolt a korm\u00e1ny a maszkvisel\u00e9s el\u0151\u00edr\u00e1saiban, dr\u00e1k\u00f3i szigort \u00edg\u00e9rve.<\/p>\n<p style=\"font-weight: 400;\">Els\u0151 k\u00f6rben m\u00e1jus 4-t\u0151l vid\u00e9ken, majd a m\u00e1sodikban m\u00e1jus 18-t\u00f3l a f\u0151v\u00e1rosban \u00e9s Pest megy\u00e9ben v\u00e1lt k\u00f6telez\u0151 viselett\u00e9 a boltokban (egy\u00e9bk\u00e9nt akkor m\u00e9g a t\u00f6megk\u00f6zleked\u00e9si eszk\u00f6z\u00f6k\u00f6n).\u00a0\u00c9s ebben az id\u0151ben m\u00e9g s\u00e1llal, kend\u0151vel is lehetett takargatni a fej\u00fcnket. Ekkor sz\u0171nt meg a vesz\u00e9lyhelyzetben elrendelt kij\u00e1r\u00e1si korl\u00e1toz\u00e1s, visszanyitottak az iparcikkes boltok, de m\u00e1r csak maszkban mehett\u00fcnk el b\u00e1rhova is v\u00e1s\u00e1rolni.<\/p>\n<p style=\"font-weight: 400;\">A vend\u00e9gl\u00e1t\u00f3helyeken is t\u00f6bb l\u00e9pcs\u0151s volt a vend\u00e9gek visszaenged\u00e9se. Vid\u00e9ken a teraszokon, kerthelyis\u00e9gekben m\u00e1r m\u00e1jus elej\u00e9t\u0151l lehetett vend\u00e9geket fogadni, majd m\u00e1jus k\u00f6zepe t\u00e1j\u00e1t\u00f3l a bels\u0151 terekben is, de ott a pinc\u00e9reknek takarniuk kellett sz\u00e1jukat, orrukat. A f\u0151v\u00e1rosban mindez k\u00e9t hetet cs\u00faszott, ugyancsak k\u00e9t l\u00e9p\u00e9sben. A vend\u00e9gnek nem kellett maszkot viselnie vend\u00e9gl\u00e1t\u00f3helyen, m\u00e9g.<\/p>\n<p style=\"font-weight: 400;\">J\u00fanius k\u00f6zep\u00e9n annyi t\u00f6rt\u00e9nt, hogy a vesz\u00e9lyhelyzetet a j\u00e1rv\u00e1ny\u00fcgyi k\u00e9sz\u00fclts\u00e9g v\u00e1ltotta fel, \u00edgy a keret v\u00e1ltozott, de a maszkvisel\u00e9si k\u00f6telezetts\u00e9g maradt.<\/p>\n<p style=\"font-weight: 400;\"><strong>Szeptembert\u0151l j\u00f6tt az els\u0151 szigorbomba, okt\u00f3berre \u00e9les\u00edtett\u00e9k<\/strong><\/p>\n<p style=\"font-weight: 400;\">Szeptember 21-t\u0151l b\u0151v\u00fclt a maszkviseletre k\u00f6telezett szolg\u00e1ltat\u00f3helyek k\u00f6re, p\u00e9ld\u00e1ul kultur\u00e1lis int\u00e9zm\u00e9nyekkel is. De ekkort\u00f3l m\u00e1r csak maszkot (orvosi, vagy munkav\u00e9delmi maszkot, vagy textilb\u0151l k\u00e9sz\u00edtettet) lehet viselni a kijel\u00f6lt helyeken, p\u00e9ld\u00e1ul egy moziban is. \u00c9s bedobta a korm\u00e1ny a szigorbomb\u00e1t, ami egyik oldalr\u00f3l azt jelentette, hogy az \u00fczemeltet\u0151 a felel\u0151s a maszkviselet betartat\u00e1s\u00e9rt.<\/p>\n<div class=\"ads-in-post1\"><div id=\"gazdasagportal.hu_fullbanner_wideboard\"><\/div>\r\n<\/div>\n<p style=\"font-weight: 400;\">\u00c9s \u00edgy r\u00e1ad\u00e1sul, ha nem tett meg minden t\u0151le elv\u00e1rhat\u00f3t a v\u00e1s\u00e1rl\u00f3 maszkvisel\u00e9s\u00e9\u00e9rt, akkor el\u0151bb figyelmeztet\u00e9st, majd sz\u00e1zezer \u00e9s egymilli\u00f3 forint k\u00f6z\u00f6tti b\u00edrs\u00e1got kaphatott, ezt k\u00f6vet\u0151en a boltbez\u00e1r\u00e1s r\u00e9me fenyegette (ez h\u00e1rom napt\u00f3l egy \u00e9vig terjed\u0151 id\u0151szakot jelent). Ez a szab\u00e1lyr\u00e9sz okt\u00f3ber harmadik\u00e1t\u00f3l \u00e9lesedett.<\/p>\n<p style=\"font-weight: 400;\">L\u00e9nyeges k\u00e9rd\u00e9s, hogy ebben az okt\u00f3beri id\u0151szakban a boltost a kereskedelmi hat\u00f3s\u00e1g, a jegyz\u0151 k\u00f6teless\u00e9ge volt ellen\u0151rizni, figyelmeztet\u00e9sek voltak is. A rend\u0151rs\u00e9g a v\u00e1s\u00e1rl\u00f3kat ellen\u0151rizte, amelyr\u0151l v\u00e9ts\u00e9g eset\u00e9n t\u00e1j\u00e9koztatta a jegyz\u0151t.<\/p>\n<p style=\"font-weight: 400;\"><strong>\u00c9s akkor itt a lakatvesz\u00e9ly, de azonnal fel is rakathat\u00f3<\/strong><\/p>\n<p style=\"font-weight: 400;\">November m\u00e1sodik\u00e1t\u00f3l k\u00e9t l\u00e9nyeges v\u00e1ltoz\u00e1s l\u00e9p be. Az egyik, hogy megsz\u0171nik a sorrendesdi, teh\u00e1t s\u00falyos esetben ak\u00e1r azonnal bez\u00e1rhat\u00f3 egy bolt, vagy vend\u00e9gl\u0151, vagy \u00e9ppen egy mozi, de ak\u00e1r egy pl\u00e1za is. A hat\u00f3s\u00e1gnak nem kell figyelmeztet\u00e9sre \u00e9s b\u00edrs\u00e1gra v\u00e1rnia, azonnal megkerestetheti a boltossal a lakatot.<\/p>\n<p style=\"font-weight: 400;\">A m\u00e1sik l\u00e9nyeges v\u00e1ltoz\u00e1s, hogy a rend\u0151rs\u00e9g a maszkvisel\u00e9s ellen\u0151rz\u00e9s\u00e9ben megkapta a kereskedelmi hat\u00f3s\u00e1g jogos\u00edtv\u00e1nyait, \u00edgy \u0151 is b\u00fcntetheti a boltost, ak\u00e1r be is z\u00e1rathatja.<\/p>\n<p style=\"font-weight: 400;\">\u00cdgy k\u00e9t hat\u00f3s\u00e1gt\u00f3l is f\u00e9lhet a boltos, a jegyz\u0151t\u0151l \u00e9s a rend\u0151rs\u00e9gt\u0151l egyar\u00e1nt.<\/p>\n<p style=\"font-weight: 400;\">De h\u00e1t be kell l\u00e1tni, nem csak a szigor n\u0151tt, hanem a j\u00e1rv\u00e1ny okozta bajokat mutat\u00f3 statisztika mutat\u00f3i is egyre feljebb k\u00fasznak. Nyilv\u00e1n ehhez kapcsol\u00f3dik, hogy a hat\u00f3s\u00e1g b\u00edrs\u00e1golhat \u00e9s bez\u00e1rathat egyszerre is egy boltot, ha az v\u00e9tkes.<\/p>\n<p style=\"font-weight: 400;\"><strong>De mit csin\u00e1ljon a boltos, ha j\u00f6n a h\u00e9tfej\u0171 v\u00e1s\u00e1rl\u00f3 maszkocska n\u00e9lk\u00fcl<\/strong><\/p>\n<p style=\"font-weight: 400;\">A jogalkot\u00f3k az\u00e9rt gondoltak arra is, hogy a boltos dolgoz\u00f3, vagy \u00e9ppen a vagyon\u0151r (biztons\u00e1gi \u0151r) lehet\u0151s\u00e9gei korl\u00e1tozottak abban, mit tehet a v\u00e1s\u00e1rl\u00f3val szemben, ha az nem visel maszkot. Egyszer\u0171en ugyanis csak k\u00e9rhet, felsz\u00f3l\u00edthat, teh\u00e1t szavakkal, feliratokkal, hangosbesz\u00e9l\u0151vel k\u00fcszk\u00f6dhet a renitens v\u00e1s\u00e1rl\u00f3val.<\/p>\n<p style=\"font-weight: 400;\">A korm\u00e1nyrendelet el\u0151 is \u00edrja, mit tegyen a boltos, de ahhoz, hogy meg\u00fassza a b\u00fcntet\u00e9st, ezeket mind meg is kell tennie.<\/p>\n<p style=\"font-weight: 400;\">Az el\u0151bbiek nyom\u00e1n a renitens v\u00e1s\u00e1rl\u00f3 figyelm\u00e9t fel is kell h\u00edvni: be sem l\u00e9phet a boltba maszkocska n\u00e9lk\u00fcl, ha pedig m\u00e9gis besurrant valahogyan, akkor el kell hagynia (nincs olyan, hogy v\u00e1s\u00e1rl\u00e1s k\u00f6zben megpihen \u00e9s letolja a nyak\u00e1ra). \u00c9s a legfontosabb, hogy a maszkocska szab\u00e1lyos viselete n\u00e9lk\u00fcl ki sem szolg\u00e1lhat\u00f3 (hi\u00e1ba lav\u00edrozik el valahogyan maszkocska n\u00e9lk\u00fcl a p\u00e9nzt\u00e1rig).<\/p>\n<p style=\"font-weight: 400;\">A legfontosabb k\u00f6teless\u00e9ge pedig a boltosnak egy elsim\u00edthatatlan vita eset\u00e9n a rend\u0151rs\u00e9get is \u00e9rtes\u00edteni. Ezt nem is \u00e1rt legal\u00e1bb halkan f\u00fcl\u00e9be s\u00fagni a v\u00e1s\u00e1rl\u00f3nak. \u0150 pedig hi\u00e1ba gondolja \u00fagy, hogy ameddig a rend\u0151r ki\u00e9r, addig gyorsan fizet a p\u00e9nzt\u00e1rn\u00e1l, mert nem teheti meg.<\/p>\n<p style=\"font-weight: 400;\">Az el\u0151bbiek \u00e9rdek\u00e9ben a bej\u00e1ratn\u00e1l \u00e9s f\u0151leg a nagyobb boltokn\u00e1l az elad\u00f3t\u00e9rben is c\u00e9lszer\u0171 egy ki\u00edr\u00e1ssal pontosan felh\u00edvni a v\u00e1s\u00e1rl\u00f3 figyelm\u00e9t a maszkocska k\u00f6telez\u0151 visel\u00e9s\u00e9re \u00e9s a mulaszt\u00e1s k\u00f6vetkezm\u00e9nyeire. Ezt minden boltos meg is teszi. De ez az\u00e9rt kev\u00e9s, hiszen ha l\u00e1tja a boltos, hogy a v\u00e1s\u00e1rl\u00f3 nem tud, vagy nem akar olvasni, akkor figyelmeztetnie kell n\u00e9mi sz\u00f3besz\u00e9d r\u00e9v\u00e9n is.<\/p>\n<p style=\"font-weight: 400;\">Ha pedig eljut a boltos addig, hogy a v\u00e1s\u00e1rl\u00f3 cs\u00f6k\u00f6ny\u00f6s, akkor k\u00e9nytelen \u00e9rtes\u00edteni a rend\u0151r\u00f6ket.<\/p>\n<p style=\"font-weight: 400;\">Bel\u00e9p azonban m\u00e9g egy szab\u00e1lyelem. Ha az \u00fczemeltet\u0151 a maszkvisel\u00e9s hi\u00e1nyoss\u00e1gainak felsz\u00e1mol\u00e1sa \u00e9rdek\u00e9ben a jogszer\u0171s\u00e9g \u00e9rdek\u00e9ben l\u00e9p, int\u00e9zked\u00e9seket hoz, ak\u00e1r az utols\u00f3 pillanatban, akkor azt a jegyz\u0151 \u00e9s a rend\u0151rs\u00e9g is figyelembe veszi. Ez azt jelenti, hogy m\u00e9g a legv\u00e9gs\u0151 m\u00e1sodpercben is lehet tenni a maszkocska szab\u00e1lyszer\u0171 visel\u00e9s\u00e9\u00e9rt. Nyilv\u00e1n a hat\u00f3s\u00e1gok m\u00e9rlegelik majd, hogy mi volt el\u00e9g \u00e9s mi nem.<\/p>\n<div class=\"ads-in-post1\"><div id=\"gazdasagportal.hu_fullbanner_wideboard\"><\/div>\r\n<\/div>\n<p style=\"font-weight: 400;\">Az akci\u00f3s t\u00e1bl\u00e1k mellett m\u00e1r m\u00e1jus \u00f3ta vir\u00edtanak a boltokban, szolg\u00e1ltat\u00f3helyeken a maszkvisel\u00e9sre vonatkoz\u00f3 felh\u00edv\u00e1sok. Most majd kider\u00fcl, mennyire jutnak a boltosok a figyelmeztet\u00e9ssel \u00e9s a hat\u00f3s\u00e1gok a novemberre \u00edg\u00e9rt nagyobb szigorral.<\/p>\n<p style=\"font-weight: 400;\">Hogy ne legyen sz\u00fcks\u00e9g a boltokat bez\u00e1rni, de nem b\u00fcntet\u00e9sb\u0151l, hanem a j\u00e1rv\u00e1ny elleni v\u00e9dekez\u00e9s tov\u00e1bbi fokozatak\u00e9nt. Mindegyiket majdnem.<\/p>\n<p style=\"font-weight: 400;\">(<a href=\"http:\/\/blokkk.com\/\" data-saferedirecturl=\"https:\/\/www.google.com\/url?q=http:\/\/blokkk.com&amp;source=gmail&amp;ust=1604395658921000&amp;usg=AFQjCNH6LELePD4-e7HfWeak5mpU5kjN2g\" target=\"_blank\" rel=\"noopener\">blokkk.com<\/a>)<\/p>\n","protected":false},"excerpt":{"rendered":"<p>De hogyan is, k\u00fcl\u00f6nben r\u00f6gt\u00f6n bez\u00e1rathatj\u00e1k. \u00c9s m\u00e9g sok m\u00e1s szolg\u00e1ltat\u00f3t, ahol k\u00f6telez\u0151, \u00f6sszesen t\u00f6bb mint 200 ezer helyen. A maszkrendelet ugyanis el\u0151\u00edrja azt is, hogy r\u00e9sen legyen az elad\u00f3. Van mentsv\u00e1r, de az\u00e9rt mindent meg is kell tenni. P\u00e9ld\u00e1ul az akci\u00f3s t\u00e1bla mell\u00e9 egy maszkos is kell. \u00c9s minden bej\u00e1rathoz egy elad\u00f3, vagy biztons\u00e1gi &#8230;<\/p>\n","protected":false},"author":1001006,"featured_media":0,"comment_status":"closed","ping_status":"open","sticky":false,"template":"","format":"standard","meta":[],"categories":[136,424,19],"tags":[],"_links":{"self":[{"href":"https:\/\/gazdasagportal.hu\/index.php\/wp-json\/wp\/v2\/posts\/130877"}],"collection":[{"href":"https:\/\/gazdasagportal.hu\/index.php\/wp-json\/wp\/v2\/posts"}],"about":[{"href":"https:\/\/gazdasagportal.hu\/index.php\/wp-json\/wp\/v2\/types\/post"}],"author":[{"embeddable":true,"href":"https:\/\/gazdasagportal.hu\/index.php\/wp-json\/wp\/v2\/users\/1001006"}],"replies":[{"embeddable":true,"href":"https:\/\/gazdasagportal.hu\/index.php\/wp-json\/wp\/v2\/comments?post=130877"}],"version-history":[{"count":1,"href":"https:\/\/gazdasagportal.hu\/index.php\/wp-json\/wp\/v2\/posts\/130877\/revisions"}],"predecessor-version":[{"id":130878,"href":"https:\/\/gazdasagportal.hu\/index.php\/wp-json\/wp\/v2\/posts\/130877\/revisions\/130878"}],"wp:attachment":[{"href":"https:\/\/gazdasagportal.hu\/index.php\/wp-json\/wp\/v2\/media?parent=130877"}],"wp:term":[{"taxonomy":"category","embeddable":true,"href":"https:\/\/gazdasagportal.hu\/index.php\/wp-json\/wp\/v2\/categories?post=130877"},{"taxonomy":"post_tag","embeddable":true,"href":"https:\/\/gazdasagportal.hu\/index.php\/wp-json\/wp\/v2\/tags?post=130877"}],"curies":[{"name":"wp","href":"https:\/\/api.w.org\/{rel}","templated":true}]}}