{"id":130867,"date":"2020-11-01T19:29:00","date_gmt":"2020-11-01T18:29:00","guid":{"rendered":"http:\/\/gazdasagportal.hu\/?p=130867"},"modified":"2020-11-01T19:29:00","modified_gmt":"2020-11-01T18:29:00","slug":"a-novemberi-zarlat-tovabbi-1-szazalekponttal-csokkentheti-a-nemet-gdp-t","status":"publish","type":"post","link":"https:\/\/gazdasagportal.hu\/index.php\/a-novemberi-zarlat-tovabbi-1-szazalekponttal-csokkentheti-a-nemet-gdp-t\/","title":{"rendered":"A novemberi z\u00e1rlat tov\u00e1bbi 1 sz\u00e1zal\u00e9kponttal cs\u00f6kkentheti a n\u00e9met GDP-t"},"content":{"rendered":"<p><strong>A koronav\u00edrus-j\u00e1rv\u00e1ny er\u0151s\u00f6d\u00e9se miatt november v\u00e9g\u00e9ig elrendelt r\u00e9szleges z\u00e1rlat tov\u00e1bbi 1 sz\u00e1zal\u00e9kponttal cs\u00f6kkentheti N\u00e9metorsz\u00e1g hazai \u00f6sszterm\u00e9k\u00e9t (GDP) egy vas\u00e1rnap ismertetett elemz\u0151i becsl\u00e9s szerint.<\/strong><!--more--><\/p>\n<p>Az egyik legtekint\u00e9lyesebb n\u00e9met gazdas\u00e1gkutat\u00f3 int\u00e9zet, a k\u00f6lni IW (Institut der Deutschen Wirtschaft) szerint a h\u00e9tf\u0151n \u00e9letbe l\u00e9p\u0151 j\u00e1rv\u00e1nylass\u00edt\u00f3 z\u00e1rlat hat\u00e1sa nemcsak a kor\u00e1bban v\u00e1rtn\u00e1l nagyobb GDP-cs\u00f6kken\u00e9sben mutatkozik majd meg, hanem nagyobb munkan\u00e9lk\u00fclis\u00e9gben is. Az \u00e1ll\u00e1stalanok sz\u00e1ma az id\u00e9n 591 ezerrel, j\u00f6v\u0151re tov\u00e1bbi 15 ezerrel n\u0151het.<br \/>\n<div class=\"ads-in-post1\"><div id=\"gazdasagportal.hu_fullbanner_wideboard\"><\/div>\r\n<\/div>\nA becsl\u00e9s csak arra az esetre vonatkozik, ha a z\u00e1rlatot a korm\u00e1nyzati bejelent\u00e9seknek megfelel\u0151en november v\u00e9g\u00e9n feloldj\u00e1k. Ha tov\u00e1bb \u00e9rv\u00e9nyben maradnak az \u00faj korl\u00e1toz\u00f3 int\u00e9zked\u00e9sek, a GDP ak\u00e1r 2 sz\u00e1zal\u00e9kponttal is cs\u00f6kkenhet, \u00e9s j\u00f6v\u0151re ak\u00e1r 180 ezerrel is emelkedhet a munkan\u00e9lk\u00fcliek sz\u00e1ma &#8211; emelte ki Michael H\u00fcther, az IW igazgat\u00f3ja a Bild am Sonntag c\u00edm\u0171 lapnak nyilatkozva.<br \/>\nEgy m\u00e1sik vezet\u0151 gazdas\u00e1gkutat\u00f3 int\u00e9zet, a berlini DIW (Deutsches Institut f\u00fcr Wirtschaftsforschung) sz\u00e1m\u00edt\u00e1sai szerint a t\u00f6bb \u00e1gazatot k\u00e9nyszersz\u00fcnetre \u00edt\u00e9l\u0151 rendelkez\u00e9sek 19,3 milli\u00e1rd eur\u00f3ba (7000 milli\u00e1rd forint) ker\u00fclnek. A legnagyobb &#8211; 5,8 milli\u00e1rd eur\u00f3s &#8211; bev\u00e9telkies\u00e9st az idegenforgalom \u00e9s a vend\u00e9gl\u00e1t\u00e1s szenvedi el. A kult\u00fara, a sport \u00e9s a sz\u00f3rakoztat\u00f3ipar ter\u00fclet\u00e9n 2,1 milli\u00e1rd eur\u00f3, a kiskereskedelemben 1,3 milli\u00e1rd eur\u00f3 kies\u00e9s keletkezhet.<br \/>\nA Welt am Sonntag c\u00edm\u0171 lapban ismertetett sz\u00e1m\u00edt\u00e1sok szerint az \u00fajabb z\u00e1rlat nagy vesztesei k\u00f6z\u00e9 tartozik a feldolgoz\u00f3ipar is, 5,2 milli\u00e1rd eur\u00f3s kies\u00e9ssel. Megszenvedik a korl\u00e1toz\u00e1sokat egy sor tov\u00e1bbi ter\u00fclet v\u00e1llalkoz\u00e1sai is, p\u00e9ld\u00e1ul a sz\u00e1ll\u00edtm\u00e1nyoz\u00f3 c\u00e9gek \u00e9s az \u00fagynevezett sz\u00e9ps\u00e9gipar szerepl\u0151i, p\u00e9ld\u00e1ul a legt\u00f6bb tartom\u00e1nyban ugyancsak bez\u00e1r\u00e1sra k\u00e9nyszer\u00fcl\u0151 kozmetikai szalonok \u00e9s tetov\u00e1l\u00f3 st\u00fadi\u00f3k.<br \/>\nA sz\u00f6vets\u00e9gi korm\u00e1ny \u00e9s a tartom\u00e1nyi korm\u00e1nyok meg\u00e1llapod\u00e1sa szerint november 2-t\u00f3l 30-ig a fert\u0151z\u00e9svesz\u00e9llyel j\u00e1r\u00f3 k\u00f6zvetlen testi kapcsolatok cs\u00f6kkent\u00e9se c\u00e9lj\u00e1b\u00f3l az orsz\u00e1g teljes ter\u00fclet\u00e9n bevezetik azt az alapszab\u00e1lyt, hogy legfeljebb k\u00e9t h\u00e1ztart\u00e1s tagjai \u00e9s maximum t\u00edz ember tart\u00f3zkodhat egy\u00fctt mag\u00e1n- \u00e9s k\u00f6zter\u00fcleten.<br \/>\n<div class=\"ads-in-post1\"><div id=\"gazdasagportal.hu_fullbanner_wideboard\"><\/div>\r\n<\/div>\nCsaknem teljesen le\u00e1ll\u00edtj\u00e1k az idegenforgalmat \u00e9s a vend\u00e9gl\u00e1t\u00e1st, a sz\u00e1llod\u00e1k \u00edgy csak \u00fczleti \u00faton l\u00e9v\u0151 vend\u00e9geket fogadhatnak, \u00e9s a vend\u00e9gl\u0151k csak elvitelre f\u0151zhetnek. Felf\u00fcggesztik a kultur\u00e1lis int\u00e9zm\u00e9nyek &#8211; p\u00e9ld\u00e1ul m\u00fazeumok, sz\u00ednh\u00e1zak \u00e9s mozik -, az amat\u0151rsport-egyes\u00fcletek \u00e9s a szabadid\u0151 k\u00f6z\u00f6s elt\u00f6lt\u00e9s\u00e9re szakosodott egy\u00e9b int\u00e9zm\u00e9nyek \u00e9s v\u00e1llalkoz\u00e1sok tev\u00e9kenys\u00e9g\u00e9t is. A meg\u00e1llapod\u00e1s t\u00f6bb pontj\u00e1t tartom\u00e1nyonk\u00e9nt elt\u00e9r\u0151 m\u00f3don \u00fcltetik \u00e1t a gyakorlatba, \u00edgy p\u00e9ld\u00e1ul m\u00edg Bajororsz\u00e1gban valamennyi sz\u00e9ps\u00e9gszalon z\u00e1rva lesz novemberben, T\u00fcringi\u00e1ban \u00e9s Sz\u00e1szorsz\u00e1gban az eddigi fert\u0151z\u00e9shigi\u00e9niai \u00f3vint\u00e9zked\u00e9sek mellett tov\u00e1bb dolgozhatnak a kozmetikusok.<br \/>\nA n\u00e9met gazdas\u00e1g a harmadik negyed\u00e9vben, a j\u00e1rv\u00e1ny eddigi legcsendesebb id\u0151szak\u00e1ban m\u00e9g lend\u00fcletben volt, a GDP rekord m\u00e9rt\u00e9kben, 8,2 sz\u00e1zal\u00e9kkal n\u0151tt az el\u0151z\u0151 h\u00e1rom h\u00f3naphoz k\u00e9pest, ugyanakkor az egy \u00e9vvel kor\u00e1bbihoz k\u00e9pest 4,2 sz\u00e1zal\u00e9kkal cs\u00f6kkent.<br \/>\nA sz\u00f6vets\u00e9gi korm\u00e1ny el\u0151rejelz\u00e9se szerint az Eur\u00f3pai Uni\u00f3 legnagyobb gazdas\u00e1ga az \u00e9v eg\u00e9sz\u00e9t tekintve 5,5 sz\u00e1zal\u00e9kkal cs\u00f6kken, j\u00f6v\u0151re viszont 4,4 sz\u00e1zal\u00e9kkal n\u00f6vekedik. Az IW szerint a n\u00e9met GDP 2020-ban 6,25 sz\u00e1zal\u00e9kkal cs\u00f6kken, 2021-ben pedig 4,5 sz\u00e1zal\u00e9kkal n\u0151. A DIW 2020-ra 6 sz\u00e1zal\u00e9kos GDP-cs\u00f6kken\u00e9st v\u00e1r, m\u00edg 2021-re 4,1 sz\u00e1zal\u00e9kos n\u00f6veked\u00e9st jelez el\u0151re.(MTI)<br \/>\n&nbsp;<\/p>\n","protected":false},"excerpt":{"rendered":"<p>A koronav\u00edrus-j\u00e1rv\u00e1ny er\u0151s\u00f6d\u00e9se miatt november v\u00e9g\u00e9ig elrendelt r\u00e9szleges z\u00e1rlat tov\u00e1bbi 1 sz\u00e1zal\u00e9kponttal cs\u00f6kkentheti N\u00e9metorsz\u00e1g hazai \u00f6sszterm\u00e9k\u00e9t (GDP) egy vas\u00e1rnap ismertetett elemz\u0151i becsl\u00e9s szerint.<\/p>\n","protected":false},"author":1001006,"featured_media":0,"comment_status":"closed","ping_status":"open","sticky":false,"template":"","format":"standard","meta":[],"categories":[12,246],"tags":[],"_links":{"self":[{"href":"https:\/\/gazdasagportal.hu\/index.php\/wp-json\/wp\/v2\/posts\/130867"}],"collection":[{"href":"https:\/\/gazdasagportal.hu\/index.php\/wp-json\/wp\/v2\/posts"}],"about":[{"href":"https:\/\/gazdasagportal.hu\/index.php\/wp-json\/wp\/v2\/types\/post"}],"author":[{"embeddable":true,"href":"https:\/\/gazdasagportal.hu\/index.php\/wp-json\/wp\/v2\/users\/1001006"}],"replies":[{"embeddable":true,"href":"https:\/\/gazdasagportal.hu\/index.php\/wp-json\/wp\/v2\/comments?post=130867"}],"version-history":[{"count":1,"href":"https:\/\/gazdasagportal.hu\/index.php\/wp-json\/wp\/v2\/posts\/130867\/revisions"}],"predecessor-version":[{"id":130868,"href":"https:\/\/gazdasagportal.hu\/index.php\/wp-json\/wp\/v2\/posts\/130867\/revisions\/130868"}],"wp:attachment":[{"href":"https:\/\/gazdasagportal.hu\/index.php\/wp-json\/wp\/v2\/media?parent=130867"}],"wp:term":[{"taxonomy":"category","embeddable":true,"href":"https:\/\/gazdasagportal.hu\/index.php\/wp-json\/wp\/v2\/categories?post=130867"},{"taxonomy":"post_tag","embeddable":true,"href":"https:\/\/gazdasagportal.hu\/index.php\/wp-json\/wp\/v2\/tags?post=130867"}],"curies":[{"name":"wp","href":"https:\/\/api.w.org\/{rel}","templated":true}]}}