{"id":13086,"date":"2013-08-05T18:37:37","date_gmt":"2013-08-05T16:37:37","guid":{"rendered":"http:\/\/stockportal.hu\/?p=13086"},"modified":"2013-08-05T18:39:12","modified_gmt":"2013-08-05T16:39:12","slug":"az-alstom-ujitja-fel-a-paksi-atomeromu-generatorait","status":"publish","type":"post","link":"https:\/\/gazdasagportal.hu\/index.php\/az-alstom-ujitja-fel-a-paksi-atomeromu-generatorait\/","title":{"rendered":"Az Alstom \u00faj\u00edtja fel a paksi atomer\u0151m\u0171 gener\u00e1torait"},"content":{"rendered":"<p><strong>Az Alstom nyerte el az MVM Paksi Atomer\u0151m\u0171 Zrt. \u00e1ltal nyolc \u00fczemi \u00e9s egy tartal\u00e9k gener\u00e1tor forg\u00f3r\u00e9sz\u00e9nek fel\u00faj\u00edt\u00e1si munk\u00e1ira ki\u00edrt 5,1 milli\u00f3 eur\u00f3 (mintegy 1,5 milli\u00e1rd forint) \u00e9rt\u00e9k\u0171 k\u00f6zbeszerz\u00e9si p\u00e1ly\u00e1zatot &#8211; t\u00e1j\u00e9koztatott az Alstom Hungaria Zrt. h\u00e9tf\u0151n.<!--more--><\/strong><\/p>\n<p>A k\u00f6zlem\u00e9ny szerint a fel\u00faj\u00edt\u00e1sokat az Alstom budapesti gener\u00e1tor szakm\u0171helye, magyar m\u00e9rn\u00f6kcsapata, k\u00fclf\u00f6ldi szakemberek \u00e9s t\u00f6bb hazai alv\u00e1llalkoz\u00f3 bevon\u00e1s\u00e1val v\u00e9gzi.<br \/>\nA paksi atomer\u0151m\u0171 1982 \u00e9s 1987 k\u00f6z\u00f6tt helyezte \u00fczembe a n\u00e9gy, egyenk\u00e9nt 500 megawatt teljes\u00edtm\u00e9ny\u0171 atomer\u0151m\u0171vi reaktorblokkhoz tartoz\u00f3 kilenc, Ganz gy\u00e1rtm\u00e1ny\u00fa gener\u00e1tor\u00e1t. A berendez\u00e9sek fel\u00faj\u00edt\u00e1sa 10-12 \u00e9vente esed\u00e9kes &#8211; eml\u00e9keztet a k\u00f6zlem\u00e9ny.<br \/>\nAz id\u00e9n j\u00faliusban kezdett munk\u00e1k sor\u00e1n \u00e9vente egy gener\u00e1tor forg\u00f3r\u00e9sz\u00e9t \u00faj\u00edtj\u00e1k fel az Alstom magyar szakemberei. A teljes fel\u00faj\u00edt\u00e1s 2021-ben \u00e9r v\u00e9get.<br \/>\nA c\u00e9g magyar szervizcsapata t\u00f6bb hazai er\u0151m\u0171ben v\u00e9gzett m\u00e1r gener\u00e1tor-fel\u00faj\u00edt\u00e1sokat, ezen k\u00edv\u00fcl finn, osztr\u00e1k \u00e9s t\u00f6r\u00f6k er\u0151m\u0171vek fel\u00faj\u00edt\u00e1si projektjeiben is sikerrel vett r\u00e9szt &#8211; k\u00f6z\u00f6lte az Alstom.<br \/>\nA Paksi Atomer\u0151m\u0171 megb\u00edz\u00e1s\u00e1nak elnyer\u00e9s\u00e9t az tette lehet\u0151v\u00e9, hogy a t\u00e1rsas\u00e1g aj\u00e1nlata \u00f6tv\u00f6zi a magyar szakemberek hazai er\u0151m\u0171vi berendez\u00e9sek fel\u00faj\u00edt\u00e1s\u00e1ban szerzett tapasztalat\u00e1t, valamint a nemzetk\u00f6zileg is kiemelked\u0151en versenyk\u00e9pes m\u00e9rn\u00f6ki \u00e1rsz\u00ednvonalat &#8211; id\u00e9zi a k\u00f6zlem\u00e9ny De\u00e1k L\u00e1szl\u00f3t, az Alstom Hungaria Zrt. eln\u00f6k-vez\u00e9rigazgat\u00f3j\u00e1t.<br \/>\nMagyarorsz\u00e1gon az Alstom Csoport minden \u00fczlet\u00e1ga, k\u00f6zt\u00fck a h\u0151er\u0151m\u0171, a meg\u00fajul\u00f3 energiaforr\u00e1sok, a k\u00f6zleked\u00e9s \u00e9s az energia\u00e1tviteli h\u00e1l\u00f3zat \u00fczlet\u00e1g is jelen van. Az Alstom Hung\u00e1ria Zrt. mintegy 150 alkalmazottat foglalkoztat budapesti k\u00f6zpontj\u00e1ban, \u00e9s 65 strat\u00e9giai alv\u00e1llalkoz\u00f3val m\u0171k\u00f6dik egy\u00fctt.(MTI)<\/p>\n","protected":false},"excerpt":{"rendered":"<p>Az Alstom nyerte el az MVM Paksi Atomer\u0151m\u0171 Zrt. \u00e1ltal nyolc \u00fczemi \u00e9s egy tartal\u00e9k gener\u00e1tor forg\u00f3r\u00e9sz\u00e9nek fel\u00faj\u00edt\u00e1si munk\u00e1ira ki\u00edrt 5,1 milli\u00f3 eur\u00f3 (mintegy 1,5 milli\u00e1rd forint) \u00e9rt\u00e9k\u0171 k\u00f6zbeszerz\u00e9si p\u00e1ly\u00e1zatot &#8211; t\u00e1j\u00e9koztatott az Alstom Hungaria Zrt. h\u00e9tf\u0151n.<\/p>\n","protected":false},"author":1,"featured_media":0,"comment_status":"open","ping_status":"closed","sticky":false,"template":"","format":"standard","meta":[],"categories":[19],"tags":[],"_links":{"self":[{"href":"https:\/\/gazdasagportal.hu\/index.php\/wp-json\/wp\/v2\/posts\/13086"}],"collection":[{"href":"https:\/\/gazdasagportal.hu\/index.php\/wp-json\/wp\/v2\/posts"}],"about":[{"href":"https:\/\/gazdasagportal.hu\/index.php\/wp-json\/wp\/v2\/types\/post"}],"author":[{"embeddable":true,"href":"https:\/\/gazdasagportal.hu\/index.php\/wp-json\/wp\/v2\/users\/1"}],"replies":[{"embeddable":true,"href":"https:\/\/gazdasagportal.hu\/index.php\/wp-json\/wp\/v2\/comments?post=13086"}],"version-history":[{"count":2,"href":"https:\/\/gazdasagportal.hu\/index.php\/wp-json\/wp\/v2\/posts\/13086\/revisions"}],"predecessor-version":[{"id":13096,"href":"https:\/\/gazdasagportal.hu\/index.php\/wp-json\/wp\/v2\/posts\/13086\/revisions\/13096"}],"wp:attachment":[{"href":"https:\/\/gazdasagportal.hu\/index.php\/wp-json\/wp\/v2\/media?parent=13086"}],"wp:term":[{"taxonomy":"category","embeddable":true,"href":"https:\/\/gazdasagportal.hu\/index.php\/wp-json\/wp\/v2\/categories?post=13086"},{"taxonomy":"post_tag","embeddable":true,"href":"https:\/\/gazdasagportal.hu\/index.php\/wp-json\/wp\/v2\/tags?post=13086"}],"curies":[{"name":"wp","href":"https:\/\/api.w.org\/{rel}","templated":true}]}}