{"id":130843,"date":"2020-10-31T13:53:29","date_gmt":"2020-10-31T12:53:29","guid":{"rendered":"http:\/\/gazdasagportal.hu\/?p=130843"},"modified":"2020-10-31T11:54:33","modified_gmt":"2020-10-31T10:54:33","slug":"szlovakiaban-megkezdodott-az-orszagos-teszteles","status":"publish","type":"post","link":"https:\/\/gazdasagportal.hu\/index.php\/szlovakiaban-megkezdodott-az-orszagos-teszteles\/","title":{"rendered":"Szlov\u00e1ki\u00e1ban megkezd\u0151d\u00f6tt az orsz\u00e1gos tesztel\u00e9s"},"content":{"rendered":"<p><strong>Nagy lakoss\u00e1gi \u00e9rdekl\u0151d\u00e9s mellett szombaton reggel Szlov\u00e1ki\u00e1ban megkezd\u0151d\u00f6tt az orsz\u00e1gos koronav\u00edrus-tesztel\u00e9s.<\/strong><!--more--><\/p>\n<div class=\"ads-in-post1\"><div id=\"gazdasagportal.hu_fullbanner_wideboard\"><\/div>\r\n<\/div>\n<p>    A szlov\u00e1k k\u00f6zszolg\u00e1lati r\u00e1di\u00f3 \u00e9s az internetes h\u00edrport\u00e1lok jelent\u00e9sei szerint orsz\u00e1gszerte hossz\u00fa sorokban v\u00e1rakoznak az emberek a tesztel\u00e9sre. Sz\u00e1mos helyen ak\u00e1r k\u00e9t-h\u00e1rom\u00f3r\u00e1s v\u00e1rakoz\u00e1sra is fel kell k\u00e9sz\u00fclni. A Bumm h\u00edrport\u00e1l kora reggel arr\u00f3l tud\u00f3s\u00edtott, hogy hasonl\u00f3 a helyzet a magyarok lakta nagyobb d\u00e9l-szlov\u00e1kiai v\u00e1rosokban is.<br \/>\n    Szlov\u00e1kia eg\u00e9sz ter\u00fclet\u00e9n 5314 tesztel\u0151helyet alak\u00edtottak ki, amelyek reggel h\u00e9tt\u0151l este t\u00edzig \u00e1llnak rendelkez\u00e9sre. Az emberek antig\u00e9n-gyorstesztnek vetik al\u00e1 magukat, s a mintav\u00e9tel ut\u00e1n mintegy f\u00e9l \u00f3r\u00e1val m\u00e1r mindenki megtudja, hogy pozit\u00edv vagy negat\u00edv lett-e a tesztje. A r\u00e9szv\u00e9tel \u00f6nk\u00e9ntes. Akinek negat\u00edv lesz a tesztje, azokra a j\u00f6v\u0151 h\u00e9ten m\u00e1r nem fog vonatkozni a kij\u00e1r\u00e1si tilalom. Az orsz\u00e1g tesztel\u00e9s k\u00e9tnapos, \u00e9s vas\u00e1rnap este z\u00e1rul. Akik most nem tudj\u00e1k leteszteltetni magukat, azoknak egy h\u00e9t m\u00falva, szombaton \u00e9s vas\u00e1rnap lesz m\u00e9g \u00fajabb lehet\u0151s\u00e9g\u00fck.<br \/>\n    A mintav\u00e9telt csak szakk\u00e9pzett eg\u00e9szs\u00e9g\u00fcgyi szem\u00e9lyzet v\u00e9gezheti el, amelyb\u0151l azonban hi\u00e1ny van az orsz\u00e1gban, \u00e9s ez szombat reggel is kisebb bonyodalmakat okozott. A szlov\u00e1k hat\u00f3s\u00e1gok ez\u00e9rt az elm\u00falt napokban t\u00f6bb \u00edzben is felsz\u00f3l\u00edtott\u00e1k a k\u00fclf\u00f6ld\u00f6n dolgoz\u00f3 szlov\u00e1k orvosokat \u00e9s n\u0151v\u00e9reket, hogy j\u00f6jjenek haza \u00e9s seg\u00edtsenek a tesztel\u00e9sn\u00e9l. Csehorsz\u00e1gban mintegy h\u00e1romezer szlov\u00e1kiai orvos dolgozik, m\u00edg a n\u0151v\u00e9rek sz\u00e1ma ennek dupl\u00e1ja. A felh\u00edv\u00e1sra t\u00f6bb tucatnyian jelezt\u00e9k, k\u00e9szek seg\u00edteni a szlov\u00e1kiai tesztel\u00e9sn\u00e9l.<br \/>\n<div class=\"ads-in-post1\"><div id=\"gazdasagportal.hu_fullbanner_wideboard\"><\/div>\r\n<\/div>\n    Szlov\u00e1kia a szomsz\u00e9dos orsz\u00e1gokt\u00f3l is seg\u00edts\u00e9get, mintegy 50-50 eg\u00e9szs\u00e9g\u00fcgyi szakembert k\u00e9rt. Pozsonyban p\u00e9ntek este k\u00f6z\u00f6lt\u00e9k, hogy Magyarorsz\u00e1g az \u00f6tven helyett 200 eg\u00e9szs\u00e9g\u00fcgyi dolgoz\u00f3t k\u00fcld Szlov\u00e1ki\u00e1ba. A magyar f\u00e9l hozz\u00e1\u00e1ll\u00e1s\u00e1\u00e9rt Ivan Korcok szlov\u00e1k k\u00fcl\u00fcgyminiszter nyilv\u00e1nosan mondott k\u00f6sz\u00f6netet. A magyar eg\u00e9szs\u00e9g\u00fcgyisek Nyitra, R\u00e9vkom\u00e1rom, L\u00e9va \u00e9s T\u0151keterebes k\u00f6rny\u00e9k\u00e9n fognak dolgozni. Tov\u00e1bbi 50 eg\u00e9szs\u00e9g\u00fcgyi dolgoz\u00f3 Ausztri\u00e1b\u00f3l \u00e9rkezik Szlov\u00e1ki\u00e1ba.<br \/>\n    Az orsz\u00e1gos tesztel\u00e9st a szlov\u00e1k hadsereg vez\u00e9nyli le, amely a p\u00e9lda n\u00e9lk\u00fcli sz\u00e9lesk\u00f6r\u0171 akci\u00f3ba t\u00f6bb mint nyolcezer katon\u00e1j\u00e1t vonta be.<br \/>\n    A tesztel\u00e9st a m\u00falt h\u00e9t v\u00e9g\u00e9n pr\u00f3b\u00e1lt\u00e1k ki a j\u00e1rv\u00e1ny \u00e1ltal legink\u00e1bb s\u00fajtott n\u00e9gy \u00e9szak-szlov\u00e1kiai j\u00e1r\u00e1sban. A tesztel\u00e9sen 141 ezer ember vett r\u00e9szt, a sz\u00e1mba vehet\u0151 lakosok 90 sz\u00e1zal\u00e9ka, amit a korm\u00e1ny sikernek min\u0151s\u00edtett. A tesztek 5594 szem\u00e9lyn\u00e9l mutatt\u00e1k ki a koronav\u00edrus-fert\u0151z\u00e9st.(MTI)<\/p>\n","protected":false},"excerpt":{"rendered":"<p>Nagy lakoss\u00e1gi \u00e9rdekl\u0151d\u00e9s mellett szombaton reggel Szlov\u00e1ki\u00e1ban megkezd\u0151d\u00f6tt az orsz\u00e1gos koronav\u00edrus-tesztel\u00e9s.<\/p>\n","protected":false},"author":1001006,"featured_media":0,"comment_status":"closed","ping_status":"open","sticky":false,"template":"","format":"standard","meta":[],"categories":[12,427],"tags":[],"_links":{"self":[{"href":"https:\/\/gazdasagportal.hu\/index.php\/wp-json\/wp\/v2\/posts\/130843"}],"collection":[{"href":"https:\/\/gazdasagportal.hu\/index.php\/wp-json\/wp\/v2\/posts"}],"about":[{"href":"https:\/\/gazdasagportal.hu\/index.php\/wp-json\/wp\/v2\/types\/post"}],"author":[{"embeddable":true,"href":"https:\/\/gazdasagportal.hu\/index.php\/wp-json\/wp\/v2\/users\/1001006"}],"replies":[{"embeddable":true,"href":"https:\/\/gazdasagportal.hu\/index.php\/wp-json\/wp\/v2\/comments?post=130843"}],"version-history":[{"count":1,"href":"https:\/\/gazdasagportal.hu\/index.php\/wp-json\/wp\/v2\/posts\/130843\/revisions"}],"predecessor-version":[{"id":130844,"href":"https:\/\/gazdasagportal.hu\/index.php\/wp-json\/wp\/v2\/posts\/130843\/revisions\/130844"}],"wp:attachment":[{"href":"https:\/\/gazdasagportal.hu\/index.php\/wp-json\/wp\/v2\/media?parent=130843"}],"wp:term":[{"taxonomy":"category","embeddable":true,"href":"https:\/\/gazdasagportal.hu\/index.php\/wp-json\/wp\/v2\/categories?post=130843"},{"taxonomy":"post_tag","embeddable":true,"href":"https:\/\/gazdasagportal.hu\/index.php\/wp-json\/wp\/v2\/tags?post=130843"}],"curies":[{"name":"wp","href":"https:\/\/api.w.org\/{rel}","templated":true}]}}