{"id":130824,"date":"2020-10-31T06:04:29","date_gmt":"2020-10-31T05:04:29","guid":{"rendered":"http:\/\/gazdasagportal.hu\/?p=130824"},"modified":"2020-10-30T22:03:51","modified_gmt":"2020-10-30T21:03:51","slug":"koronavirus-meghosszabbitottak-a-szuksegallapotot-csehorszagban","status":"publish","type":"post","link":"https:\/\/gazdasagportal.hu\/index.php\/koronavirus-meghosszabbitottak-a-szuksegallapotot-csehorszagban\/","title":{"rendered":"Koronav\u00edrus &#8211; Meghosszabb\u00edtott\u00e1k a sz\u00fcks\u00e9g\u00e1llapotot Csehorsz\u00e1gban"},"content":{"rendered":"<p><strong>Csehorsz\u00e1gban november 20-\u00e1ig meghosszabb\u00edtotta a november 3-\u00e1n lej\u00e1r\u00f3 sz\u00fcks\u00e9g\u00e1llapotot a k\u00e9pvisel\u0151h\u00e1z p\u00e9nteki rendk\u00edv\u00fcli \u00fcl\u00e9s\u00e9n.<\/strong><!--more--><\/p>\n<div class=\"ads-in-post1\"><div id=\"gazdasagportal.hu_fullbanner_wideboard\"><\/div>\r\n<\/div>\n<p>    A sz\u00fcks\u00e9g\u00e1llapot k\u00e9thetes meghosszabb\u00edt\u00e1s\u00e1t az ellenz\u00e9k javasolta. A korm\u00e1ny k\u00e9r\u00e9s\u00e9t, hogy az okt\u00f3ber 5-\u00e9n kihirdetett sz\u00fcks\u00e9g\u00e1llapot egy h\u00f3nappal, teh\u00e1t december 3-\u00e1ig legyen meghosszabb\u00edtva, a k\u00e9pvisel\u0151h\u00e1z nem hagyta j\u00f3v\u00e1.<br \/>\n    Andrej Babis minisztereln\u00f6k a sz\u00fcks\u00e9g\u00e1llapot meghosszabb\u00edt\u00e1s\u00e1t azzal indokolta, hogy csak \u00edgy lehets\u00e9ges tov\u00e1bbra is \u00e9rv\u00e9nyben tartani a korm\u00e1ny \u00e1ltal elrendelt koronav\u00edrus-elleni \u00f3vint\u00e9zked\u00e9seket.<br \/>\n    Tavasszal a sz\u00fcks\u00e9g\u00e1llapot m\u00e1rcius 12-t\u0151l m\u00e1jus 17-ig tartott, k\u00e9tszer lett meghosszabb\u00edtva.<br \/>\n    Jan Blatny, az \u00faj eg\u00e9szs\u00e9g\u00fcgyi miniszter a parlamentben felh\u00edvta a figyelmet arra, hogy a korm\u00e1ny \u00e1ltal foganatos\u00edtott \u00f3vint\u00e9zked\u00e9sek csak akkor hoznak eredm\u00e9nyt, ha azokat a lakoss\u00e1g k\u00f6vetkezetesen betartja.<br \/>\n    L\u00e9nyegi probl\u00e9m\u00e1nak min\u0151s\u00edtette, hogy okt\u00f3berben 14 sz\u00e1zal\u00e9kra emelkedett a fert\u0151z\u00f6ttek k\u00f6z\u00f6tt a nyugd\u00edjasok ar\u00e1nya.<br \/>\n    &#8222;Az id\u0151s emberek a legink\u00e1bb vesz\u00e9lyeztetettek. \u0150ket mindenk\u00e9ppen meg kell v\u00e9den\u00fcnk&#8221; &#8211; sz\u00f6gezte le a miniszter.<br \/>\n<div class=\"ads-in-post1\"><div id=\"gazdasagportal.hu_fullbanner_wideboard\"><\/div>\r\n<\/div>\n    A k\u00e9pvisel\u0151h\u00e1z p\u00e9nteken j\u00f3v\u00e1hagyta a korm\u00e1ny javaslat\u00e1t, hogy a nyugd\u00edjasok decemberben egyszeri 5000 koron\u00e1s (67 500 forint) \u00e1llami t\u00e1mogat\u00e1st kapjanak.<br \/>\n    A miniszter szerint jelenleg nincs sz\u00fcks\u00e9g \u00faj \u00f3vint\u00e9zked\u00e9sekre, hanem a megl\u00e9v\u0151ket kell betartani. Blatny azt mondta, hogy a cseh eg\u00e9szs\u00e9g\u00fcgyi rendszert nem a k\u00f3rh\u00e1zi f\u00e9r\u0151helyek \u00e9s a m\u0171szaki felszerel\u00e9sek hi\u00e1nya, hanem az eg\u00e9szs\u00e9g\u00fcgyi szem\u00e9lyzet egyre n\u00f6vekv\u0151 hi\u00e1nya fenyegeti legink\u00e1bb.(MTI)<\/p>\n","protected":false},"excerpt":{"rendered":"<p>Csehorsz\u00e1gban november 20-\u00e1ig meghosszabb\u00edtotta a november 3-\u00e1n lej\u00e1r\u00f3 sz\u00fcks\u00e9g\u00e1llapotot a k\u00e9pvisel\u0151h\u00e1z p\u00e9nteki rendk\u00edv\u00fcli \u00fcl\u00e9s\u00e9n.<\/p>\n","protected":false},"author":1001006,"featured_media":0,"comment_status":"closed","ping_status":"open","sticky":false,"template":"","format":"standard","meta":[],"categories":[12,427],"tags":[],"_links":{"self":[{"href":"https:\/\/gazdasagportal.hu\/index.php\/wp-json\/wp\/v2\/posts\/130824"}],"collection":[{"href":"https:\/\/gazdasagportal.hu\/index.php\/wp-json\/wp\/v2\/posts"}],"about":[{"href":"https:\/\/gazdasagportal.hu\/index.php\/wp-json\/wp\/v2\/types\/post"}],"author":[{"embeddable":true,"href":"https:\/\/gazdasagportal.hu\/index.php\/wp-json\/wp\/v2\/users\/1001006"}],"replies":[{"embeddable":true,"href":"https:\/\/gazdasagportal.hu\/index.php\/wp-json\/wp\/v2\/comments?post=130824"}],"version-history":[{"count":1,"href":"https:\/\/gazdasagportal.hu\/index.php\/wp-json\/wp\/v2\/posts\/130824\/revisions"}],"predecessor-version":[{"id":130825,"href":"https:\/\/gazdasagportal.hu\/index.php\/wp-json\/wp\/v2\/posts\/130824\/revisions\/130825"}],"wp:attachment":[{"href":"https:\/\/gazdasagportal.hu\/index.php\/wp-json\/wp\/v2\/media?parent=130824"}],"wp:term":[{"taxonomy":"category","embeddable":true,"href":"https:\/\/gazdasagportal.hu\/index.php\/wp-json\/wp\/v2\/categories?post=130824"},{"taxonomy":"post_tag","embeddable":true,"href":"https:\/\/gazdasagportal.hu\/index.php\/wp-json\/wp\/v2\/tags?post=130824"}],"curies":[{"name":"wp","href":"https:\/\/api.w.org\/{rel}","templated":true}]}}