{"id":130818,"date":"2020-10-31T05:44:43","date_gmt":"2020-10-31T04:44:43","guid":{"rendered":"http:\/\/gazdasagportal.hu\/?p=130818"},"modified":"2020-10-30T21:55:14","modified_gmt":"2020-10-30T20:55:14","slug":"nincs-tobbe-kamu-keresesi-eredmeny-vasarlas-elott","status":"publish","type":"post","link":"https:\/\/gazdasagportal.hu\/index.php\/nincs-tobbe-kamu-keresesi-eredmeny-vasarlas-elott\/","title":{"rendered":"Nincs t\u00f6bb\u00e9 kamu keres\u00e9si eredm\u00e9ny v\u00e1s\u00e1rl\u00e1s el\u0151tt"},"content":{"rendered":"<p style=\"font-weight: 400;\"><strong>Tereb\u00e9lyesedik a szigorfa.\u00a0A fogyaszt\u00f3v\u00e9delmi t\u00f6rv\u00e9ny mellett\u00a0 szigor\u00fabb lesz a tisztess\u00e9gtelen keresked\u00e9st tilt\u00f3 t\u00f6rv\u00e9ny is.\u00a0Az \u00e1rukeres\u00e9snek nem lehet kamu eredm\u00e9nye. Nem lehet titok, ha egy keres\u00e9si tal\u00e1lat fizetett. A t\u00f6bb orsz\u00e1gban huncutkod\u00f3k b\u00edrs\u00e1ga megugrik. A pof\u00e1tlans\u00e1g (bocs, tisztess\u00e9gtelen h\u00faz\u00e1s) is b\u0171nh\u0151dik. Lesz keres\u00e9si rangsor szab\u00e1ly is.\u00a0 \u00a0<\/strong><strong>(friss\u00edtve)<\/strong><strong><!--more--><\/p>\n<div class=\"ads-in-post1\"><div id=\"gazdasagportal.hu_fullbanner_wideboard\"><\/div>\r\n<\/div>\n<p><\/strong><\/p>\n<p style=\"font-weight: 400;\">Az Orsz\u00e1ggy\u0171l\u00e9shez beny\u00fajtott t\u00f6rv\u00e9nym\u00f3dos\u00edt\u00e1si javaslat t\u00f6bb k\u00e9rd\u00e9sben sz\u00e9lesebb utat nyit az ellen\u0151rz\u0151 hat\u00f3s\u00e1gnak a szigor\u00edt\u00e1sok r\u00e9v\u00e9n, hogy az eddigiekn\u00e9l alaposabban megr\u00e1zhassa a szolg\u00e1ltat\u00f3k grabanc\u00e1t, ha v\u00e9ts\u00e9gen kapja \u0151ket v\u00e1s\u00e1rl\u00f3ikkal szemben. \u00c9s az eddigi h\u00edrad\u00e1sokkal szemben nem csak a fogyaszt\u00f3v\u00e9delmi, hanem a tisztess\u00e9gtelen keresked\u00e9st tilt\u00f3 t\u00f6rv\u00e9nyben is nagyobb lesz a szigor.<\/p>\n<p style=\"font-weight: 400;\"><strong>Alaposabb lesz a magyar\u00e1zata, mit n\u00e9zzen a hat\u00f3s\u00e1g, ha b\u00fcntetne<\/strong><\/p><div id=\"gazda-368576942\" class=\"gazda-tartalomban gazda-entity-placement\"><script async src=\"https:\/\/pagead2.googlesyndication.com\/pagead\/js\/adsbygoogle.js\"><\/script>\r\n<ins class=\"adsbygoogle\"\r\n     style=\"display:block\"\r\n     data-ad-format=\"fluid\"\r\n     data-ad-layout-key=\"-6t+ed+2i-1n-4w\"\r\n     data-ad-client=\"ca-pub-1959107119989764\"\r\n     data-ad-slot=\"4008251320\"><\/ins>\r\n<script>\r\n     (adsbygoogle = window.adsbygoogle || []).push({});\r\n<\/script><\/div>\n<p style=\"font-weight: 400;\">A fogyaszt\u00f3v\u00e9delmi t\u00f6rv\u00e9ny a hat\u00f3s\u00e1g elj\u00e1r\u00e1s\u00e1nak szab\u00e1lyait eddig sz\u0171kebben m\u00e9rte, mivel csak annyit mondott, hogy fell\u00e9p\u00e9s\u00e9t a jogs\u00e9rt\u00e9s s\u00falya, k\u00fcl\u00f6n\u00f6sen a jogs\u00e9rt\u00e9ssel \u00e9rintett fogyaszt\u00f3k sz\u00e1ma, \u00e9rdekeik s\u00e9relm\u00e9nek k\u00f6re, a jogs\u00e9rt\u0151 magatart\u00e1s kiterjedts\u00e9ge, valamint a jogs\u00e9rt\u00e9ssel \u00e9rintett \u00e1ruk \u00e9rt\u00e9ke alapozhatja meg. Nos, ezt a mostani szab\u00e1lyt lev\u00e1ltva a maihoz k\u00e9pest sz\u00e1jbar\u00e1g\u00f3s r\u00e9szletez\u00e9s k\u00f6vetkezik, milyen szempontokat is kell figyelembe vennie a hat\u00f3s\u00e1gnak.<\/p>\n<p style=\"font-weight: 400;\">\u00cdgy hivatalosan sz\u00e1m\u00edt majd a jogs\u00e9rt\u00e9s jellege, s\u00falya, m\u00e9rt\u00e9ke \u00e9s id\u0151tartama, a jogs\u00e9rt\u00e9ssel \u00e9rintett fogyaszt\u00f3k sz\u00e1ma, \u00e9rdekeik s\u00e9relm\u00e9nek k\u00f6re, a jogs\u00e9rt\u0151 magatart\u00e1s kiterjedts\u00e9ge; tett-e valamit a szolg\u00e1ltat\u00f3, ami\u00a0a fogyaszt\u00f3k k\u00e1r\u00e1nak cs\u00f6kkent\u00e9s\u00e9re vagy megt\u00e9r\u00edt\u00e9s\u00e9re ir\u00e1nyul;\u00a0a szolg\u00e1ltat\u00f3 kor\u00e1bban elk\u00f6vetett b\u00e1rmely jogs\u00e9rt\u00e9se; meg kell n\u00e9zni, vannak-e inform\u00e1ci\u00f3k arr\u00f3l, hogy mennyi lehet a jogs\u00e9rt\u00e9ssel\u00a0el\u00e9rt, vagy elker\u00fclt p\u00e9nz\u00fcgyi el\u0151ny, vagy elker\u00fclt vesztes\u00e9g; mennyi a jogs\u00e9rt\u00e9ssel \u00e9rintett \u00e1ruk \u00e9rt\u00e9ke. Sz\u00e1m\u00edt az is, hogy m\u00e1s uni\u00f3s tagorsz\u00e1gban elk\u00f6vette-e m\u00e1r ugyanazt a hib\u00e1t. \u00c9s persze lehetnek egy\u00e9b\u00a0enyh\u00edt\u0151 vagy s\u00falyos\u00edt\u00f3 k\u00f6r\u00fclm\u00e9nyek.<\/p>\n<p style=\"font-weight: 400;\">E sz\u00e9p sor h\u00e1tter\u00e9ben egy\u00e9bk\u00e9nt az\u00a0EU 2019\/2161 ir\u00e1nyelve \u00e1ll, ami nem megker\u00fclhet\u0151.<\/p>\n<p style=\"font-weight: 400;\"><strong>Nem \u00e9rdemes szertesz\u00e9t huncutkodni<\/strong><\/p>\n<p style=\"font-weight: 400;\">A fogyaszt\u00f3v\u00e9delmi t\u00f6rv\u00e9ny rendelkezik arr\u00f3l is, milyen m\u00f3don marasztalhatja el a v\u00e9tkes v\u00e1llalkoz\u00e1st az ellen\u0151rz\u0151 hat\u00f3s\u00e1g. \u00cdgy p\u00e9ld\u00e1ul k\u00f6telezheti a hiba kijav\u00edt\u00e1s\u00e1ra, vagy m\u00e9g b\u00edrs\u00e1got is kiszabhat. Ennek m\u00e9rt\u00e9ke 15 ezer forintt\u00f3l indul \u00e9s a 100 milli\u00f3s \u00e9ves bev\u00e9teln\u00e9l nagyobb v\u00e1llalkoz\u00e1sok eset\u00e9ben az \u00e1rbev\u00e9tel 5%-a lehet, de legfeljebb 500 milli\u00f3 forint lehet, kiv\u00e9ve a legs\u00falyosabb eseteket, amikor m\u00e1r 2 milli\u00e1rd forint a hat\u00e1r. Nos, ez a rendelkez\u00e9s kieg\u00e9sz\u00fcl azzal, mi t\u00f6rt\u00e9nik akkor, ha egy szolg\u00e1ltat\u00f3 t\u00f6bb uni\u00f3s orsz\u00e1gban is megszegi a fogyaszt\u00f3v\u00e9delmi el\u0151\u00edr\u00e1sokat.<\/p>\n<div class=\"ads-in-post1\"><div id=\"gazdasagportal.hu_fullbanner_wideboard\"><\/div>\r\n<\/div>\n<p style=\"font-weight: 400;\">Az EU ugyanis rendelkezett arr\u00f3l, mi t\u00f6rt\u00e9njen akkor, ha egy szolg\u00e1ltat\u00f3 t\u00f6bb uni\u00f3s orsz\u00e1gban is v\u00e9t a szab\u00e1lyok ellen. Ez lehet ak\u00e1r k\u00e9t tag\u00e1llam is, de ha kiterjedt a jogs\u00e9rt\u00e9s, \u00e9s az elk\u00f6vet\u0151 legal\u00e1bb az uni\u00f3s tagorsz\u00e1gok k\u00e9tharmad\u00e1ban szab\u00e1lytalankodik, akkor m\u00e1r \u00f6sszehangolt hat\u00f3s\u00e1gi fell\u00e9p\u00e9st \u00edr el\u0151 a k\u00f6z\u00f6ss\u00e9gi rendelet. \u00c9s ekkor az egyes nemzeti hat\u00f3s\u00e1gok elj\u00e1r\u00e1sait m\u00e1r uni\u00f3s szinten fogj\u00e1k \u00f6ssze.<\/p>\n<p style=\"font-weight: 400;\">R\u00e1ad\u00e1sul ekkor bel\u00e9p az uni\u00f3s b\u00edrs\u00e1grend, ami most be\u00e9p\u00fcl a magyar jogba is. \u00cdgy\u00a0a b\u00edrs\u00e1g \u00f6sszege a v\u00e1llalkoz\u00e1s nett\u00f3 \u00e1rbev\u00e9tel\u00e9nek legal\u00e1bb 4%-a, ha pedig a v\u00e1llalkoz\u00e1s \u00e1rbev\u00e9tele nem \u00e1llap\u00edthat\u00f3 meg, akkor legal\u00e1bb 2 milli\u00f3 eur\u00f3.<\/p>\n<p style=\"font-weight: 400;\">Bizony\u00e1ra felt\u0171nt, hogy most als\u00f3 b\u00edrs\u00e1ghat\u00e1rr\u00f3l esik sz\u00f3, fels\u0151 hat\u00e1r nincs megszabva (szemben a hazai esetekn\u00e9l eml\u00edtett 5%-os plafonnal).<\/p>\n<p style=\"font-weight: 400;\"><strong>J\u00f6n a pof\u00e1tlans\u00e1g nagyobb b\u00fcntet\u00e9se is, de mi is az a rangsorol\u00e1s<\/strong><\/p>\n<p style=\"font-weight: 400;\">Szebben fogalmazva szigorodik a fogyaszt\u00f3kkal szembeni tisztess\u00e9gtelen kereskedelmi gyakorlat tilalm\u00e1r\u00f3l sz\u00f3l\u00f3 t\u00f6rv\u00e9ny is. Ez a t\u00f6rv\u00e9ny jelenleg is nem csak magyar\u00e1zgatja, mi is tisztess\u00e9gtelen a v\u00e1s\u00e1rl\u00f3kkal szemben, hanem jelenleg 31 pontban t\u00e9telesen fel is sorolja a legkir\u00edv\u00f3bb v\u00e9ts\u00e9geket.<\/p>\n<p style=\"font-weight: 400;\">R\u00f6gvest pontos\u00edtja az \u00e1ru eddigi fogalm\u00e1t, ami a j\u00f6v\u0151ben nem az \u00e1ru sz\u00f3cska lesz, hanem a term\u00e9k. A term\u00e9k pedig lehet \u00e1ru, vagy szolg\u00e1ltat\u00e1s, \u00e9s term\u00e9szetesen ut\u00f3bbiba beletartozik a digit\u00e1lis szolg\u00e1ltat\u00e1s is.<\/p>\n<p style=\"font-weight: 400;\">\u00c9s bel\u00e9p a rangsorol\u00e1s fogalma. Hivatalos szakzsargonban ez a term\u00e9kek &#8222;relat\u00edv&#8221; kiemel\u00e9se a keresked\u0151k r\u00e9sz\u00e9r\u0151l, \u00e9s mindegy, hogy milyen m\u00f3don, vagy technol\u00f3giai eszk\u00f6zzel t\u00f6rt\u00e9nik is ez.<\/p>\n<p style=\"font-weight: 400;\">Lesz most m\u00e1r online piac is, ami eddig is volt, csak nem a fogyaszt\u00f3v\u00e9delmi jogban meghat\u00e1rozva: olyan szolg\u00e1ltat\u00e1s, amely szoftvert, t\u00f6bbek k\u00f6z\u00f6tt weboldalt, valamely weboldal egy r\u00e9sz\u00e9t vagy valamely alkalmaz\u00e1st haszn\u00e1l, \u00e9s amelynek r\u00e9v\u00e9n a fogyaszt\u00f3k t\u00e1vollev\u0151k k\u00f6z\u00f6tti szerz\u0151d\u00e9st k\u00f6thetnek keresked\u0151kkel vagy fogyaszt\u00f3kkal.<\/p>\n<p style=\"font-weight: 400;\">Ma is meghat\u00e1rozza a t\u00f6rv\u00e9ny a jelent\u0151snek sz\u00e1m\u00edt\u00f3, kiemeltnek min\u0151s\u00edtett inform\u00e1ci\u00f3kat, amire k\u00fcl\u00f6n\u00f6sen figyelni kell. Ilyenek a\u00a0fizet\u00e9s, sz\u00e1ll\u00edt\u00e1s \u00e9s teljes\u00edt\u00e9s felt\u00e9telei, valamint a panaszok kezel\u00e9s\u00e9nek m\u00f3dja, amennyiben ezek elt\u00e9rnek a szakmai gondoss\u00e1g k\u00f6vetelm\u00e9nyeit\u0151l. H\u00e1t ett\u0151l nem lesz k\u00f6nnyebb, de a panaszkezel\u00e9s kiesik ebb\u0151l a sorb\u00f3l. A panaszkezel\u00e9si hiba persze ett\u0151l m\u00e9g hiba marad.<\/p>\n<div class=\"ads-in-post1\"><div id=\"gazdasagportal.hu_fullbanner_wideboard\"><\/div>\r\n<\/div>\n<p style=\"font-weight: 400;\">De h\u00e1t a szigorfa az\u00e9rt tereb\u00e9lyesedni fog tov\u00e1bb, hiszen bel\u00e9p a jelent\u0151s hib\u00e1k sor\u00e1ba, mi sz\u00e1m\u00edt m\u00e9g a v\u00e1s\u00e1rl\u00e1sra felh\u00edv\u00e1s eset\u00e9n jelent\u0151s inform\u00e1ci\u00f3nak.<\/p>\n<p style=\"font-weight: 400;\">\u00cdgy\u00a0az online piacokon k\u00edn\u00e1lt term\u00e9kek eset\u00e9ben az, hogy a term\u00e9ket k\u00edn\u00e1l\u00f3 harmadik f\u00e9l keresked\u0151-e vagy sem, a harmadik f\u00e9lnek az online piac szolg\u00e1ltat\u00f3ja sz\u00e1m\u00e1ra adott nyilatkozat alapj\u00e1n.<\/p>\n<p style=\"font-weight: 400;\"><strong>Aki keres, az tal\u00e1ljon is, de igaz\u00e1b\u00f3l<\/strong><\/p>\n<p style=\"font-weight: 400;\">B\u0151vebb lesz a v\u00e9tkek sora a weben is. \u00cdgy akkor is, amikor a v\u00e1s\u00e1rl\u00f3 keresg\u00e9l a neten a\u00a0k\u00edn\u00e1latban kulcssz\u00f3, kifejez\u00e9s vagy m\u00e1s lek\u00e9rdez\u00e9s alapj\u00e1n,<\/p>\n<p style=\"font-weight: 400;\">Jelent\u0151s szempontnak min\u0151s\u00fcl a hat\u00f3s\u00e1g elj\u00e1r\u00e1s\u00e1ban a keres\u00e9s eredm\u00e9nyeit tekintve, mi hat\u00e1rozza meg a keres\u00e9s eredm\u00e9nyek\u00e9nt megjelen\u0151 term\u00e9kek rangsor\u00e1t, mennyire fontosak a keres\u00e9s param\u00e9terei. \u00c9s ami sokszor megt\u00e9veszt\u0151 lehet ma, sz\u00e1m\u00edt majd az is, hogy\u00a0a k\u00f6zz\u00e9tett \u00e9rt\u00e9kel\u00e9sek olyan fogyaszt\u00f3kt\u00f3l sz\u00e1rmaznak-e, akik a term\u00e9ket t\u00e9nylegesen haszn\u00e1lt\u00e1k vagy megv\u00e1s\u00e1rolt\u00e1k.Ezt r\u00e1ad\u00e1sul ellen\u0151rizni is kell.<\/p>\n<p style=\"font-weight: 400;\">\u00cdgy fontos lesz internetes keres\u00e9s eset\u00e9n annak felt\u00fcntet\u00e9se is, hogy az els\u0151 hely fizetett tal\u00e1lat-e. Internetes keres\u00e9skor a fogyaszt\u00f3kat egy\u00e9rtelm\u0171en t\u00e1j\u00e9koztatni kell a fizetett tal\u00e1latokr\u00f3l \u00e9s a tal\u00e1latok sorrendj\u00e9t meghat\u00e1roz\u00f3 legfontosabb param\u00e9terekr\u0151l.<\/p>\n<p style=\"font-weight: 400;\">Minden online platform k\u00f6teles lesz egy\u00e9rtelm\u0171en megk\u00fcl\u00f6nb\u00f6ztetni a fizetett keres\u00e9si eredm\u00e9nyeket. Mindezek alapj\u00e1n internetes keres\u00e9skor a fogyaszt\u00f3knak tudniuk kell majd, ha a keresked\u0151 fizetett a keres\u00e9si tal\u00e1lat\u00e9rt.<\/p>\n<p style=\"font-weight: 400;\"><strong>Hosszabb lesz a feketelista<\/strong><\/p>\n<p style=\"font-weight: 400;\">Hosszabb lesz a sor az el\u0151bbiekkel \u00f6sszef\u00fcgg\u00e9sben a t\u00f6rv\u00e9ny mell\u00e9klet\u00e9ben, amelyben meghat\u00e1rozza a jogalkot\u00f3, hogy melyek a hat\u00f3s\u00e1gi elj\u00e1r\u00e1s sor\u00e1n minden tov\u00e1bbi m\u00e9rlegel\u00e9s n\u00e9lk\u00fcl tisztess\u00e9gtelennek min\u0151s\u00fclnek a v\u00e9ts\u00e9gek.<\/p>\n<p style=\"font-weight: 400;\">\n<p style=\"font-weight: 400;\">\u00cdgy a hibalista alapj\u00e1n s\u00falyos v\u00e9ts\u00e9g lesz az el\u0151bbiekkel \u00f6sszef\u00fcgg\u00e9sben a val\u00f3tlan fogyaszt\u00f3i \u00e9rt\u00e9kel\u00e9sek k\u00f6zl\u00e9se. \u00daj feketelist\u00e1s eset, ha a v\u00e1llalkoz\u00e1s az e-kereskedelem \u00e9s szolg\u00e1ltat\u00e1sny\u00fajt\u00e1s ter\u00e9n (a k\u00f6z\u00f6ss\u00e9gi m\u00e9di\u00e1ban) olyan fogyaszt\u00f3i \u00e9rt\u00e9kel\u00e9seket k\u00f6z\u00f6l, amelyek nem val\u00f3sak (p\u00e9ld\u00e1ul fikt\u00edv szem\u00e9lyek adnak j\u00f3 \u00e9rt\u00e9kek\u00e9st az adott \u00e1rura vagy szolg\u00e1ltat\u00e1sra).<\/p>\n<p style=\"font-weight: 400;\"><strong>Kett\u0151s min\u0151s\u00e9g: nem marad el<\/strong><\/p>\n<p style=\"font-weight: 400;\">A fogyaszt\u00f3kkal szembeni tisztess\u00e9gtelen forgalmaz\u00f3i magatart\u00e1s tilalm\u00e1r\u00f3l sz\u00f3l\u00f3 t\u00f6rv\u00e9ny eg\u00e9sz\u00fcl ki (\u00e9s nem a fogyaszt\u00f3v\u00e9delemr\u0151l sz\u00f3l\u00f3).<\/p>\n<div class=\"ads-in-post1\"><div id=\"gazdasagportal.hu_fullbanner_wideboard\"><\/div>\r\n<\/div>\n<p style=\"font-weight: 400;\">\u00cdgy megt\u00e9veszt\u0151 kereskedelmi gyakorlat tov\u00e1bb\u00e1 az a gyakorlat, melynek keret\u00e9ben egy \u00e1rut az egyik tag\u00e1llamban \u00fagy forgalmaznak, hogy az megegyezik egy m\u00e1s tag\u00e1llamban forgalmazott \u00e1ruval, mik\u00f6zben az ut\u00f3bbi \u00e1ru \u00f6sszet\u00e9tel\u00e9ben vagy jellemz\u0151iben jelent\u0151s elt\u00e9r\u00e9sek vannak, kiv\u00e9ve, ha ezt jogszer\u0171 \u00e9s objekt\u00edv t\u00e9nyez\u0151k indokolj\u00e1k.<\/p>\n<p style=\"font-weight: 400;\">Ha van elt\u00e9r\u00e9s, ami jogszer\u0171, arr\u00f3l a v\u00e1s\u00e1rl\u00f3t t\u00e1j\u00e9koztatni kell.<\/p>\n<p style=\"font-weight: 400;\">(<a href=\"http:\/\/blokkk.com\/\" data-saferedirecturl=\"https:\/\/www.google.com\/url?q=http:\/\/blokkk.com&amp;source=gmail&amp;ust=1604176670068000&amp;usg=AFQjCNEcCqpg2Ec0-VgIsBk8h5b_nmQCoQ\" target=\"_blank\" rel=\"noopener\">blokkk.com<\/a>)<\/p>\n","protected":false},"excerpt":{"rendered":"<p>Tereb\u00e9lyesedik a szigorfa.\u00a0A fogyaszt\u00f3v\u00e9delmi t\u00f6rv\u00e9ny mellett\u00a0 szigor\u00fabb lesz a tisztess\u00e9gtelen keresked\u00e9st tilt\u00f3 t\u00f6rv\u00e9ny is.\u00a0Az \u00e1rukeres\u00e9snek nem lehet kamu eredm\u00e9nye. Nem lehet titok, ha egy keres\u00e9si tal\u00e1lat fizetett. A t\u00f6bb orsz\u00e1gban huncutkod\u00f3k b\u00edrs\u00e1ga megugrik. A pof\u00e1tlans\u00e1g (bocs, tisztess\u00e9gtelen h\u00faz\u00e1s) is b\u0171nh\u0151dik. Lesz keres\u00e9si rangsor szab\u00e1ly is.\u00a0 \u00a0(friss\u00edtve)<\/p>\n","protected":false},"author":1001006,"featured_media":0,"comment_status":"closed","ping_status":"open","sticky":false,"template":"","format":"standard","meta":[],"categories":[19],"tags":[],"_links":{"self":[{"href":"https:\/\/gazdasagportal.hu\/index.php\/wp-json\/wp\/v2\/posts\/130818"}],"collection":[{"href":"https:\/\/gazdasagportal.hu\/index.php\/wp-json\/wp\/v2\/posts"}],"about":[{"href":"https:\/\/gazdasagportal.hu\/index.php\/wp-json\/wp\/v2\/types\/post"}],"author":[{"embeddable":true,"href":"https:\/\/gazdasagportal.hu\/index.php\/wp-json\/wp\/v2\/users\/1001006"}],"replies":[{"embeddable":true,"href":"https:\/\/gazdasagportal.hu\/index.php\/wp-json\/wp\/v2\/comments?post=130818"}],"version-history":[{"count":1,"href":"https:\/\/gazdasagportal.hu\/index.php\/wp-json\/wp\/v2\/posts\/130818\/revisions"}],"predecessor-version":[{"id":130819,"href":"https:\/\/gazdasagportal.hu\/index.php\/wp-json\/wp\/v2\/posts\/130818\/revisions\/130819"}],"wp:attachment":[{"href":"https:\/\/gazdasagportal.hu\/index.php\/wp-json\/wp\/v2\/media?parent=130818"}],"wp:term":[{"taxonomy":"category","embeddable":true,"href":"https:\/\/gazdasagportal.hu\/index.php\/wp-json\/wp\/v2\/categories?post=130818"},{"taxonomy":"post_tag","embeddable":true,"href":"https:\/\/gazdasagportal.hu\/index.php\/wp-json\/wp\/v2\/tags?post=130818"}],"curies":[{"name":"wp","href":"https:\/\/api.w.org\/{rel}","templated":true}]}}