{"id":130792,"date":"2020-10-30T10:44:43","date_gmt":"2020-10-30T09:44:43","guid":{"rendered":"http:\/\/gazdasagportal.hu\/?p=130792"},"modified":"2020-10-30T10:44:43","modified_gmt":"2020-10-30T09:44:43","slug":"az-autowallis-csoport-lesz-az-opel-importore-magyarorszagon","status":"publish","type":"post","link":"https:\/\/gazdasagportal.hu\/index.php\/az-autowallis-csoport-lesz-az-opel-importore-magyarorszagon\/","title":{"rendered":"Az AutoWallis csoport lesz az Opel import\u0151re Magyarorsz\u00e1gon"},"content":{"rendered":"<p><strong>A Gazdas\u00e1gi Versenyhivatal j\u00f3v\u00e1hagyta, hogy az AutoWallis le\u00e1nyv\u00e1llalata legyen az Opel m\u00e1rka import\u0151re Magyarorsz\u00e1gon. A hazai mellett h\u00e1rom r\u00e9gi\u00f3s orsz\u00e1gban is az AutoWallist v\u00e1lasztotta a m\u00e1rka import\u0151r\u00e9nek a meghat\u00e1roz\u00f3 n\u00e9met aut\u00f3gy\u00e1r, ezzel a Budapesti \u00c9rt\u00e9kt\u0151zsd\u00e9n jegyzett v\u00e1llalat tov\u00e1bb n\u00f6velheti \u00e1rbev\u00e9tel\u00e9t, mellyel \u00fajabb jelent\u0151s l\u00e9p\u00e9ssel ker\u00fcl k\u00f6zelebb ahhoz, hogy a k\u00f6z\u00e9p-kelet-eur\u00f3pai r\u00e9gi\u00f3 meghat\u00e1roz\u00f3 mobilit\u00e1si szolg\u00e1ltat\u00f3j\u00e1v\u00e1 v\u00e1ljon.<\/strong><!--more--><\/p>\n<div class=\"ads-in-post1\"><div id=\"gazdasagportal.hu_fullbanner_wideboard\"><\/div>\r\n<\/div>\n<p><strong>\u00a0<\/strong><\/p>\n<p>J\u00f3v\u00e1hagyta a Gazdas\u00e1gi Versenyhivatal, hogy a z AutoWallis le\u00e1nyv\u00e1llalata, a Wallis Automotive Europe (WAE) Kft. legyen az Opel m\u00e1rka import\u0151re Magyarorsz\u00e1gon. A n\u00e9met aut\u00f3gy\u00e1rt\u00f3 j\u00faliusban m\u00e1r Bosznia-Hercegovin\u00e1ban, Horv\u00e1torsz\u00e1gban \u00e9s Szlov\u00e9ni\u00e1ban is az AutoWallis le\u00e1nyv\u00e1llalat\u00e1t b\u00edzta meg az import\u0151ri feladatokkal, mely orsz\u00e1gokban m\u00e9g folyamatban van a versenyhivatali enged\u00e9lyez\u00e9s. <strong>A magyar piac strat\u00e9giai jelent\u0151s\u00e9g\u00e9t \u00e9s m\u00e9ret\u00e9t j\u00f3l mutatja, hogy 2019-ben mintegy 12.500 darab \u00faj Opel szem\u00e9lyaut\u00f3t \u00e9s kisteherut\u00f3t \u00e9rt\u00e9kes\u00edtettek<\/strong> (a m\u00e1sik h\u00e1rom orsz\u00e1gban \u00f6sszesen 11.700 darabot). A WAE hamarosan megkezdi az Opel import\u0151ri feladatainak ell\u00e1t\u00e1s\u00e1t. <strong>Az AutoWallis csoport t\u00f6rt\u00e9net\u00e9nek egyik legjelent\u0151sebb m\u00e9rf\u00f6ldk\u00f6ve az Opellel k\u00f6t\u00f6tt n\u00e9gy orsz\u00e1gra kiterjed\u0151 import\u0151ri egy\u00fcttm\u0171k\u00f6d\u00e9s. Az \u00e9rintett orsz\u00e1gokban tavaly \u00f6sszesen 24 ezer darabot adtak el a m\u00e1rk\u00e1b\u00f3l, \u00edgy v\u00e1rhat\u00f3an m\u00e1r 2021-ben jelent\u0151s b\u0151v\u00fcl\u00e9st mutathat az AutoWallis csoport tagjai \u00e1ltal \u00e9rt\u00e9kes\u00edtett j\u00e1rm\u0171vek sz\u00e1ma.<\/strong> A 15 aut\u00f3m\u00e1rk\u00e1t forgalmaz\u00f3 v\u00e1llalat ezzel \u00fajabb jelent\u0151s l\u00e9p\u00e9ssel ker\u00fcl k\u00f6zelebb ahhoz, hogy megval\u00f3s\u00edtsa strat\u00e9gi\u00e1j\u00e1ban kit\u0171z\u00f6tt c\u00e9ljait, \u00edgy megdupl\u00e1zza \u00e1rbev\u00e9tel\u00e9t, \u00e9s 2029-re a k\u00f6z\u00e9p-kelet-eur\u00f3pai r\u00e9gi\u00f3 meghat\u00e1roz\u00f3 mobilit\u00e1si szolg\u00e1ltat\u00f3j\u00e1v\u00e1 v\u00e1ljon.<\/p>\n<p><strong>Az Opellel k\u00f6t\u00f6tt, n\u00e9gy orsz\u00e1gra kiterjed\u0151 meg\u00e1llapod\u00e1s azt mutatja, hogy a v\u00e1llalat komoly partnere a vil\u00e1g legnagyobb aut\u00f3m\u00e1rk\u00e1inak. Az Opel \u00f3ri\u00e1si tiszteletnek \u00f6rvend Magyarorsz\u00e1gon, amit j\u00f3l mutat az is, hogy a hazai utakon nagyj\u00e1b\u00f3l minden hetedik aut\u00f3n a j\u00f3l ismert vill\u00e1mot k\u00f6r\u00fcl\u00f6lel\u0151 k\u00f6rt \u00e1br\u00e1zol\u00f3 embl\u00e9ma tal\u00e1lhat\u00f3. <\/strong>Az egy\u00fcttm\u0171k\u00f6d\u00e9s megk\u00f6t\u00e9se szerencs\u00e9s pillanatban t\u00f6rt\u00e9nt, mivel a visszajelz\u00e9sek alapj\u00e1n minden id\u0151k egyik legszebb, legkorszer\u0171bb \u00e9s legz\u00f6ldebb modellpalett\u00e1ja az Opel\u00e9. Ezzel a meg\u00e1llapod\u00e1ssal az AutoWallis tov\u00e1bb halad a dinamikus n\u00f6veked\u00e9s \u00fatj\u00e1n, miut\u00e1n csak id\u00e9n ez m\u00e1r a hatodik jelent\u0151s \u00fczletfejleszt\u00e9se, illetve akviz\u00edci\u00f3ja a csoportnak itthon \u00e9s a r\u00e9gi\u00f3ban. (Az \u00e9rintett \u00fczletfejleszt\u00e9sek, akviz\u00edci\u00f3k: a legnagyobb magyar Opel \u00e9s KIA keresked\u00e9s megszerz\u00e9se; a Jaguar \u00e9s Land Rover modellek magyarorsz\u00e1gi forgalmaz\u00e1s\u00e1nak megkezd\u00e9se; a legnagyobb szlov\u00e9n BMW m\u00e1rkakeresked\u00e9s \u00e1tv\u00e9tele; r\u00e9szesed\u00e9sszerz\u00e9s a Nyugat-Magyarorsz\u00e1gon meghat\u00e1roz\u00f3 poz\u00edci\u00f3j\u00fa, h\u00e9t jelent\u0151s aut\u00f3m\u00e1rk\u00e1t \u00e9rt\u00e9kes\u00edt\u0151 \u00e9s szervizel\u0151 Inici\u00e1l Aut\u00f3h\u00e1zban; Opel import\u0151ri jog megszerz\u00e9se Bosznia-Hercegovin\u00e1ban, Horv\u00e1torsz\u00e1gban \u00e9s Szlov\u00e9ni\u00e1ban.)<\/p><div id=\"gazda-27164643\" class=\"gazda-tartalomban gazda-entity-placement\"><script async src=\"https:\/\/pagead2.googlesyndication.com\/pagead\/js\/adsbygoogle.js\"><\/script>\r\n<ins class=\"adsbygoogle\"\r\n     style=\"display:block\"\r\n     data-ad-format=\"fluid\"\r\n     data-ad-layout-key=\"-6t+ed+2i-1n-4w\"\r\n     data-ad-client=\"ca-pub-1959107119989764\"\r\n     data-ad-slot=\"4008251320\"><\/ins>\r\n<script>\r\n     (adsbygoogle = window.adsbygoogle || []).push({});\r\n<\/script><\/div>\n<div class=\"ads-in-post1\"><div id=\"gazdasagportal.hu_fullbanner_wideboard\"><\/div>\r\n<\/div>\n&nbsp;<\/p>\n<p><strong>Az AutoWallis Nyrt.<\/strong><\/p>\n<p>A Budapesti \u00c9rt\u00e9kt\u0151zsde Pr\u00e9mium kateg\u00f3ri\u00e1j\u00e1ban, valamint a BUX \u00e9s BUMIX indexekben jegyzett AutoWallis Nyrt. c\u00e9lja, hogy 2029-re a k\u00f6z\u00e9p-kelet-eur\u00f3pai r\u00e9gi\u00f3 meghat\u00e1roz\u00f3 mobilit\u00e1si szolg\u00e1ltat\u00f3ja legyen. A v\u00e1llalat 2018-as, nemzetk\u00f6zi p\u00e9nz\u00fcgyi besz\u00e1mol\u00e1si standardok (IFRS) alapj\u00e1n sz\u00e1m\u00edtott konszolid\u00e1lt 65,5 milli\u00e1rdos \u00e1rbev\u00e9tel\u00e9nek dupl\u00e1z\u00e1s\u00e1t tervezi 2024-re, melyet el\u0151sorban organikus \u00faton akar el\u00e9rni. A v\u00e1llalat c\u00e9lja emellett, hogy az aut\u00f3ipari befektet\u00e9sekre f\u00f3kusz\u00e1l\u00f3 befektet\u00e9si portf\u00f3li\u00f3j\u00e1nak folyamatos, akviz\u00edci\u00f3s \u00faton t\u00f6rt\u00e9n\u0151 sz\u00e9les\u00edt\u00e9s\u00e9vel klasszikus, konzervat\u00edv \u00fczletpolitik\u00e1t k\u00e9pvisel\u0151 vagyonkezel\u0151k\u00e9nt m\u0171k\u00f6dj\u00f6n. Az AutoWallis csoport a k\u00f6z\u00e9p-kelet-eur\u00f3pai r\u00e9gi\u00f3 14 orsz\u00e1g\u00e1ban (Alb\u00e1nia, Bosznia-Hercegovina, Csehorsz\u00e1g, Bulg\u00e1ria, Horv\u00e1torsz\u00e1g, Koszov\u00f3, Lengyelorsz\u00e1g, Rom\u00e1nia, Szerbia, Szlov\u00e1kia, Szlov\u00e9nia, \u00c9szak-Maced\u00f3nia, Magyarorsz\u00e1g, Montenegr\u00f3) g\u00e9pj\u00e1rm\u0171- \u00e9s alkatr\u00e9sz kis- \u00e9s nagykereskedelemmel, szerviz szolg\u00e1ltat\u00e1sokkal, r\u00f6vid- \u00e9s hossz\u00fa t\u00e1v\u00fa g\u00e9pj\u00e1rm\u0171-k\u00f6lcs\u00f6nz\u00e9ssel van jelen. A csoport tagjai k\u00f6z\u00e9 tartozik a Wallis Automotive Europe, a Wallis British Motors, a Wallis Motor Pest, a Wallis Motor Duna, a Wallis Kerepesi, a Wallis Aut\u00f3k\u00f6lcs\u00f6nz\u0151, valamint az Inici\u00e1l Aut\u00f3h\u00e1z. A csoport \u00e1ltal k\u00e9pviselt m\u00e1rk\u00e1k k\u00f6z\u00e9 tartoznak a BMW szem\u00e9lyaut\u00f3k \u00e9s motorker\u00e9kp\u00e1rok, a Citro\u00ebn, a Dacia, az Isuzu, a Jaguar, a Land Rover, a Maserati, a MINI, a Nissan, az Opel, a Peugeot, a Renault, a Ssangyong, a Suzuki, a Toyota, a Saab alkatr\u00e9szek ut\u00e1np\u00f3tl\u00e1sa \u00e9s a Sixt rent-a-car. www.autowallis.hu<\/p>\n","protected":false},"excerpt":{"rendered":"<p>A Gazdas\u00e1gi Versenyhivatal j\u00f3v\u00e1hagyta, hogy az AutoWallis le\u00e1nyv\u00e1llalata legyen az Opel m\u00e1rka import\u0151re Magyarorsz\u00e1gon. A hazai mellett h\u00e1rom r\u00e9gi\u00f3s orsz\u00e1gban is az AutoWallist v\u00e1lasztotta a m\u00e1rka import\u0151r\u00e9nek a meghat\u00e1roz\u00f3 n\u00e9met aut\u00f3gy\u00e1r, ezzel a Budapesti \u00c9rt\u00e9kt\u0151zsd\u00e9n jegyzett v\u00e1llalat tov\u00e1bb n\u00f6velheti \u00e1rbev\u00e9tel\u00e9t, mellyel \u00fajabb jelent\u0151s l\u00e9p\u00e9ssel ker\u00fcl k\u00f6zelebb ahhoz, hogy a k\u00f6z\u00e9p-kelet-eur\u00f3pai r\u00e9gi\u00f3 meghat\u00e1roz\u00f3 mobilit\u00e1si szolg\u00e1ltat\u00f3j\u00e1v\u00e1 v\u00e1ljon.<\/p>\n","protected":false},"author":1,"featured_media":0,"comment_status":"closed","ping_status":"open","sticky":false,"template":"","format":"standard","meta":[],"categories":[19,7],"tags":[],"_links":{"self":[{"href":"https:\/\/gazdasagportal.hu\/index.php\/wp-json\/wp\/v2\/posts\/130792"}],"collection":[{"href":"https:\/\/gazdasagportal.hu\/index.php\/wp-json\/wp\/v2\/posts"}],"about":[{"href":"https:\/\/gazdasagportal.hu\/index.php\/wp-json\/wp\/v2\/types\/post"}],"author":[{"embeddable":true,"href":"https:\/\/gazdasagportal.hu\/index.php\/wp-json\/wp\/v2\/users\/1"}],"replies":[{"embeddable":true,"href":"https:\/\/gazdasagportal.hu\/index.php\/wp-json\/wp\/v2\/comments?post=130792"}],"version-history":[{"count":1,"href":"https:\/\/gazdasagportal.hu\/index.php\/wp-json\/wp\/v2\/posts\/130792\/revisions"}],"predecessor-version":[{"id":130793,"href":"https:\/\/gazdasagportal.hu\/index.php\/wp-json\/wp\/v2\/posts\/130792\/revisions\/130793"}],"wp:attachment":[{"href":"https:\/\/gazdasagportal.hu\/index.php\/wp-json\/wp\/v2\/media?parent=130792"}],"wp:term":[{"taxonomy":"category","embeddable":true,"href":"https:\/\/gazdasagportal.hu\/index.php\/wp-json\/wp\/v2\/categories?post=130792"},{"taxonomy":"post_tag","embeddable":true,"href":"https:\/\/gazdasagportal.hu\/index.php\/wp-json\/wp\/v2\/tags?post=130792"}],"curies":[{"name":"wp","href":"https:\/\/api.w.org\/{rel}","templated":true}]}}