{"id":130735,"date":"2020-10-28T13:56:23","date_gmt":"2020-10-28T12:56:23","guid":{"rendered":"http:\/\/gazdasagportal.hu\/?p=130735"},"modified":"2020-10-28T13:56:23","modified_gmt":"2020-10-28T12:56:23","slug":"a-gazdasagi-novekedes-lassulasat-jelzi-a-diw-nemetorszagi-konjunkturabarometere","status":"publish","type":"post","link":"https:\/\/gazdasagportal.hu\/index.php\/a-gazdasagi-novekedes-lassulasat-jelzi-a-diw-nemetorszagi-konjunkturabarometere\/","title":{"rendered":"A gazdas\u00e1gi n\u00f6veked\u00e9s lassul\u00e1s\u00e1t jelzi a DIW n\u00e9metorsz\u00e1gi konjunkt\u00farabarom\u00e9tere"},"content":{"rendered":"<p><strong>A v\u00e1ls\u00e1g ut\u00e1ni gazdas\u00e1gi n\u00f6veked\u00e9s \u00fctem\u00e9nek val\u00f3sz\u00edn\u0171 lass\u00edt\u00e1s\u00e1val k\u00f6sz\u00f6nt\u00f6tt be N\u00e9metorsz\u00e1gban a koronav\u00edrus-j\u00e1rv\u00e1ny m\u00e1sodik hull\u00e1ma a berlini DIW gazdas\u00e1gkutat\u00f3 int\u00e9zet negyedik negyed\u00e9vre vonatkoz\u00f3 konjunkt\u00farabarom\u00e9tere alapj\u00e1n.<\/strong><!--more--><\/p>\n<div class=\"ads-in-post1\"><div id=\"gazdasagportal.hu_fullbanner_wideboard\"><\/div>\r\n<\/div>\n<p>A Deutsches Institut f\u00fcr Wirtschaftsforschung e.V. (DIW Berlin) tanulm\u00e1ny\u00e1nak szerd\u00e1n publik\u00e1lt eredm\u00e9nye szerint a harmadik negyed\u00e9vi mintegy hat sz\u00e1zal\u00e9kos negyed\u00e9ves GDP-n\u00f6veked\u00e9sre utal\u00f3 122,0 pontr\u00f3l\u00a0\u00a0a negyedik negyed\u00e9vre vonatkoz\u00f3an 105,2 pontra esett vissza a konjunkt\u00farabarom\u00e9ter \u00e9rt\u00e9ke.<br \/>\nAz els\u0151 negyed\u00e9vi \u00e9rt\u00e9k 87,1 pont volt, ami a m\u00e1sodik negyed\u00e9vben rekordalacsony szintre, 43,5 pontra zuhant. Az index 100 pontos \u00e9rt\u00e9ke &#8222;semleges&#8221; \u00e1llapotot jel\u00f6l, ami nagyj\u00e1b\u00f3l 0,3 sz\u00e1zal\u00e9kos negyed\u00e9ves GDP-n\u00f6veked\u00e9snek felel meg.<br \/>\nA fellend\u00fcl\u00e9s &#8222;er\u0151sen bef\u00e9kez\u0151d\u00f6tt&#8221; Claus Michelsen, a DIW konjunkt\u00farakutat\u00e1si vezet\u0151je szerint. A gazdas\u00e1gi \u00e9s k\u00f6z\u00f6ss\u00e9gi \u00e9let \u00fajabb korl\u00e1toz\u00e1saira sz\u00e1m\u00edtva a fogyaszt\u00f3k \u00e9s a v\u00e1llalkoz\u00e1sok egyar\u00e1nt \u00f3vatos magatart\u00e1st vettek fel. R\u00e1ad\u00e1sul a v\u00e1llalatok t\u00f6bbs\u00e9ge m\u00e9g a tavaszi z\u00e1rlat k\u00f6vetkezm\u00e9nyeivel k\u00fczd \u00e9s j\u00f3r\u00e9szt p\u00e9nz\u00fcgyi tartal\u00e9kait is fel\u00e9lte &#8211; fejtette ki. Hozz\u00e1tette, hogy jelenlegi \u00e1ll\u00e1s alapj\u00e1n szerinte a gazdas\u00e1gi n\u00f6veked\u00e9s folytat\u00f3dik ugyan az \u00e9v h\u00e1tra l\u00e9v\u0151 r\u00e9sz\u00e9ben, de kor\u00e1ntsem a ny\u00e1r \u00f3ta tapasztalt m\u00e9rt\u00e9kben.<br \/>\nA konjunkt\u00farabarom\u00e9ter roml\u00e1sa annak ellen\u00e9re is a gazdas\u00e1gi teljes\u00edtm\u00e9ny n\u00f6veked\u00e9s\u00e9nek v\u00e1rhat\u00f3 lassul\u00e1s\u00e1ra utal, hogy a j\u00e1rv\u00e1ny m\u00e1sodik hull\u00e1m\u00e1nak k\u00f6vetkezm\u00e9nyei m\u00e9g nem \u00e9rhet\u0151ek tetten sz\u00e1mos makrogazdas\u00e1gi mutat\u00f3 alakul\u00e1s\u00e1ban. Mind\u00f6ssze a legut\u00f3bb publik\u00e1lt \u00fczleti hangulati felm\u00e9r\u00e9sek mutatt\u00e1k ki az \u00fajabb korl\u00e1toz\u00e1sok miatti aggodalom er\u0151s\u00f6d\u00e9s\u00e9t a gazdas\u00e1gi szerepl\u0151k k\u00f6r\u00e9ben.<br \/>\n<div class=\"ads-in-post1\"><div id=\"gazdasagportal.hu_fullbanner_wideboard\"><\/div>\r\n<\/div>\nA gazdas\u00e1gi aktivit\u00e1s egyes ter\u00fcleteken ak\u00e1r meg is b\u00e9nulhat ism\u00e9t, m\u00e9g ha nem is a tavaszihoz m\u00e9rhet\u0151 m\u00e9rt\u00e9kben &#8211; figyelmeztet Michelsen. Az elm\u00falt hetekben p\u00e9ld\u00e1ul jelent\u0151sen megemelkedett az ipari termel\u00e9s sz\u00e1mottev\u0151\u00a0\u00a0m\u00e9rt\u00e9k\u0171 visszaes\u00e9s\u00e9nek a val\u00f3sz\u00edn\u0171s\u00e9ge &#8211; mutatott r\u00e1.<br \/>\n<a title=\"Hely megnyit\u00e1sa\" href=\"https:\/\/www.diw.de\/de\/diw_01.c.801517.de\/diw_konjunkturbarometer_oktober__rueckschlag_mit_ansage.html\" target=\"_blank\" rel=\"noopener noreferrer\">https:\/\/www.diw.de\/de\/diw_01.c.801517.de\/diw_konjunkturbarometer_oktober__rueckschlag_mit_ansage.html<\/a><\/p>\n<p>&nbsp;<br \/>\n(MTI)<\/p><div id=\"gazda-446197079\" class=\"gazda-tartalomban gazda-entity-placement\"><script async src=\"https:\/\/pagead2.googlesyndication.com\/pagead\/js\/adsbygoogle.js\"><\/script>\r\n<ins class=\"adsbygoogle\"\r\n     style=\"display:block\"\r\n     data-ad-format=\"fluid\"\r\n     data-ad-layout-key=\"-6t+ed+2i-1n-4w\"\r\n     data-ad-client=\"ca-pub-1959107119989764\"\r\n     data-ad-slot=\"4008251320\"><\/ins>\r\n<script>\r\n     (adsbygoogle = window.adsbygoogle || []).push({});\r\n<\/script><\/div>\n","protected":false},"excerpt":{"rendered":"<p>A v\u00e1ls\u00e1g ut\u00e1ni gazdas\u00e1gi n\u00f6veked\u00e9s \u00fctem\u00e9nek val\u00f3sz\u00edn\u0171 lass\u00edt\u00e1s\u00e1val k\u00f6sz\u00f6nt\u00f6tt be N\u00e9metorsz\u00e1gban a koronav\u00edrus-j\u00e1rv\u00e1ny m\u00e1sodik hull\u00e1ma a berlini DIW gazdas\u00e1gkutat\u00f3 int\u00e9zet negyedik negyed\u00e9vre vonatkoz\u00f3 konjunkt\u00farabarom\u00e9tere alapj\u00e1n.<\/p>\n","protected":false},"author":1,"featured_media":0,"comment_status":"closed","ping_status":"open","sticky":false,"template":"","format":"standard","meta":[],"categories":[12,246],"tags":[],"_links":{"self":[{"href":"https:\/\/gazdasagportal.hu\/index.php\/wp-json\/wp\/v2\/posts\/130735"}],"collection":[{"href":"https:\/\/gazdasagportal.hu\/index.php\/wp-json\/wp\/v2\/posts"}],"about":[{"href":"https:\/\/gazdasagportal.hu\/index.php\/wp-json\/wp\/v2\/types\/post"}],"author":[{"embeddable":true,"href":"https:\/\/gazdasagportal.hu\/index.php\/wp-json\/wp\/v2\/users\/1"}],"replies":[{"embeddable":true,"href":"https:\/\/gazdasagportal.hu\/index.php\/wp-json\/wp\/v2\/comments?post=130735"}],"version-history":[{"count":1,"href":"https:\/\/gazdasagportal.hu\/index.php\/wp-json\/wp\/v2\/posts\/130735\/revisions"}],"predecessor-version":[{"id":130736,"href":"https:\/\/gazdasagportal.hu\/index.php\/wp-json\/wp\/v2\/posts\/130735\/revisions\/130736"}],"wp:attachment":[{"href":"https:\/\/gazdasagportal.hu\/index.php\/wp-json\/wp\/v2\/media?parent=130735"}],"wp:term":[{"taxonomy":"category","embeddable":true,"href":"https:\/\/gazdasagportal.hu\/index.php\/wp-json\/wp\/v2\/categories?post=130735"},{"taxonomy":"post_tag","embeddable":true,"href":"https:\/\/gazdasagportal.hu\/index.php\/wp-json\/wp\/v2\/tags?post=130735"}],"curies":[{"name":"wp","href":"https:\/\/api.w.org\/{rel}","templated":true}]}}