{"id":130729,"date":"2020-10-28T11:04:02","date_gmt":"2020-10-28T10:04:02","guid":{"rendered":"http:\/\/gazdasagportal.hu\/?p=130729"},"modified":"2020-10-28T11:04:02","modified_gmt":"2020-10-28T10:04:02","slug":"magyar-tulajdonba-kerult-az-enexio-tobb-leanyvallalata","status":"publish","type":"post","link":"https:\/\/gazdasagportal.hu\/index.php\/magyar-tulajdonba-kerult-az-enexio-tobb-leanyvallalata\/","title":{"rendered":"Magyar tulajdonba ker\u00fclt az Enexio t\u00f6bb le\u00e1nyv\u00e1llalata"},"content":{"rendered":"<p><strong>Az MVM Csoport tulajdon\u00e1ba ker\u00fclt a n\u00e9met energetikai c\u00e9g, az Enexio magyarorsz\u00e1gi v\u00e1llalata \u00e9s k\u00e9t k\u00ednai le\u00e1nyv\u00e1llalata is &#8211; jelentette be szerdai sajt\u00f3t\u00e1j\u00e9koztat\u00f3j\u00e1n, Budapesten a k\u00fclgazdas\u00e1gi \u00e9s k\u00fcl\u00fcgyminiszter.<\/strong><!--more--><\/p>\n<div class=\"ads-in-post1\"><div id=\"gazdasagportal.hu_fullbanner_wideboard\"><\/div>\r\n<\/div>\n<p>    Szijj\u00e1rt\u00f3 P\u00e9ter hangs\u00falyozta, hogy a tulajdonosv\u00e1lt\u00e1ssal egy\u00fctt az MVM-hez ker\u00fclt egy vil\u00e1gh\u00edr\u0171 magyar szabadalom is.<br \/>\n    A Heller-Forg\u00f3-f\u00e9le h\u0171t\u0151berendez\u00e9snek k\u00f6sz\u00f6nhet\u0151, hogy az Enexio vil\u00e1gszinten is meghat\u00e1roz\u00f3 c\u00e9g az energetikai piacon &#8211; tette hozz\u00e1. A politikus az\u00e9rt is m\u00e9ltatta a magyar v\u00e1llalati terjeszked\u00e9st, mert a kor\u00e1bbi \u00e9vtizedeket t\u00f6bbnyire ennek az ellenkez\u0151je, a k\u00fclf\u00f6ldi c\u00e9gek magyarorsz\u00e1gi felv\u00e1s\u00e1rl\u00e1sai jellemezte.       Az Enexio Hungary Zrt. \u00e9rt\u00e9kes\u00edt\u00e9si igazgat\u00f3ja szerint a v\u00e1llalat j\u00f3 id\u0151ben, nemzetk\u00f6zi tapasztalatokkal er\u0151s\u00f6dve ker\u00fclt az MVM birtok\u00e1ba.<br \/>\n    El\u0151dj\u00e9t 1993-ban privatiz\u00e1lt\u00e1k, de a n\u00e9met tulajdonban t\u00f6lt\u00f6tt \u00e9vtizedek sor\u00e1n jelent\u0151s tud\u00e1ssal \u00e9s tapasztalatokkal gyarapodott &#8211; tette hozz\u00e1 Lakatos Bal\u00e1zs.<br \/>\n<div class=\"ads-in-post1\"><div id=\"gazdasagportal.hu_fullbanner_wideboard\"><\/div>\r\n<\/div>    Az Enexio Hungary Zrt. 2018-ban 3,5 milli\u00f3 eur\u00f3s, 2019-ben 1,5 milli\u00f3 eur\u00f3s ad\u00f3zott eredm\u00e9nnyel z\u00e1rt, forgalma ugyanakkor 5,9 milli\u00f3 eur\u00f3r\u00f3l 18 milli\u00f3 eur\u00f3ra n\u0151tt a c\u00e9gadatok szerint. \u00c1rbev\u00e9tel\u00e9nek t\u00falnyom\u00f3 t\u00f6bbs\u00e9ge k\u00fclf\u00f6ldi \u00e9rt\u00e9kes\u00edt\u00e9sekb\u0151l sz\u00e1rmazik.(MTI)<\/p>\n","protected":false},"excerpt":{"rendered":"<p>Az MVM Csoport tulajdon\u00e1ba ker\u00fclt a n\u00e9met energetikai c\u00e9g, az Enexio magyarorsz\u00e1gi v\u00e1llalata \u00e9s k\u00e9t k\u00ednai le\u00e1nyv\u00e1llalata is &#8211; jelentette be szerdai sajt\u00f3t\u00e1j\u00e9koztat\u00f3j\u00e1n, Budapesten a k\u00fclgazdas\u00e1gi \u00e9s k\u00fcl\u00fcgyminiszter.<\/p>\n","protected":false},"author":1,"featured_media":0,"comment_status":"closed","ping_status":"open","sticky":false,"template":"","format":"standard","meta":[],"categories":[19],"tags":[],"_links":{"self":[{"href":"https:\/\/gazdasagportal.hu\/index.php\/wp-json\/wp\/v2\/posts\/130729"}],"collection":[{"href":"https:\/\/gazdasagportal.hu\/index.php\/wp-json\/wp\/v2\/posts"}],"about":[{"href":"https:\/\/gazdasagportal.hu\/index.php\/wp-json\/wp\/v2\/types\/post"}],"author":[{"embeddable":true,"href":"https:\/\/gazdasagportal.hu\/index.php\/wp-json\/wp\/v2\/users\/1"}],"replies":[{"embeddable":true,"href":"https:\/\/gazdasagportal.hu\/index.php\/wp-json\/wp\/v2\/comments?post=130729"}],"version-history":[{"count":1,"href":"https:\/\/gazdasagportal.hu\/index.php\/wp-json\/wp\/v2\/posts\/130729\/revisions"}],"predecessor-version":[{"id":130730,"href":"https:\/\/gazdasagportal.hu\/index.php\/wp-json\/wp\/v2\/posts\/130729\/revisions\/130730"}],"wp:attachment":[{"href":"https:\/\/gazdasagportal.hu\/index.php\/wp-json\/wp\/v2\/media?parent=130729"}],"wp:term":[{"taxonomy":"category","embeddable":true,"href":"https:\/\/gazdasagportal.hu\/index.php\/wp-json\/wp\/v2\/categories?post=130729"},{"taxonomy":"post_tag","embeddable":true,"href":"https:\/\/gazdasagportal.hu\/index.php\/wp-json\/wp\/v2\/tags?post=130729"}],"curies":[{"name":"wp","href":"https:\/\/api.w.org\/{rel}","templated":true}]}}