{"id":130714,"date":"2020-10-27T17:15:00","date_gmt":"2020-10-27T16:15:00","guid":{"rendered":"http:\/\/gazdasagportal.hu\/?p=130714"},"modified":"2020-10-27T15:19:05","modified_gmt":"2020-10-27T14:19:05","slug":"kapacitasuk-hatarat-megkozelito-szinten-termelnek-a-magyar-gepjarmuipari-egyesulet-tagvallalatai","status":"publish","type":"post","link":"https:\/\/gazdasagportal.hu\/index.php\/kapacitasuk-hatarat-megkozelito-szinten-termelnek-a-magyar-gepjarmuipari-egyesulet-tagvallalatai\/","title":{"rendered":"Kapacit\u00e1suk hat\u00e1r\u00e1t megk\u00f6zel\u00edt\u0151 szinten termelnek a Magyar G\u00e9pj\u00e1rm\u0171ipari Egyes\u00fclet tagv\u00e1llalatai"},"content":{"rendered":"<p><strong>A j\u00e1rm\u0171ipar\u00e1g tavaszi le\u00e1ll\u00e1sa ut\u00e1n a negyedik negyed\u00e9vben majdnem minden j\u00e1rm\u0171ipari v\u00e1llalat kapacit\u00e1s\u00e1nak hat\u00e1rait megk\u00f6zel\u00edt\u0151 szinten termel majd az orsz\u00e1gban &#8211; jelentette ki az MTI-nek adott nyilatkozat\u00e1ban a Magyar G\u00e9pj\u00e1rm\u0171ipari Egyes\u00fclet (MAGE) eln\u00f6ke.<\/strong><!--more--><\/p>\n<div class=\"ads-in-post1\"><div id=\"gazdasagportal.hu_fullbanner_wideboard\"><\/div>\r\n<\/div>\n<p>    Pint\u00e9r Istv\u00e1n szerint,  aki egyben a gy\u0151ri sz\u00e9khely\u0171 R\u00e1ba J\u00e1rm\u0171ipari Holding Nyrt. eln\u00f6k-vez\u00e9rigazgat\u00f3ja, a koronav\u00edrus-j\u00e1rv\u00e1ny miatti tavaszi le\u00e1ll\u00e1st k\u00f6vet\u0151en gyorsan rendez\u0151dtek a termel\u00e9si sorok, amiben annak is szerepe volt, hogy a v\u00e1llalatok id\u00e9n eddig a val\u00f3s ig\u00e9nyekn\u00e9l kevesebbet termeltek.<br \/>\n    A MAGE tagv\u00e1llalatai \u00fagy l\u00e1tj\u00e1k, hogy a termel\u00e9si szint a negyedik negyed\u00e9vben \u00f6sszehasonl\u00edthat\u00f3 lesz a tavalyi \u00e9v azonos id\u0151szak\u00e1val. Tavasszal m\u00e9g sokkal rosszabbak voltak  a kil\u00e1t\u00e1sok &#8211; fogalmazott az eln\u00f6k.<br \/>\n    A kapacit\u00e1sn\u00f6vel\u0151, robotiz\u00e1ci\u00f3s \u00e9s moderniz\u00e1ci\u00f3s programok sem \u00e1lltak le, hanem a j\u00e1rv\u00e1ny miatt ink\u00e1bb felgyorsultak, legyenek azok \u00f6ner\u0151b\u0151l magval\u00f3sul\u00f3, vagy a korm\u00e1ny \u00e1ltal t\u00e1mogatott fejleszt\u00e9sek &#8211; mondta.<br \/>\n    Hozz\u00e1tette, hogy sok v\u00e1llalat ker\u00fclt \u00edgy olyan poz\u00edci\u00f3ba, hogy nyertese lehet a glob\u00e1lis v\u00e1ltoz\u00e1soknak, amit \u00f3ri\u00e1si lehet\u0151s\u00e9gnek nevezett.<br \/>\n    Kifejtette, hogy a glob\u00e1lis ell\u00e1t\u00e1si l\u00e1ncban egyre ink\u00e1bb azok a v\u00e1llalatok kapnak szerepet, amelyek a fejleszt\u00e9sek r\u00e9v\u00e9n hat\u00e9konyabban, pontosabban tudnak termelni, nem pedig azok, amelyek olcs\u00f3 munkaer\u0151t foglalkoztatnak.<br \/>\n    Magyarorsz\u00e1g ebb\u0151l a szempontb\u00f3l j\u00f3 poz\u00edci\u00f3ban van, hiszen amellett, hogy szakk\u00e9pzett munkaer\u0151 \u00e1ll rendelkez\u00e9sre, kiv\u00e1l\u00f3 a gazdas\u00e1gi k\u00f6rnyezet \u00e9s a f\u00f6ldrajzi elhelyezked\u00e9s is kedvez\u0151, hiszen l\u00e9nyegesen k\u00f6zelebb fekszik a j\u00e1rm\u0171ipari fellegv\u00e1rakhoz, mint India vagy K\u00edna.<br \/>\n    Amennyiben a magyar v\u00e1llalatok folytatj\u00e1k a beruh\u00e1z\u00e1sokat, m\u00e9g a vertik\u00e1lis m\u00e9ly\u00fcl\u00e9s sem kiz\u00e1rt az ipar\u00e1gban, ak\u00e1r a kis-\u00e9s k\u00f6zepes v\u00e1llalkoz\u00e1sok, vagy a glob\u00e1lis multinacion\u00e1lis c\u00e9gek eset\u00e9ben.<br \/>\n    Ebb\u0151l kiindulva a 2021-es \u00e9v egyel\u0151re sokkal jobb kil\u00e1t\u00e1sokkal kecsegtet, mint azt ny\u00e1ron gondolt\u00e1k volna &#8211; mondta Pint\u00e9r Istv\u00e1n.<br \/>\n    Pint\u00e9r Istv\u00e1n a R\u00e1b\u00e1ra kit\u00e9rve elmondta, hogy a rendel\u00e9si k\u00f6nyv\u00fck szinte betelt, van olyan szegmens, ahol jobbak a sz\u00e1mok, mint janu\u00e1rban voltak.<br \/>\n    A negyedik negyed\u00e9vben az orsz\u00e1g\u00fati haszonj\u00e1rm\u0171 er\u0151s poz\u00edci\u00f3t mutat, \u00e9s felfel\u00e9 \u00edvelnek a rendel\u00e9si sz\u00e1mok a mez\u0151gazdas\u00e1gi \u00fczlet\u00e1gban is &#8211; mondta.<br \/>\n<div class=\"ads-in-post1\"><div id=\"gazdasagportal.hu_fullbanner_wideboard\"><\/div>\r\n<\/div>\n    A MAGE t\u00f6bb mint 60 tagv\u00e1llalatot sz\u00e1ml\u00e1l, a j\u00e1rm\u0171gy\u00e1rt\u00f3k k\u00f6z\u00fcl m\u00e1sok mellett az Audi Hungaria Zrt.-t, a Magyar Suzuki Zrt.-t \u00e9s a Mercedes-Benz Manufacturing Hungary Kft.-t.<br \/>\n    A tagv\u00e1llalatok mintegy 80 sz\u00e1zal\u00e9kkal j\u00e1rulnak hozz\u00e1 a magyar aut\u00f3ipar termel\u00e9s\u00e9hez, 93 sz\u00e1zal\u00e9kkal az aut\u00f3ipari exporthoz \u00e9s 90 sz\u00e1zal\u00e9kkal az aut\u00f3ipari beruh\u00e1z\u00e1sokhoz.<br \/>\n    A tagv\u00e1llalatok \u00e1ltal foglalkoztatottak sz\u00e1ma meghaladja a 90 ezret.(MTI)<\/p>\n","protected":false},"excerpt":{"rendered":"<p>A j\u00e1rm\u0171ipar\u00e1g tavaszi le\u00e1ll\u00e1sa ut\u00e1n a negyedik negyed\u00e9vben majdnem minden j\u00e1rm\u0171ipari v\u00e1llalat kapacit\u00e1s\u00e1nak hat\u00e1rait megk\u00f6zel\u00edt\u0151 szinten termel majd az orsz\u00e1gban &#8211; jelentette ki az MTI-nek adott nyilatkozat\u00e1ban a Magyar G\u00e9pj\u00e1rm\u0171ipari Egyes\u00fclet (MAGE) eln\u00f6ke.<\/p>\n","protected":false},"author":1,"featured_media":0,"comment_status":"closed","ping_status":"open","sticky":false,"template":"","format":"standard","meta":[],"categories":[19],"tags":[],"_links":{"self":[{"href":"https:\/\/gazdasagportal.hu\/index.php\/wp-json\/wp\/v2\/posts\/130714"}],"collection":[{"href":"https:\/\/gazdasagportal.hu\/index.php\/wp-json\/wp\/v2\/posts"}],"about":[{"href":"https:\/\/gazdasagportal.hu\/index.php\/wp-json\/wp\/v2\/types\/post"}],"author":[{"embeddable":true,"href":"https:\/\/gazdasagportal.hu\/index.php\/wp-json\/wp\/v2\/users\/1"}],"replies":[{"embeddable":true,"href":"https:\/\/gazdasagportal.hu\/index.php\/wp-json\/wp\/v2\/comments?post=130714"}],"version-history":[{"count":1,"href":"https:\/\/gazdasagportal.hu\/index.php\/wp-json\/wp\/v2\/posts\/130714\/revisions"}],"predecessor-version":[{"id":130715,"href":"https:\/\/gazdasagportal.hu\/index.php\/wp-json\/wp\/v2\/posts\/130714\/revisions\/130715"}],"wp:attachment":[{"href":"https:\/\/gazdasagportal.hu\/index.php\/wp-json\/wp\/v2\/media?parent=130714"}],"wp:term":[{"taxonomy":"category","embeddable":true,"href":"https:\/\/gazdasagportal.hu\/index.php\/wp-json\/wp\/v2\/categories?post=130714"},{"taxonomy":"post_tag","embeddable":true,"href":"https:\/\/gazdasagportal.hu\/index.php\/wp-json\/wp\/v2\/tags?post=130714"}],"curies":[{"name":"wp","href":"https:\/\/api.w.org\/{rel}","templated":true}]}}