{"id":130695,"date":"2020-10-27T09:58:02","date_gmt":"2020-10-27T08:58:02","guid":{"rendered":"http:\/\/gazdasagportal.hu\/?p=130695"},"modified":"2020-10-27T09:58:02","modified_gmt":"2020-10-27T08:58:02","slug":"meghalt-63-beteg-2079-cel-nott-a-fertozottek-szama-magyarorszagon","status":"publish","type":"post","link":"https:\/\/gazdasagportal.hu\/index.php\/meghalt-63-beteg-2079-cel-nott-a-fertozottek-szama-magyarorszagon\/","title":{"rendered":"Meghalt 63 beteg, 2079-cel n\u0151tt a fert\u0151z\u00f6ttek sz\u00e1ma Magyarorsz\u00e1gon"},"content":{"rendered":"<p><strong>Meghalt 63, t\u00f6bbs\u00e9g\u00e9ben id\u0151s, kr\u00f3nikus beteg, \u00e9s \u00fajabb 2079 magyar \u00e1llampolg\u00e1rn\u00e1l mutatt\u00e1k ki a koronav\u00edrus-fert\u0151z\u00e9st &#8211; k\u00f6z\u00f6lte a koronavirus.gov.hu kedden.<\/strong><!--more--><\/p>\n<div class=\"ads-in-post1\"><div id=\"gazdasagportal.hu_fullbanner_wideboard\"><\/div>\r\n<\/div>\n<p>    A korm\u00e1nyzati port\u00e1lon azt \u00edrt\u00e1k: 63 642-re n\u0151tt a Magyarorsz\u00e1gon azonos\u00edtott fert\u0151z\u00f6ttek sz\u00e1ma.<br \/>\n    Az elhunytak sz\u00e1ma 1535-re emelkedett, 16 446-an m\u00e1r meggy\u00f3gyultak.<br \/>\n    Az akt\u00edv fert\u0151z\u00f6ttek sz\u00e1ma 45 461. Az akt\u00edv fert\u0151z\u00f6ttek 27 sz\u00e1zal\u00e9ka, az elhunytak 35 sz\u00e1zal\u00e9ka, a gy\u00f3gyultak 29 sz\u00e1zal\u00e9ka budapesti. 2891 koronav\u00edrusos beteget \u00e1polnak k\u00f3rh\u00e1zban, k\u00f6z\u00fcl\u00fck 243-an vannak l\u00e9legeztet\u0151g\u00e9pen.<br \/>\n    Hat\u00f3s\u00e1gi h\u00e1zi karant\u00e9nban 27 050-en vannak, a mintav\u00e9telek sz\u00e1ma 1 002 093.<br \/>\n    Kiemelt\u00e9k: a j\u00e1rv\u00e1ny m\u00e1sodik hull\u00e1ma meredeken emelked\u0151 szakaszban van eg\u00e9sz Eur\u00f3p\u00e1ban \u00e9s Magyarorsz\u00e1gon is, emiatt sz\u00e1m\u00edtani kell a fert\u0151z\u00f6ttek sz\u00e1m\u00e1nak tov\u00e1bbi n\u00f6veked\u00e9s\u00e9re. A korm\u00e1ny c\u00e9lja tov\u00e1bbra is az, hogy az eg\u00e9szs\u00e9g\u00fcgyi v\u00e9dekez\u00e9s fenntart\u00e1sa mellett az orsz\u00e1g m\u0171k\u00f6d\u0151k\u00e9pess\u00e9g\u00e9t megtarts\u00e1k, \u00e9s ne hagyj\u00e1k, hogy a v\u00edrus megb\u00e9n\u00edtsa a mindennapokat. Ehhez azonban az \u00e1ltal\u00e1nos \u00f3vint\u00e9zked\u00e9sek betart\u00e1s\u00e1ra van sz\u00fcks\u00e9g.<br \/>\n    A korm\u00e1ny cs\u00fct\u00f6rt\u00f6k\u00f6n k\u00f6zz\u00e9tett rendelete alapj\u00e1n k\u00f6telez\u0151 a maszkvisel\u00e9s a szabadt\u00e9ri rendezv\u00e9nyeken \u00e9s a sportrendezv\u00e9nyeken r\u00e9sztvev\u0151knek is. A sportrendezv\u00e9nyeken nem kell maszkot viselni\u00fck a sportol\u00f3knak, az edz\u0151knek, a m\u00e9rk\u0151z\u00e9svezet\u0151nek, a versenyb\u00edr\u00f3nak \u00e9s a seg\u00edt\u0151inek. A gy\u0171l\u00e9sen felsz\u00f3lal\u00f3 maszk n\u00e9lk\u00fcl mondhatja el felsz\u00f3lal\u00e1s\u00e1t. Azt, aki a sportrendezv\u00e9ny vagy a gy\u0171l\u00e9s szervez\u0151j\u00e9nek felsz\u00f3l\u00edt\u00e1sa ellen\u00e9re sem visel maszkot, a rendezv\u00e9ny szervez\u0151je k\u00f6teles felsz\u00f3l\u00edtani a helysz\u00edn elhagy\u00e1s\u00e1ra.<br \/>\n<div class=\"ads-in-post1\"><div id=\"gazdasagportal.hu_fullbanner_wideboard\"><\/div>\r\n<\/div>\n    Emellett tov\u00e1bbra is k\u00f6telez\u0151 a maszk haszn\u00e1lata az \u00fczletek \u00e9s a t\u00f6megk\u00f6zleked\u00e9si eszk\u00f6z\u00f6k mellett a mozikban, a sz\u00ednh\u00e1zakban, a bev\u00e1s\u00e1rl\u00f3k\u00f6zpontok ter\u00fclet\u00e9n, az eg\u00e9szs\u00e9g\u00fcgyi \u00e9s szoci\u00e1lis int\u00e9zm\u00e9nyekben, valamint az \u00fcgyf\u00e9lfogad\u00e1si irod\u00e1kban is. 23 \u00f3ra ut\u00e1n a vend\u00e9gl\u00e1t\u00f3helyeket \u00e9s sz\u00f3rakoz\u00f3helyeket be kell z\u00e1rni.<br \/>\n    K\u00f6z\u00f6lt\u00e9k: az \u0151szi sz\u00fcnet alatt az iskol\u00e1kban fert\u0151tlen\u00edt\u0151 nagytakar\u00edt\u00e1st v\u00e9geznek, \u00e9s 70 \u00f3vod\u00e1ban rendeltek el rendk\u00edv\u00fcli sz\u00fcnetet.<br \/>\n    A k\u00f6z\u00f6ss\u00e9gi terjed\u00e9s megf\u00e9kez\u00e9se \u00e9rdek\u00e9ben azt k\u00e9rik, tov\u00e1bbra is ker\u00fclje mindenki azokat a helyeket, ahol z\u00e1rt t\u00e9rben sokan vannak, lehet\u0151leg tartsa a szoci\u00e1lis t\u00e1vols\u00e1got, gyakran \u00e9s alaposan mosson kezet. Akinek k\u00fclf\u00f6ldi tart\u00f3zkod\u00e1s vagy egy\u00e9b ok miatt hat\u00f3s\u00e1gi h\u00e1zi karant\u00e9nt rendeltek el, az szigor\u00faan tartsa be. B\u00e1rki, akinek t\u00fcnetei vannak, ne menjen k\u00f6z\u00f6ss\u00e9gbe, hanem maradjon otthon \u00e9s telefonon \u00e9rtes\u00edtse h\u00e1ziorvos\u00e1t &#8211; \u00edrt\u00e1k.<br \/>\n    Kiemelten fontos az id\u0151sek \u00e9s a kr\u00f3nikus betegek v\u00e9delme. Az id\u0151seket is k\u00e9rik, hogy fokozottan figyeljenek magukra \u00e9s az \u00e1ltal\u00e1nos \u00f3vint\u00e9zked\u00e9sek betart\u00e1s\u00e1ra. A k\u00f3rh\u00e1zakban \u00e9s az id\u0151sotthonokban l\u00e1togat\u00e1si tilalom van. Az id\u0151sotthonok fenntart\u00f3inak mindent meg kell tenni\u00fck a fert\u0151z\u00e9sek elker\u00fcl\u00e9s\u00e9\u00e9rt. Ha egy szoci\u00e1lis int\u00e9zm\u00e9nyben vagy b\u00e1rhol m\u00e1s k\u00f6z\u00f6ss\u00e9gben g\u00f3cpont alakul ki, akkor a j\u00e1rv\u00e1ny\u00fcgyi bevet\u00e9si egys\u00e9g megteszi a sz\u00fcks\u00e9ges int\u00e9zked\u00e9seket.<br \/>\n    A korm\u00e1ny az eg\u00e9szs\u00e9g\u00fcgyi v\u00e9dekez\u00e9s fenntart\u00e1sa mellett, tov\u00e1bbi gazdas\u00e1gv\u00e9delmi \u00e9s csal\u00e1dv\u00e9delmi int\u00e9zked\u00e9seken is dolgozik &#8211; \u00edrt\u00e1k.<br \/>\n<div class=\"ads-in-post1\"><div id=\"gazdasagportal.hu_fullbanner_wideboard\"><\/div>\r\n<\/div>\n    Az oldal t\u00e9rk\u00e9pe alapj\u00e1n eddig Budapesten (17 781) \u00e9s Pest megy\u00e9ben (7971) regisztr\u00e1lt\u00e1k a legt\u00f6bb fert\u0151z\u00f6ttet. Ezt k\u00f6veti Gy\u0151r-Moson-Sopron (3912), Borsod-Aba\u00faj-Zempl\u00e9n (4014), Szabolcs-Szatm\u00e1r-Bereg (3322), Hajd\u00fa-Bihar megye (3082) \u00e9s Csongr\u00e1d-Csan\u00e1d megye (2794). A fert\u0151z\u00e9sben legkev\u00e9sb\u00e9 \u00e9rintett megye Tolna (638).(MTI)<\/p>\n","protected":false},"excerpt":{"rendered":"<p>Meghalt 63, t\u00f6bbs\u00e9g\u00e9ben id\u0151s, kr\u00f3nikus beteg, \u00e9s \u00fajabb 2079 magyar \u00e1llampolg\u00e1rn\u00e1l mutatt\u00e1k ki a koronav\u00edrus-fert\u0151z\u00e9st &#8211; k\u00f6z\u00f6lte a koronavirus.gov.hu kedden.<\/p>\n","protected":false},"author":1,"featured_media":0,"comment_status":"closed","ping_status":"open","sticky":false,"template":"","format":"standard","meta":[],"categories":[4,427],"tags":[],"_links":{"self":[{"href":"https:\/\/gazdasagportal.hu\/index.php\/wp-json\/wp\/v2\/posts\/130695"}],"collection":[{"href":"https:\/\/gazdasagportal.hu\/index.php\/wp-json\/wp\/v2\/posts"}],"about":[{"href":"https:\/\/gazdasagportal.hu\/index.php\/wp-json\/wp\/v2\/types\/post"}],"author":[{"embeddable":true,"href":"https:\/\/gazdasagportal.hu\/index.php\/wp-json\/wp\/v2\/users\/1"}],"replies":[{"embeddable":true,"href":"https:\/\/gazdasagportal.hu\/index.php\/wp-json\/wp\/v2\/comments?post=130695"}],"version-history":[{"count":1,"href":"https:\/\/gazdasagportal.hu\/index.php\/wp-json\/wp\/v2\/posts\/130695\/revisions"}],"predecessor-version":[{"id":130696,"href":"https:\/\/gazdasagportal.hu\/index.php\/wp-json\/wp\/v2\/posts\/130695\/revisions\/130696"}],"wp:attachment":[{"href":"https:\/\/gazdasagportal.hu\/index.php\/wp-json\/wp\/v2\/media?parent=130695"}],"wp:term":[{"taxonomy":"category","embeddable":true,"href":"https:\/\/gazdasagportal.hu\/index.php\/wp-json\/wp\/v2\/categories?post=130695"},{"taxonomy":"post_tag","embeddable":true,"href":"https:\/\/gazdasagportal.hu\/index.php\/wp-json\/wp\/v2\/tags?post=130695"}],"curies":[{"name":"wp","href":"https:\/\/api.w.org\/{rel}","templated":true}]}}