{"id":130669,"date":"2020-10-26T12:44:26","date_gmt":"2020-10-26T11:44:26","guid":{"rendered":"http:\/\/gazdasagportal.hu\/?p=130669"},"modified":"2020-10-26T12:44:26","modified_gmt":"2020-10-26T11:44:26","slug":"nagyot-zuhant-a-ketyerek-piaca","status":"publish","type":"post","link":"https:\/\/gazdasagportal.hu\/index.php\/nagyot-zuhant-a-ketyerek-piaca\/","title":{"rendered":"Nagyot zuhant a ketyer\u00e9k piaca"},"content":{"rendered":"<p style=\"font-weight: 400;\"><strong>Nem megy a k\u00fcty\u00fcbaz\u00e1r. Informatikai, h\u00edrad\u00e1stechnikai cikkekb\u0151l 30%-kal esett a piac a hagyom\u00e1nyos boltokban a ny\u00e1ri \u00e9s az \u0151szi h\u00f3napokban. A j\u00e1rv\u00e1ny itt is form\u00e1zott egyet a v\u00e1s\u00e1rl\u00e1si szok\u00e1sokon, pedig ez az egyik legkedveltebb v\u00e1s\u00e1rl\u00f3t\u00e9r. A mobil az h\u00fazhat rajta m\u00e9g, de itt is minden j\u00e1rv\u00e1nyf\u00fcgg\u0151.<\/strong><strong><!--more--><\/p>\n<div class=\"ads-in-post1\"><div id=\"gazdasagportal.hu_fullbanner_wideboard\"><\/div>\r\n<\/div>\n<p><\/strong><\/p>\n<p style=\"font-weight: 400;\">A statisztika heti monitoros legfrissebb adatk\u00f6zl\u00e9s\u00e9b\u0151l is (a KSH ezeket hetente friss\u00edti) az der\u00fcl ki, hogy a k\u00fcl\u00f6nf\u00e9le m\u0171szaki ketyer\u00e9kb\u0151l sokkal kevesebbet v\u00e1s\u00e1rolunk, mint kor\u00e1bban a hagyom\u00e1nyos boltokban. De a web\u00e1ruh\u00e1zakban is \u00f3vatosabban huzig\u00e1lj\u00e1k a bankk\u00e1rty\u00e1kat a v\u00e1s\u00e1rl\u00f3k a dr\u00e1g\u00e1bb holmik v\u00e1logat\u00e1sakor.<\/p>\n<p style=\"font-weight: 400;\">Okt\u00f3ber els\u0151 harmad\u00e1ban 30%, el\u0151tte szeptemberben harmadnyi volt a visszaes\u00e9s az online kasszaadatok alapj\u00e1n. A szeptemberi h\u00f3napban m\u00e9g az iskolakezd\u00e9s sem jav\u00edtott sokat, csak annyit, hogy a h\u00f3nap els\u0151 het\u00e9ben &#8222;csak&#8221; 20% volt a visszaes\u00e9s, amit viszont olyan zuhan\u00e1s k\u00f6vetett, aminek ered\u0151je lett az eg\u00e9sz h\u00f3napban \u00f6sszesz\u00e1molt 30% feletti es\u00e9s (teh\u00e1t a h\u00f3nap tov\u00e1bbi r\u00e9sz\u00e9ben j\u00f3csk\u00e1n 30% feletti volt a visszaes\u00e9s). \u00c9s az augusztus sem mutat szebb k\u00e9pet, r\u00e1ad\u00e1sul tov\u00e1bb lapozgatva visszafel\u00e9 a napt\u00e1rban j\u00faliusban is 20% volt a cs\u00f6kken\u00e9s.<\/p><div id=\"gazda-3860383487\" class=\"gazda-tartalomban gazda-entity-placement\"><script async src=\"https:\/\/pagead2.googlesyndication.com\/pagead\/js\/adsbygoogle.js\"><\/script>\r\n<ins class=\"adsbygoogle\"\r\n     style=\"display:block\"\r\n     data-ad-format=\"fluid\"\r\n     data-ad-layout-key=\"-6t+ed+2i-1n-4w\"\r\n     data-ad-client=\"ca-pub-1959107119989764\"\r\n     data-ad-slot=\"4008251320\"><\/ins>\r\n<script>\r\n     (adsbygoogle = window.adsbygoogle || []).push({});\r\n<\/script><\/div>\n<p style=\"font-weight: 400;\">J\u00fanius volt az utols\u00f3 h\u00f3nap, amikor t\u00f6bbet v\u00e1s\u00e1roltunk a hagyom\u00e1nyos boltokban informatikai, h\u00edrad\u00e1stechnikai cikkekb\u0151l, de ez sem volt sokkal t\u00f6bb az el\u0151z\u0151 \u00e9vin\u00e9l, csak 5-6% k\u00f6r\u00fcli n\u00f6vekm\u00e9nyt jelzett a heti monitor.<\/p>\n<p style=\"font-weight: 400;\"><strong>A j\u00e1rv\u00e1ny nagyot has\u00edtott a ketyer\u00e9k piac\u00e1b\u00f3l is<\/strong><\/p>\n<p style=\"font-weight: 400;\">Hi\u00e1ba volt home office \u00e9s digit\u00e1lis tanrend, amikor \u00e9ppen k\u00fcty\u00fckb\u0151l kellett az\u00e9rt v\u00e1s\u00e1rolni a boltokb\u00f3l otthonra (a munkaad\u00f3 c\u00e9gek ezt maguk meg is tett\u00e9k), a m\u00e1rcius k\u00f6zep\u00e9n bevezetett 15 \u00f3r\u00e1s z\u00e1r\u00e1s \u00e9s a h\u00f3nap v\u00e9ge t\u00e1j\u00e9k\u00e1n bel\u00e9ptetett kij\u00e1r\u00e1si korl\u00e1toz\u00e1s az\u00e9rt visszafogta a v\u00e1s\u00e1rl\u00e1sokat ezen a piacr\u00e9szen is. Igaz, hogy az informatikai, h\u00edrad\u00e1stechnikai boltok 15 \u00f3r\u00e1ig a kij\u00e1r\u00e1si korl\u00e1toz\u00e1s alatt is nyitva lehettek, mivel munkav\u00e9gz\u00e9shez sz\u00fcks\u00e9ges port\u00e9k\u00e1kat \u00e1rultak, de a babkonzerv \u00e9s a szappan sp\u00e1jzol\u00e1sa k\u00f6zepette \u00f3vatoss\u00e1 v\u00e1ltak a v\u00e1s\u00e1rl\u00f3k minden\u00fctt.<\/p>\n<div class=\"ads-in-post1\"><div id=\"gazdasagportal.hu_fullbanner_wideboard\"><\/div>\r\n<\/div>\n<p style=\"font-weight: 400;\">\u00c9s az \u00f3vatoss\u00e1g azt is jelentette, hogy ami dr\u00e1g\u00e1bb &#8211; ez egy j\u00e1rv\u00e1nyt\u00f3l f\u00fcggetlen v\u00e1s\u00e1rl\u00e1si szok\u00e1s, de a koronav\u00edrus r\u00e1tett erre egy j\u00f3kora lap\u00e1ttal -, abb\u00f3l visszafogj\u00e1k magukat a kosztp\u00e9nzt \u00e9s az egyebekre jut\u00f3 apan\u00e1zst beoszt\u00f3 h\u00e1ziasszonyok a bev\u00e1s\u00e1rl\u00f3lista \u00f6ssze\u00e1ll\u00edt\u00e1sakor.<\/p>\n<p style=\"font-weight: 400;\">A ny\u00e1ri h\u00f3napokban a pihen\u00e9s \u00e9s a nyaral\u00e1s (m\u00e1r akinek maradt szabads\u00e1ga a digit\u00e1lis tanrend melletti gyerek\u0151rz\u00e9s ut\u00e1n) vitte a p\u00e9nzt, a m\u00e1sodik hull\u00e1m pedig az \u0151szi h\u00f3napokban nyomta r\u00e1 b\u00e9lyeg\u00e9t a k\u00fcty\u0171k v\u00e1s\u00e1rl\u00e1s\u00e1ra.<\/p>\n<p style=\"font-weight: 400;\">\u00c9s a statisztika adatai is arra utalnak, hogy a s\u00falyosabb m\u00e1sodik hull\u00e1m kevesebb boltl\u00e1togat\u00e1sra \u00e9s t\u00f6bb latolgat\u00e1sra k\u00e9nyszer\u00edti a v\u00e1s\u00e1rl\u00f3kat, ami a p\u00e9nzt\u00e1rc\u00e1k nyitogat\u00e1s\u00e1ban is l\u00e1tszik szinte minden boltban.<\/p>\n<p style=\"font-weight: 400;\">A nagyobb \u00e9rt\u00e9k\u0171 m\u0171szaki cikkek v\u00e1s\u00e1rl\u00e1s\u00e1nak visszafog\u00e1sa a csal\u00e1di k\u00f6ltekez\u00e9sben kit\u0171nik a boltos statisztik\u00e1ban is. Igaz, itt \u00f6sszevonva \u00f6sszegezik a m\u0171szaki cikkeket a b\u00fatorokkal (most nem tudunk mit tenni, ilyen a statisztika), \u00e9s a legut\u00f3bbi h\u00f3napok adatai ebben a viszonylatban is j\u00f3kora visszaes\u00e9st mutatnak.<\/p>\n<p style=\"font-weight: 400;\">Pedig az esztend\u0151 j\u00f3l indult, 6-10%-os n\u00f6veked\u00e9sekkel, de az \u00e1prilisi m\u00e9lypont a kij\u00e1r\u00e1si korl\u00e1toz\u00e1s alatti nyitvatart\u00e1s mellett is k\u00f6zel negyed\u00e9vel kisebb piacot hozott. J\u00faliusban ugyan volt egy 9%-os ugr\u00e1s, de a ny\u00e1ri h\u00f3napok, augusztus \u00e9s szeptember nagys\u00e1grendj\u00e9t tekintve 10-15%-os es\u00e9ssel z\u00e1rtak.<\/p>\n<p style=\"font-weight: 400;\"><strong>Ketyer\u00e9k: pedig mobilra k\u00f6lten\u00e9nk a legt\u00f6bbet<\/strong><\/p>\n<p style=\"font-weight: 400;\">A kor\u00e1bbi \u00e9vekben, \u00edgy 2019-ben 445 milli\u00e1rd forintot k\u00f6lt\u00f6tt\u00fcnk el k\u00fcl\u00f6nf\u00e9le informatikai, h\u00edrad\u00e1stechnikai cikkekre, a legnagyobb szelete pedig ennek a piacnak a mobiltelefon volt, 164 milli\u00e1rd forinttal. Egy \u00e9vvel kor\u00e1bban 404 milli\u00e1rd forintot sz\u00f3rtunk el ketyer\u00e9kre, ami 10%-os n\u00f6veked\u00e9st takart. Ennek a fel\u00e9t egy\u00e9bk\u00e9nt a mobiltelefonok hozt\u00e1k.<\/p>\n<p style=\"font-weight: 400;\">K\u00fcty\u0171t persze nem csak a m\u0171szaki \u00e1ruh\u00e1zakban lehet v\u00e1s\u00e1rolni, nem is csak a weben, hiszen a szupermarketek, a picurka szakboltok, vagy \u00e9ppen m\u00e9g egyes diszkontok is k\u00edn\u00e1lnak bel\u0151le id\u0151nk\u00e9nt.<\/p>\n<p style=\"font-weight: 400;\">2020 els\u0151 fel\u00e9ben a m\u00e1r eml\u00edtett home office \u00e9s a digit\u00e1lis tanrend is megtette ugyan a mag\u00e1\u00e9t, \u00e9s a kor\u00e1bbi \u00e9vekhez hasonl\u00f3an a mobiltelefonok v\u00e1s\u00e1rl\u00e1sa b\u0151v\u00fclt a leggyorsabban. T\u00f6bbet k\u00f6lt\u00fcnk r\u00e1ad\u00e1sul mobiltelefonra, mint sz\u00e1m\u00edt\u00f3g\u00e9pre, vagy h\u00edrad\u00e1stechnikai term\u00e9kekre.<\/p>\n<p style=\"font-weight: 400;\">A j\u00e1rv\u00e1nyhelyzet is feldobta a mobilv\u00e1s\u00e1rl\u00e1sokat is, b\u0151 negyed\u00e9vel t\u00f6bbet k\u00f6lt\u00f6tt\u00fcnk r\u00e1, mint kor\u00e1bban m\u00e1r els\u0151 negyed\u00e9vben. Ez \u00e9rthet\u0151 is, hiszen techoldalr\u00f3l az okosmobil csaknem mindent tud, r\u00e1ad\u00e1sul szerepe a kapcsolattart\u00e1sban &#8211; k\u00fcl\u00f6n\u00f6sen egy s\u00falyos j\u00e1rv\u00e1nyid\u0151szakban, vagy \u00e9ppen a kij\u00e1r\u00e1si korl\u00e1toz\u00e1s k\u00f6zepette &#8211; sok magyar\u00e1zgat\u00e1st nem ig\u00e9nyel.<\/p>\n<div class=\"ads-in-post1\"><div id=\"gazdasagportal.hu_fullbanner_wideboard\"><\/div>\r\n<\/div>\n<p style=\"font-weight: 400;\">\u00c9s a v\u00e1s\u00e1rl\u00f3k \u00fagy t\u0171nik, nem is sajn\u00e1lt\u00e1k r\u00e1 a p\u00e9nzt, mik\u00f6zben a sz\u00e1m\u00edt\u00f3g\u00e9pek, laptopok, valamint a h\u00edrad\u00e1stechnikai eszk\u00f6z\u00f6k v\u00e1s\u00e1rl\u00e1sa csak szer\u00e9nyebb ar\u00e1nyban emelkedett:<\/p>\n<table style=\"font-weight: 400;\" width=\"247\">\n<tbody>\n<tr>\n<td rowspan=\"2\" width=\"247\"><strong>\u00a0<\/strong><\/td>\n<td colspan=\"3\" width=\"158\"><strong>2019<\/strong><\/td>\n<td colspan=\"3\" width=\"92\"><strong>2020<\/strong><\/td>\n<\/tr>\n<tr>\n<td width=\"42\"><strong>I.<\/strong><\/td>\n<td width=\"42\"><strong>II.<\/strong><\/td>\n<td width=\"74\"><strong>f\u00e9l\u00e9v<\/strong><\/td>\n<td width=\"40\"><strong>I.<\/strong><\/td>\n<td width=\"42\"><strong>II.<\/strong><\/td>\n<td width=\"10\"><strong>f\u00e9l\u00e9v<\/strong><\/td>\n<\/tr>\n<tr>\n<td width=\"247\"><strong>mobil<\/strong><\/td>\n<td width=\"42\"><strong>32<\/strong><\/td>\n<td width=\"42\"><strong>36<\/strong><\/td>\n<td width=\"74\"><strong>68<\/strong><\/td>\n<td width=\"40\"><strong>41<\/strong><\/td>\n<td width=\"42\"><strong>46<\/strong><\/td>\n<td width=\"10\"><strong>87<\/strong><\/td>\n<\/tr>\n<tr>\n<td width=\"247\"><strong>h\u00edrad\u00e1stechnika<\/strong><\/td>\n<td width=\"42\"><strong>21<\/strong><\/td>\n<td width=\"42\"><strong>20<\/strong><\/td>\n<td width=\"74\"><strong>41<\/strong><\/td>\n<td width=\"40\"><strong>23<\/strong><\/td>\n<td width=\"42\"><strong>20<\/strong><\/td>\n<td width=\"10\"><strong>43<\/strong><\/td>\n<\/tr>\n<tr>\n<td width=\"247\"><strong>informatika<\/strong><\/td>\n<td width=\"42\"><strong>28<\/strong><\/td>\n<td width=\"42\"><strong>26<\/strong><\/td>\n<td width=\"74\"><strong>54<\/strong><\/td>\n<td width=\"40\"><strong>31<\/strong><\/td>\n<td width=\"42\"><strong>31<\/strong><\/td>\n<td width=\"10\"><strong>43<\/strong><\/td>\n<\/tr>\n<tr>\n<td width=\"247\"><strong>fot\u00f3, optika<\/strong><\/td>\n<td width=\"42\"><strong>12<\/strong><\/td>\n<td width=\"42\"><strong>14<\/strong><\/td>\n<td width=\"74\"><strong>26<\/strong><\/td>\n<td width=\"40\"><strong>13<\/strong><\/td>\n<td width=\"42\"><strong>8<\/strong><\/td>\n<td width=\"10\"><strong>21<\/strong><\/td>\n<\/tr>\n<tr>\n<td colspan=\"7\" width=\"497\">KSH,\u00a0els\u0151, m\u00e1sodik negyed\u00e9vek,\u00a0els\u0151 f\u00e9l\u00e9ves adatok,\u00a0<strong>\u00e9rt\u00e9k: milli\u00e1rd forint<\/strong>, foly\u00f3\u00e1r<\/td>\n<\/tr>\n<\/tbody>\n<\/table>\n<p style=\"font-weight: 400;\"><strong>A weben sem olyan r\u00f3zs\u00e1s a ketyerepiac<\/strong><\/p>\n<p style=\"font-weight: 400;\">Jelzi ezt a t\u00f6m\u00e9ntelen akci\u00f3 az \u0151szi h\u00f3napokban, de a statisztika is s\u00fag valamit.<\/p>\n<p style=\"font-weight: 400;\">A web\u00e1ruh\u00e1zak forgalma akkor ugrott nagyot, amikor a t\u00f6bbi bolt \u00e1prilisban \u00e9s m\u00e1jus els\u0151 fel\u00e9ben z\u00e1rva volt. De j\u00faliusban \u00e9s augusztusban m\u00e1r f\u00e9kezett a piac, a b\u0151v\u00fcl\u00e9s m\u00e9rt\u00e9ke &#8222;csak&#8221; 20-25% k\u00f6z\u00f6tt volt. Ez m\u00e9g kisebb is r\u00e1ad\u00e1sul az el\u0151z\u0151 \u00e9vin\u00e9l.<\/p>\n<p style=\"font-weight: 400;\">Az els\u0151 nyolc h\u00f3nap web\u00e1ruh\u00e1zi n\u00f6veked\u00e9se persze tekint\u00e9lyes, 40% k\u00f6r\u00fcli, de nagys\u00e1grendj\u00e9t n\u00e9zve ez \u00f6sszess\u00e9g\u00e9ben nem nagyobb megugr\u00e1s az el\u0151z\u0151 \u00e9vin\u00e9l. \u00c9s p\u00e9nz\u00fcnk 90%-\u00e1t \u00edgy is a hagyom\u00e1nyos boltokban k\u00f6ltj\u00fck.<\/p>\n<div class=\"ads-in-post1\"><div id=\"gazdasagportal.hu_fullbanner_wideboard\"><\/div>\r\n<\/div>\n<p style=\"font-weight: 400;\">Az el\u0151rejelz\u00e9sek is \u00f3vatoss\u00e1got t\u00fckr\u00f6znek a v\u00e1s\u00e1rl\u00e1si szok\u00e1sokban, k\u00f6ltekez\u00e9sben, a j\u00e1rv\u00e1ny pedig felfel\u00e9 fut m\u00e9g. \u00c9s ma nem tudni, pontosan meddig. Ez a bizonytalans\u00e1g r\u00e1nyomja b\u00e9lyeg\u00e9t a ketyer\u00e9k k\u00f6ltekez\u00e9s\u00e9re is, de mivel ezek ott voltak a kor\u00e1bbi \u00e9vek legn\u00e9pszer\u0171bb aj\u00e1nd\u00e9kai k\u00f6z\u00f6tt is, a Black Friday \u00e9s a kar\u00e1csonyi aj\u00e1nd\u00e9kv\u00e1s\u00e1rl\u00e1sban is lehetnek majd nyomai a v\u00e1s\u00e1rl\u00f3k eddigi \u00f3vatoss\u00e1g\u00e1nak is.<\/p>\n<p style=\"font-weight: 400;\">(<a href=\"http:\/\/blokkk.com\/\" data-saferedirecturl=\"https:\/\/www.google.com\/url?q=http:\/\/blokkk.com&amp;source=gmail&amp;ust=1603783007122000&amp;usg=AFQjCNGshhbZ8aC5BiIczdiUw4XVl-RYEA\" target=\"_blank\" rel=\"noopener\">blokkk.com<\/a>)<\/p>\n","protected":false},"excerpt":{"rendered":"<p>Nem megy a k\u00fcty\u00fcbaz\u00e1r. Informatikai, h\u00edrad\u00e1stechnikai cikkekb\u0151l 30%-kal esett a piac a hagyom\u00e1nyos boltokban a ny\u00e1ri \u00e9s az \u0151szi h\u00f3napokban. A j\u00e1rv\u00e1ny itt is form\u00e1zott egyet a v\u00e1s\u00e1rl\u00e1si szok\u00e1sokon, pedig ez az egyik legkedveltebb v\u00e1s\u00e1rl\u00f3t\u00e9r. A mobil az h\u00fazhat rajta m\u00e9g, de itt is minden j\u00e1rv\u00e1nyf\u00fcgg\u0151.<\/p>\n","protected":false},"author":1,"featured_media":0,"comment_status":"closed","ping_status":"open","sticky":false,"template":"","format":"standard","meta":[],"categories":[19],"tags":[],"_links":{"self":[{"href":"https:\/\/gazdasagportal.hu\/index.php\/wp-json\/wp\/v2\/posts\/130669"}],"collection":[{"href":"https:\/\/gazdasagportal.hu\/index.php\/wp-json\/wp\/v2\/posts"}],"about":[{"href":"https:\/\/gazdasagportal.hu\/index.php\/wp-json\/wp\/v2\/types\/post"}],"author":[{"embeddable":true,"href":"https:\/\/gazdasagportal.hu\/index.php\/wp-json\/wp\/v2\/users\/1"}],"replies":[{"embeddable":true,"href":"https:\/\/gazdasagportal.hu\/index.php\/wp-json\/wp\/v2\/comments?post=130669"}],"version-history":[{"count":1,"href":"https:\/\/gazdasagportal.hu\/index.php\/wp-json\/wp\/v2\/posts\/130669\/revisions"}],"predecessor-version":[{"id":130670,"href":"https:\/\/gazdasagportal.hu\/index.php\/wp-json\/wp\/v2\/posts\/130669\/revisions\/130670"}],"wp:attachment":[{"href":"https:\/\/gazdasagportal.hu\/index.php\/wp-json\/wp\/v2\/media?parent=130669"}],"wp:term":[{"taxonomy":"category","embeddable":true,"href":"https:\/\/gazdasagportal.hu\/index.php\/wp-json\/wp\/v2\/categories?post=130669"},{"taxonomy":"post_tag","embeddable":true,"href":"https:\/\/gazdasagportal.hu\/index.php\/wp-json\/wp\/v2\/tags?post=130669"}],"curies":[{"name":"wp","href":"https:\/\/api.w.org\/{rel}","templated":true}]}}