{"id":130649,"date":"2020-10-26T05:04:26","date_gmt":"2020-10-26T04:04:26","guid":{"rendered":"http:\/\/gazdasagportal.hu\/?p=130649"},"modified":"2020-10-25T20:45:22","modified_gmt":"2020-10-25T19:45:22","slug":"jellemzoen-borus-lesz-az-ido-oktober-utolso-heteben","status":"publish","type":"post","link":"https:\/\/gazdasagportal.hu\/index.php\/jellemzoen-borus-lesz-az-ido-oktober-utolso-heteben\/","title":{"rendered":"Jellemz\u0151en bor\u00fas lesz az id\u0151 okt\u00f3ber utols\u00f3 het\u00e9ben"},"content":{"rendered":"<p><strong>Jellemz\u0151en bor\u00fas, t\u00f6bbsz\u00f6r k\u00f6d\u00f6s, p\u00e1r\u00e1s lesz az id\u0151 okt\u00f3ber utols\u00f3 het\u00e9ben, de az\u00e9rt naps\u00fct\u00e9s is v\u00e1rhat\u00f3 &#8211; der\u00fcl ki az Orsz\u00e1gos Meteorol\u00f3giai Szolg\u00e1lat orsz\u00e1gos, k\u00f6z\u00e9pt\u00e1v\u00fa el\u0151rejelz\u00e9s\u00e9b\u0151l, amelyet vas\u00e1rnap juttattak el az MTI-hez.<\/strong><!--more--><\/p>\n<div class=\"ads-in-post1\"><div id=\"gazdasagportal.hu_fullbanner_wideboard\"><\/div>\r\n<\/div>\n<p>    H\u00e9tf\u0151n d\u00e9l, d\u00e9lnyugat fel\u0151l fokozatosan cs\u00f6kken a felh\u0151zet, javulnak a l\u00e1t\u00e1si viszonyok, ugyanakkor az \u00c9szak-Alf\u00f6ld\u00f6n, az \u00c9szaki-k\u00f6z\u00e9phegys\u00e9gben \u00e9s Budapest t\u00e9rs\u00e9g\u00e9ben eg\u00e9sz nap borult, p\u00e1r\u00e1s, foltokban k\u00f6d\u00f6s id\u0151re van kil\u00e1t\u00e1s. A Dun\u00e1t\u00f3l keletre m\u00e9rs\u00e9kelt lesz a l\u00e9gmozg\u00e1s, m\u00edg a Dun\u00e1nt\u00falon meg\u00e9l\u00e9nk\u00fcl, a Kisalf\u00f6ld\u00f6n \u00e9s az Alpokalja t\u00e9rs\u00e9g\u00e9ben meger\u0151s\u00f6dik, olykor vihaross\u00e1 fokoz\u00f3dik a sz\u00e9l. A leghidegebb \u00f3r\u00e1kban 6-12 fok lesz. Napk\u00f6zben t\u00f6bbnyire 16-20 fokig melegszik fel a leveg\u0151, de a tart\u00f3san borult t\u00e1jakon csak 13-15 fok lesz.<br \/>\n    Kedden reggelre helyenk\u00e9nt k\u00f6d k\u00e9pz\u0151dhet. Napk\u00f6zben az orsz\u00e1g nagy r\u00e9sz\u00e9n napos id\u0151 v\u00e1rhat\u00f3, de f\u0151k\u00e9nt a Nyugat-Dun\u00e1nt\u00falon elsz\u00f3rtan el\u0151fordulhat es\u0151, z\u00e1pores\u0151. A minimumh\u0151m\u00e9rs\u00e9klet 4 \u00e9s 10, a maximumh\u0151m\u00e9rs\u00e9klet \u00e1ltal\u00e1ban 15 \u00e9s 20 fok k\u00f6z\u00f6tt alakul, de az \u00e9szaknyugati hat\u00e1rvid\u00e9ken p\u00e1r fokkal h\u0171v\u00f6sebb lehet.<br \/>\n<div class=\"ads-in-post1\"><div id=\"gazdasagportal.hu_fullbanner_wideboard\"><\/div>\r\n<\/div>\n    Szerd\u00e1n a hajnali p\u00e1ra, k\u00f6d feloszl\u00e1sa ut\u00e1n v\u00e1ltoz\u00f3an felh\u0151s lesz az \u00e9g, de helyenk\u00e9nt tart\u00f3sabban megmarad a k\u00f6d, illetve a r\u00e9tegfelh\u0151zet. Sz\u00e1mottev\u0151 csapad\u00e9kra nem kell sz\u00e1m\u00edtani. A legalacsonyabb h\u0151m\u00e9rs\u00e9klet 4 \u00e9s 10, a legmagasabb h\u0151m\u00e9rs\u00e9klet 13 \u00e9s 19 fok k\u00f6z\u00f6tt val\u00f3sz\u00edn\u0171.<br \/>\n    Cs\u00fct\u00f6rt\u00f6k\u00f6n a hajnali p\u00e1ra, k\u00f6d feloszl\u00e1sa ut\u00e1n v\u00e1ltoz\u00f3an felh\u0151s lesz az \u00e9g, majd nyugat fel\u0151l megn\u00f6vekszik a felh\u0151zet. Helyenk\u00e9nt gyenge es\u0151 is el\u0151fordulhat. A leghidegebb \u00f3r\u00e1kban 2-9 fok lesz. Napk\u00f6zben 12-17 fokig melegszik fel a leveg\u0151.<br \/>\n    P\u00e9nteken t\u00f6bb helyen val\u00f3sz\u00edn\u0171 es\u0151, z\u00e1por, majd a d\u00e9lut\u00e1ni \u00f3r\u00e1kt\u00f3l \u00e9szakkelet fel\u0151l cs\u00f6kken a felh\u0151zet. Sok helyen meg\u00e9l\u00e9nk\u00fcl, helyenk\u00e9nt meger\u0151s\u00f6dik a sz\u00e9l. A minimumh\u0151m\u00e9rs\u00e9klet 4 \u00e9s 9, a maximumh\u0151m\u00e9rs\u00e9klet 10 \u00e9s 16 fok k\u00f6z\u00f6tt val\u00f3sz\u00edn\u0171.<br \/>\n    Szombaton eleinte nyugaton m\u00e9g lehet es\u0151, majd megsz\u0171nik a csapad\u00e9k \u00e9s napos id\u0151 v\u00e1rhat\u00f3. A sz\u00e9l t\u00f6bbfel\u00e9 meg\u00e9l\u00e9nk\u00fcl, helyenk\u00e9nt meger\u0151s\u00f6dik. A legalacsonyabb h\u0151m\u00e9rs\u00e9klet 2 \u00e9s 9, a legmagasabb h\u0151m\u00e9rs\u00e9klet 9 \u00e9s 14 fok k\u00f6z\u00f6tt alakul.<br \/>\n<div class=\"ads-in-post1\"><div id=\"gazdasagportal.hu_fullbanner_wideboard\"><\/div>\r\n<\/div>\n    Vas\u00e1rnap, november elsej\u00e9n a hajnali p\u00e1ra, k\u00f6d feloszl\u00e1sa ut\u00e1n v\u00e1ltoz\u00f3an felh\u0151s lesz az \u00e9g, csapad\u00e9k nem val\u00f3sz\u00edn\u0171. A minimumh\u0151m\u00e9rs\u00e9klet m\u00ednusz 1 \u00e9s plusz 4 fok k\u00f6z\u00f6tt val\u00f3sz\u00edn\u0171. A nappali maximumok 10 \u00e9s 16 fok k\u00f6z\u00f6tt alakulnak &#8211; olvashat\u00f3 az el\u0151rejelz\u00e9sben.(MTI)<\/p>\n","protected":false},"excerpt":{"rendered":"<p>Jellemz\u0151en bor\u00fas, t\u00f6bbsz\u00f6r k\u00f6d\u00f6s, p\u00e1r\u00e1s lesz az id\u0151 okt\u00f3ber utols\u00f3 het\u00e9ben, de az\u00e9rt naps\u00fct\u00e9s is v\u00e1rhat\u00f3 &#8211; der\u00fcl ki az Orsz\u00e1gos Meteorol\u00f3giai Szolg\u00e1lat orsz\u00e1gos, k\u00f6z\u00e9pt\u00e1v\u00fa el\u0151rejelz\u00e9s\u00e9b\u0151l, amelyet vas\u00e1rnap juttattak el az MTI-hez.<\/p>\n","protected":false},"author":1001006,"featured_media":0,"comment_status":"closed","ping_status":"open","sticky":false,"template":"","format":"standard","meta":[],"categories":[4],"tags":[],"_links":{"self":[{"href":"https:\/\/gazdasagportal.hu\/index.php\/wp-json\/wp\/v2\/posts\/130649"}],"collection":[{"href":"https:\/\/gazdasagportal.hu\/index.php\/wp-json\/wp\/v2\/posts"}],"about":[{"href":"https:\/\/gazdasagportal.hu\/index.php\/wp-json\/wp\/v2\/types\/post"}],"author":[{"embeddable":true,"href":"https:\/\/gazdasagportal.hu\/index.php\/wp-json\/wp\/v2\/users\/1001006"}],"replies":[{"embeddable":true,"href":"https:\/\/gazdasagportal.hu\/index.php\/wp-json\/wp\/v2\/comments?post=130649"}],"version-history":[{"count":1,"href":"https:\/\/gazdasagportal.hu\/index.php\/wp-json\/wp\/v2\/posts\/130649\/revisions"}],"predecessor-version":[{"id":130650,"href":"https:\/\/gazdasagportal.hu\/index.php\/wp-json\/wp\/v2\/posts\/130649\/revisions\/130650"}],"wp:attachment":[{"href":"https:\/\/gazdasagportal.hu\/index.php\/wp-json\/wp\/v2\/media?parent=130649"}],"wp:term":[{"taxonomy":"category","embeddable":true,"href":"https:\/\/gazdasagportal.hu\/index.php\/wp-json\/wp\/v2\/categories?post=130649"},{"taxonomy":"post_tag","embeddable":true,"href":"https:\/\/gazdasagportal.hu\/index.php\/wp-json\/wp\/v2\/tags?post=130649"}],"curies":[{"name":"wp","href":"https:\/\/api.w.org\/{rel}","templated":true}]}}