{"id":130612,"date":"2020-10-23T14:55:12","date_gmt":"2020-10-23T12:55:12","guid":{"rendered":"http:\/\/gazdasagportal.hu\/?p=130612"},"modified":"2020-10-23T11:46:19","modified_gmt":"2020-10-23T09:46:19","slug":"hszi-csin-ping-kina-vilagszinvonalra-fejleszti-hadserege","status":"publish","type":"post","link":"https:\/\/gazdasagportal.hu\/index.php\/hszi-csin-ping-kina-vilagszinvonalra-fejleszti-hadserege\/","title":{"rendered":"Hszi Csin-ping: K\u00edna vil\u00e1gsz\u00ednvonalra fejleszti hadsereg\u00e9"},"content":{"rendered":"<p><strong>K\u00edn\u00e1nak fel kell gyors\u00edtania katonai moderniz\u00e1ci\u00f3j\u00e1t, hogy miel\u0151bb vil\u00e1gsz\u00ednvonalra fejleszthesse hadsereg\u00e9t &#8211; jelentette ki Hszi Csin-ping k\u00ednai eln\u00f6k p\u00e9nteken, abb\u00f3l az alkalomb\u00f3l, hogy orsz\u00e1ga h\u00e9t \u00e9vtizede csatlakozott a koreai h\u00e1bor\u00fahoz.<\/strong><!--more--><\/p>\n<div class=\"ads-in-post1\"><div id=\"gazdasagportal.hu_fullbanner_wideboard\"><\/div>\r\n<\/div>\n<p>    Besz\u00e9d\u00e9ben hangs\u00falyozta: 1950 \u00e9s 1953 k\u00f6z\u00f6tt K\u00edna az amerikai agresszi\u00f3val szemben ny\u00fajtott seg\u00edt\u0151 kezet Kore\u00e1nak.<br \/>\n    &#8222;Hetven \u00e9vvel ezel\u0151tt az imperialista megsz\u00e1ll\u00f3k az \u00faj K\u00edna k\u00fcsz\u00f6b\u00e9n\u00e9l nyitottak t\u00fczet&#8221; &#8211; fogalmazott, hangs\u00falyozva: K\u00edna h\u00e1bor\u00fat v\u00edvott a h\u00e1bor\u00fa ellen, hogy elej\u00e9t vegye az er\u0151szakos inv\u00e1zi\u00f3nak \u00e9s a gy\u0151zelemmel b\u00e9k\u00e9t, megbecs\u00fcl\u00e9st szerezzen. &#8222;A k\u00ednaiak nem fognak bajt keverni, de nem is f\u00e9lnek t\u0151le, \u00e1lljunk is szemben ak\u00e1rmilyen neh\u00e9zs\u00e9ggel, l\u00e1bunk nem fog megremegni, h\u00e1tunk nem fog meghajlani&#8221; &#8211; sz\u00f6gezte le.<br \/>\n    A k\u00ednai eln\u00f6k feltehet\u0151en az Egyes\u00fclt \u00c1llamokra tett burkolt utal\u00e1st, amikor \u00fagy fogalmazott: &#8222;b\u00e1rmely orsz\u00e1g \u00e9s hadsereg, mindegy milyen er\u0151s is volt egykor&#8221; a nemzetk\u00f6zi k\u00f6z\u00f6ss\u00e9ggel szembe sz\u00e1llva azzal szembes\u00fcl, hogy l\u00e9p\u00e9seit leverik.<br \/>\n    &#8222;A mai vil\u00e1gban egy\u00e1ltal\u00e1n nem m\u0171k\u00f6d\u0151k\u00e9pes semmif\u00e9le unilateralizmus, protekcionizmus \u00e9s a saj\u00e1t \u00e9rdekeket sz\u00e9ls\u0151s\u00e9ges m\u00e9rt\u00e9kben el\u0151t\u00e9rbe helyez\u0151 ideol\u00f3gia, mint ahogyan a zsarol\u00e1s, a blok\u00e1d \u00e9s a sz\u00e9ls\u0151s\u00e9ges nyom\u00e1sgyakorl\u00e1s sem&#8221;.<br \/>\n    Hszi zs\u00e1kutc\u00e1nak nevezte tov\u00e1bb\u00e1 a hegem\u00f3ni\u00e1ra val\u00f3 t\u00f6rekv\u00e9seket \u00e9s a zaklat\u00e1st is, amelyekkel a k\u00ednai f\u00e9l rendszerint megv\u00e1dolja az amerikai vezet\u00e9st.<br \/>\n    A k\u00ednai hadsereg 1950. okt\u00f3ber 25-\u00e9n kezdte meg a beavatkoz\u00e1s\u00e1t a koreai h\u00e1bor\u00faban; az \u00e9szaknyugat-koreai Ondzsongn\u00e1l legy\u0151zte a d\u00e9l-koreai er\u0151ket, majd visszavonul\u00e1sra k\u00e9nyszer\u00edtette az amerikai csapatokat. A h\u00e1bor\u00fa eg\u00e9sze alatt mintegy h\u00e1rommilli\u00f3 k\u00ednai katona vett r\u00e9szt a harcokban, k\u00f6z\u00fcl\u00fck a nyugati forr\u00e1sok 400 ezerre teszik a h\u00e1bor\u00fa \u00e1ldozatainak sz\u00e1m\u00e1t.<br \/>\n<div class=\"ads-in-post1\"><div id=\"gazdasagportal.hu_fullbanner_wideboard\"><\/div>\r\n<\/div>\n    A koreai h\u00e1bor\u00fa volt az egyetlen fegyveres konfliktus K\u00edna \u00e9s az Egyes\u00fclt \u00c1llamok hadereje k\u00f6z\u00f6tt.<br \/>\n    Az ut\u00f3bbi id\u0151szakban egyre t\u00f6bb megfigyel\u0151 \u00e9rt\u00e9kelte \u00fagy, hogy a k\u00e9t orsz\u00e1g k\u00f6z\u00f6tt n\u0151 a fegyveres konfliktus kock\u00e1zata, mivel Washington \u00e9s Peking viszonya fokozatosan romlik egy sor vit\u00e1s k\u00e9rd\u00e9s, egyebek mellett a koronav\u00edrus-j\u00e1rv\u00e1ny, a k\u00e9toldali kereskedelem, Hongkong, Tajvan, K\u00edna d\u00e9l-k\u00ednai tengeri ter\u00fcleti k\u00f6vetel\u00e9sei, valamint a tibeti \u00e9s hszincsiangi emberi jogi k\u00e9rd\u00e9sek miatt.<br \/>\n    A katonai \u00f6sszecsap\u00e1s azonban egyik f\u00e9lnek sem \u00e1llna \u00e9rdek\u00e9ben, a k\u00ednai nyilatkozatok pedig rendre azt hangs\u00falyozz\u00e1k, hogy Peking nem kezdem\u00e9nyezne fegyveres konfliktust, \u00e1m nem is h\u00e1tr\u00e1lna meg, ha erre ker\u00fclne sor.(MTI)<\/p>\n","protected":false},"excerpt":{"rendered":"<p>K\u00edn\u00e1nak fel kell gyors\u00edtania katonai moderniz\u00e1ci\u00f3j\u00e1t, hogy miel\u0151bb vil\u00e1gsz\u00ednvonalra fejleszthesse hadsereg\u00e9t &#8211; jelentette ki Hszi Csin-ping k\u00ednai eln\u00f6k p\u00e9nteken, abb\u00f3l az alkalomb\u00f3l, hogy orsz\u00e1ga h\u00e9t \u00e9vtizede csatlakozott a koreai h\u00e1bor\u00fahoz.<\/p>\n","protected":false},"author":1001006,"featured_media":0,"comment_status":"closed","ping_status":"open","sticky":false,"template":"","format":"standard","meta":[],"categories":[14],"tags":[],"_links":{"self":[{"href":"https:\/\/gazdasagportal.hu\/index.php\/wp-json\/wp\/v2\/posts\/130612"}],"collection":[{"href":"https:\/\/gazdasagportal.hu\/index.php\/wp-json\/wp\/v2\/posts"}],"about":[{"href":"https:\/\/gazdasagportal.hu\/index.php\/wp-json\/wp\/v2\/types\/post"}],"author":[{"embeddable":true,"href":"https:\/\/gazdasagportal.hu\/index.php\/wp-json\/wp\/v2\/users\/1001006"}],"replies":[{"embeddable":true,"href":"https:\/\/gazdasagportal.hu\/index.php\/wp-json\/wp\/v2\/comments?post=130612"}],"version-history":[{"count":1,"href":"https:\/\/gazdasagportal.hu\/index.php\/wp-json\/wp\/v2\/posts\/130612\/revisions"}],"predecessor-version":[{"id":130613,"href":"https:\/\/gazdasagportal.hu\/index.php\/wp-json\/wp\/v2\/posts\/130612\/revisions\/130613"}],"wp:attachment":[{"href":"https:\/\/gazdasagportal.hu\/index.php\/wp-json\/wp\/v2\/media?parent=130612"}],"wp:term":[{"taxonomy":"category","embeddable":true,"href":"https:\/\/gazdasagportal.hu\/index.php\/wp-json\/wp\/v2\/categories?post=130612"},{"taxonomy":"post_tag","embeddable":true,"href":"https:\/\/gazdasagportal.hu\/index.php\/wp-json\/wp\/v2\/tags?post=130612"}],"curies":[{"name":"wp","href":"https:\/\/api.w.org\/{rel}","templated":true}]}}