{"id":13061,"date":"2013-08-05T13:41:32","date_gmt":"2013-08-05T11:41:32","guid":{"rendered":"http:\/\/stockportal.hu\/?p=13061"},"modified":"2013-08-05T13:41:32","modified_gmt":"2013-08-05T11:41:32","slug":"csokkent-a-kiskereskedelmi-forgalom-az-eu-ban","status":"publish","type":"post","link":"https:\/\/gazdasagportal.hu\/index.php\/csokkent-a-kiskereskedelmi-forgalom-az-eu-ban\/","title":{"rendered":"Cs\u00f6kkent a kiskereskedelmi forgalom az EU-ban"},"content":{"rendered":"<p><strong>Az eur\u00f3\u00f6vezetben 0,5 sz\u00e1zal\u00e9kkal, az Eur\u00f3pai Uni\u00f3 eg\u00e9sz\u00e9ben 0,3 sz\u00e1zal\u00e9kkal cs\u00f6kkent a kiskereskedelmi forgalom j\u00faniusban az el\u0151z\u0151 h\u00f3naphoz k\u00e9pest &#8211; k\u00f6z\u00f6lte h\u00e9tf\u0151n az Eurostat, az uni\u00f3 statisztikai hivatala els\u0151 becsl\u00e9s\u00e9ben.<!--more--><\/strong><\/p>\n<p>M\u00e1jusban az eur\u00f3\u00f6vezetben napt\u00e1rhat\u00e1st\u00f3l megtiszt\u00edtva m\u00e9g 1,1 sz\u00e1zal\u00e9kos, az EU 27 tag\u00e1llam\u00e1ban pedig 1,3 sz\u00e1zal\u00e9kos n\u00f6veked\u00e9st regisztr\u00e1ltak.<br \/>\nA m\u00falt \u00e9v hatodik h\u00f3napj\u00e1val \u00f6sszevetve az eur\u00f3z\u00f3n\u00e1ban 0,9 sz\u00e1zal\u00e9kkal cs\u00f6kkent, az uni\u00f3 eg\u00e9sz\u00e9ben 0,1 sz\u00e1zal\u00e9kkal n\u0151tt a kiskereskedelmi forgalom.<br \/>\nAz adatot szolg\u00e1ltat\u00f3 tag\u00e1llamok k\u00f6z\u00fcl 11-ben cs\u00f6kkent \u00e9s 10-ben b\u0151v\u00fclt a forgalom.<br \/>\nM\u00e1jushoz k\u00e9pest a legnagyobb cs\u00f6kken\u00e9st, 3,3 sz\u00e1zal\u00e9kot \u00c9sztorsz\u00e1gb\u00f3l jelentett\u00e9k, a legnagyobb n\u00f6veked\u00e9st, 1,8 sz\u00e1zal\u00e9kot pedig M\u00e1lt\u00e1r\u00f3l.<br \/>\nTavaly j\u00faniussal \u00f6sszehasonl\u00edtva a legnagyobb m\u00e9rt\u00e9kben, 6,9 sz\u00e1zal\u00e9kkal Spanyolorsz\u00e1gban esett vissza a kiskereskedelmi forgalom, majd Szlov\u00e9nia (-3,6 sz\u00e1zal\u00e9k) \u00e9s Rom\u00e1nia (-3,1 sz\u00e1zal\u00e9k) k\u00f6vetkezik.<br \/>\nA legnagyobb n\u00f6veked\u00e9st Luxemburgban mutatt\u00e1k ki, ahol 27,5 sz\u00e1zal\u00e9kkal sz\u00f6k\u00f6tt fel a forgalom, megel\u0151zve Litv\u00e1ni\u00e1t (+6,7 sz\u00e1zal\u00e9k) \u00e9s Lengyelorsz\u00e1got (+5,5 sz\u00e1zal\u00e9k).<br \/>\nAz Eurostat kimutat\u00e1sa szerint Magyarorsz\u00e1gon j\u00faniusban az el\u0151z\u0151 h\u00f3naphoz k\u00e9pest 1,9 sz\u00e1zal\u00e9kkal, tavaly j\u00faniushoz k\u00e9pest pedig 0,4 sz\u00e1zal\u00e9kkal cs\u00f6kkent a kiskereskedelmi forgalom volumene. Az ut\u00f3bbi adat megegyezik a KSH h\u00e9tf\u0151i els\u0151 gyorsbecsl\u00e9s\u00e9ben k\u00f6z\u00f6lt, napt\u00e1rhat\u00e1st\u00f3l megtiszt\u00edtott adattal.(MTI)<\/p>\n","protected":false},"excerpt":{"rendered":"<p>Az eur\u00f3\u00f6vezetben 0,5 sz\u00e1zal\u00e9kkal, az Eur\u00f3pai Uni\u00f3 eg\u00e9sz\u00e9ben 0,3 sz\u00e1zal\u00e9kkal cs\u00f6kkent a kiskereskedelmi forgalom j\u00faniusban az el\u0151z\u0151 h\u00f3naphoz k\u00e9pest &#8211; k\u00f6z\u00f6lte h\u00e9tf\u0151n az Eurostat, az uni\u00f3 statisztikai hivatala els\u0151 becsl\u00e9s\u00e9ben.<\/p>\n","protected":false},"author":1,"featured_media":0,"comment_status":"open","ping_status":"closed","sticky":false,"template":"","format":"standard","meta":[],"categories":[12],"tags":[],"_links":{"self":[{"href":"https:\/\/gazdasagportal.hu\/index.php\/wp-json\/wp\/v2\/posts\/13061"}],"collection":[{"href":"https:\/\/gazdasagportal.hu\/index.php\/wp-json\/wp\/v2\/posts"}],"about":[{"href":"https:\/\/gazdasagportal.hu\/index.php\/wp-json\/wp\/v2\/types\/post"}],"author":[{"embeddable":true,"href":"https:\/\/gazdasagportal.hu\/index.php\/wp-json\/wp\/v2\/users\/1"}],"replies":[{"embeddable":true,"href":"https:\/\/gazdasagportal.hu\/index.php\/wp-json\/wp\/v2\/comments?post=13061"}],"version-history":[{"count":2,"href":"https:\/\/gazdasagportal.hu\/index.php\/wp-json\/wp\/v2\/posts\/13061\/revisions"}],"predecessor-version":[{"id":13063,"href":"https:\/\/gazdasagportal.hu\/index.php\/wp-json\/wp\/v2\/posts\/13061\/revisions\/13063"}],"wp:attachment":[{"href":"https:\/\/gazdasagportal.hu\/index.php\/wp-json\/wp\/v2\/media?parent=13061"}],"wp:term":[{"taxonomy":"category","embeddable":true,"href":"https:\/\/gazdasagportal.hu\/index.php\/wp-json\/wp\/v2\/categories?post=13061"},{"taxonomy":"post_tag","embeddable":true,"href":"https:\/\/gazdasagportal.hu\/index.php\/wp-json\/wp\/v2\/tags?post=13061"}],"curies":[{"name":"wp","href":"https:\/\/api.w.org\/{rel}","templated":true}]}}