{"id":130606,"date":"2020-10-23T11:17:09","date_gmt":"2020-10-23T09:17:09","guid":{"rendered":"http:\/\/gazdasagportal.hu\/?p=130606"},"modified":"2020-10-23T11:17:09","modified_gmt":"2020-10-23T09:17:09","slug":"meghalt-47-beteg-2066-tal-nott-a-fertozottek-szama-magyarorszagon","status":"publish","type":"post","link":"https:\/\/gazdasagportal.hu\/index.php\/meghalt-47-beteg-2066-tal-nott-a-fertozottek-szama-magyarorszagon\/","title":{"rendered":"Meghalt 47 beteg, 2066-tal n\u0151tt a fert\u0151z\u00f6ttek sz\u00e1ma Magyarorsz\u00e1gon"},"content":{"rendered":"<p><strong>Elhunyt negyvenh\u00e9t, t\u00f6bbs\u00e9g\u00e9ben id\u0151s, kr\u00f3nikus beteg, \u00e9s \u00fajabb 2066 magyar \u00e1llampolg\u00e1rn\u00e1l mutatt\u00e1k ki a koronav\u00edrus-fert\u0151z\u00e9st &#8211; k\u00f6z\u00f6lte a koronavirus.gov.hu p\u00e9nteken.<\/strong><!--more--><\/p>\n<div class=\"ads-in-post1\"><div id=\"gazdasagportal.hu_fullbanner_wideboard\"><\/div>\r\n<\/div>\n<p>    A korm\u00e1nyzati port\u00e1lon azt \u00edrt\u00e1k: 54 278-ra n\u0151tt a Magyarorsz\u00e1gon azonos\u00edtott fert\u0151z\u00f6ttek sz\u00e1ma. Az elhunytak sz\u00e1ma 1352-re emelkedett, 15 655-en m\u00e1r meggy\u00f3gyultak.<br \/>\n    Az akt\u00edv fert\u0151z\u00f6ttek sz\u00e1ma 37 272. Az akt\u00edv fert\u0151z\u00f6ttek 29 sz\u00e1zal\u00e9ka, az elhunytak 38 sz\u00e1zal\u00e9ka, a gy\u00f3gyultak 30 sz\u00e1zal\u00e9ka budapesti. 2209 koronav\u00edrusos beteget \u00e1polnak k\u00f3rh\u00e1zban, k\u00f6z\u00fcl\u00fck k\u00e9tsz\u00e1zan vannak l\u00e9legeztet\u0151g\u00e9pen.<br \/>\n    Hat\u00f3s\u00e1gi h\u00e1zi karant\u00e9nban 28 261-en vannak, a mintav\u00e9telek sz\u00e1ma 949 470.<br \/>\n    Kiemelt\u00e9k: a j\u00e1rv\u00e1ny m\u00e1sodik hull\u00e1ma zajlik Magyarorsz\u00e1gon, n\u0151 a fert\u0151z\u00f6ttek, a k\u00f3rh\u00e1zban kezeltek \u00e9s az elhunytak sz\u00e1ma. A korm\u00e1ny c\u00e9lja tov\u00e1bbra is az, hogy az eg\u00e9szs\u00e9g\u00fcgyi v\u00e9dekez\u00e9s mellett az orsz\u00e1g m\u0171k\u00f6d\u0151k\u00e9pess\u00e9g\u00e9t is megtartsa, \u00e9s ne hagyja, hogy a v\u00edrus megb\u00e9n\u00edtsa a mindennapokat, ehhez azonban az \u00e1ltal\u00e1nos \u00f3vint\u00e9zked\u00e9sek betart\u00e1s\u00e1ra van sz\u00fcks\u00e9g.<br \/>\n    Felh\u00edvt\u00e1k a figyelmet arra, hogy a korm\u00e1ny cs\u00fct\u00f6rt\u00f6k\u00f6n k\u00f6zz\u00e9tett rendelete alapj\u00e1n p\u00e9ntekt\u0151l a szabadt\u00e9ri rendezv\u00e9nyeken \u00e9s a sportrendezv\u00e9nyeken is k\u00f6telez\u0151 a maszkvisel\u00e9s. A sportrendezv\u00e9nyeken nem kell maszkot viselni\u00fck a sportol\u00f3knak, az edz\u0151knek, a m\u00e9rk\u0151z\u00e9svezet\u0151nek, a versenyb\u00edr\u00f3nak \u00e9s a seg\u00edt\u0151inek, a gy\u0171l\u00e9sen felsz\u00f3lal\u00f3 pedig a felsz\u00f3lal\u00e1s idej\u00e9re leveheti a maszkot. A szervez\u0151 k\u00f6teles felsz\u00f3l\u00edtani a helysz\u00edn elhagy\u00e1s\u00e1ra azt, aki a sportrendezv\u00e9ny vagy a gy\u0171l\u00e9s szervez\u0151j\u00e9nek felsz\u00f3l\u00edt\u00e1sa ellen\u00e9re sem visel maszkot.<br \/>\n    Emellett tov\u00e1bbra is k\u00f6telez\u0151 a maszk haszn\u00e1lata az \u00fczletekben, a t\u00f6megk\u00f6zleked\u00e9si eszk\u00f6z\u00f6k\u00f6n, a mozikban, a sz\u00ednh\u00e1zakban, a bev\u00e1s\u00e1rl\u00f3k\u00f6zpontok ter\u00fclet\u00e9n, az eg\u00e9szs\u00e9g\u00fcgyi \u00e9s szoci\u00e1lis int\u00e9zm\u00e9nyekben, valamint az \u00fcgyf\u00e9lfogad\u00e1si irod\u00e1kban. Este 11 \u00f3ra ut\u00e1n a vend\u00e9gl\u00e1t\u00f3helyeket \u00e9s sz\u00f3rakoz\u00f3helyeket be kell z\u00e1rni &#8211; \u00edrt\u00e1k.<br \/>\n    Az iskol\u00e1kban elkezd\u0151d\u00f6tt az \u0151szi sz\u00fcnet, amely alatt az int\u00e9zm\u00e9nyekben fert\u0151tlen\u00edt\u0151 nagytakar\u00edt\u00e1st v\u00e9geznek. Fontos, hogy beteg, t\u00fcnetes gyermek ne menjen a nagysz\u00fcl\u0151kh\u00f6z \u00e9s olyan szabadid\u0151s programra, ahol z\u00e1rt t\u00e9rben sokan vannak &#8211; hangs\u00falyozt\u00e1k.<br \/>\n    A v\u00edrus k\u00f6z\u00f6ss\u00e9gi terjed\u00e9s\u00e9nek f\u00e9kez\u00e9s\u00e9\u00e9rt tov\u00e1bbra is azt k\u00e9rik az emberekt\u0151l, ker\u00fclj\u00e9k azokat a helyeket, ahol z\u00e1rt t\u00e9rben sokan vannak, lehet\u0151leg tarts\u00e1k a szoci\u00e1lis t\u00e1vols\u00e1got, gyakran \u00e9s alaposan mossanak kezet. Akin\u00e9l hat\u00f3s\u00e1gi h\u00e1zi karant\u00e9nt rendeltek el, szigor\u00faan tartsa be. Akinek t\u00fcnetei vannak, ne menjen k\u00f6z\u00f6ss\u00e9gbe, maradjon otthon \u00e9s telefonon \u00e9rtes\u00edtse h\u00e1ziorvos\u00e1t.<br \/>\n<div class=\"ads-in-post1\"><div id=\"gazdasagportal.hu_fullbanner_wideboard\"><\/div>\r\n<\/div>\n    Kiemelten fontos az id\u0151sek \u00e9s a kr\u00f3nikus betegek v\u00e9delme. Az id\u0151seket is k\u00e9rik, hogy fokozottan figyeljenek magukra \u00e9s az \u00e1ltal\u00e1nos \u00f3vint\u00e9zked\u00e9sek betart\u00e1s\u00e1ra. A k\u00f3rh\u00e1zakban \u00e9s az id\u0151sotthonokban l\u00e1togat\u00e1si tilalom van \u00e9rv\u00e9nyben. Az id\u0151sotthonok fenntart\u00f3inak mindent meg kell tenni\u00fck a fert\u0151z\u00e9sek elker\u00fcl\u00e9s\u00e9\u00e9rt. Ha egy szoci\u00e1lis int\u00e9zm\u00e9nyben vagy m\u00e1s k\u00f6z\u00f6ss\u00e9gben g\u00f3cpont alakul ki, a j\u00e1rv\u00e1ny\u00fcgyi bevet\u00e9si egys\u00e9g megteszi a sz\u00fcks\u00e9ges int\u00e9zked\u00e9seket &#8211; hangs\u00falyozt\u00e1k.<br \/>\n    K\u00f6z\u00f6lt\u00e9k azt is, hogy a korm\u00e1ny &#8211; az eg\u00e9szs\u00e9g\u00fcgyi v\u00e9dekez\u00e9s fenntart\u00e1sa mellett &#8211; tov\u00e1bbi gazdas\u00e1gv\u00e9delmi \u00e9s csal\u00e1dv\u00e9delmi int\u00e9zked\u00e9seken dolgozik.<br \/>\n    Az oldal t\u00e9rk\u00e9pe alapj\u00e1n eddig Budapesten (16 047) \u00e9s Pest megy\u00e9ben (6827) regisztr\u00e1lt\u00e1k a legt\u00f6bb fert\u0151z\u00f6ttet. Ezt k\u00f6veti Gy\u0151r-Moson-Sopron (3371), Borsod-Aba\u00faj-Zempl\u00e9n (3248), Szabolcs-Szatm\u00e1r-Bereg (2847) \u00e9s Hajd\u00fa-Bihar megye (2755). A fert\u0151z\u00e9sben legkev\u00e9sb\u00e9 \u00e9rintett megye Tolna (561).<br \/>\n(MTI)<\/p>\n","protected":false},"excerpt":{"rendered":"<p>Elhunyt negyvenh\u00e9t, t\u00f6bbs\u00e9g\u00e9ben id\u0151s, kr\u00f3nikus beteg, \u00e9s \u00fajabb 2066 magyar \u00e1llampolg\u00e1rn\u00e1l mutatt\u00e1k ki a koronav\u00edrus-fert\u0151z\u00e9st &#8211; k\u00f6z\u00f6lte a koronavirus.gov.hu p\u00e9nteken.<\/p>\n","protected":false},"author":1001006,"featured_media":0,"comment_status":"closed","ping_status":"open","sticky":false,"template":"","format":"standard","meta":[],"categories":[4,427],"tags":[],"_links":{"self":[{"href":"https:\/\/gazdasagportal.hu\/index.php\/wp-json\/wp\/v2\/posts\/130606"}],"collection":[{"href":"https:\/\/gazdasagportal.hu\/index.php\/wp-json\/wp\/v2\/posts"}],"about":[{"href":"https:\/\/gazdasagportal.hu\/index.php\/wp-json\/wp\/v2\/types\/post"}],"author":[{"embeddable":true,"href":"https:\/\/gazdasagportal.hu\/index.php\/wp-json\/wp\/v2\/users\/1001006"}],"replies":[{"embeddable":true,"href":"https:\/\/gazdasagportal.hu\/index.php\/wp-json\/wp\/v2\/comments?post=130606"}],"version-history":[{"count":1,"href":"https:\/\/gazdasagportal.hu\/index.php\/wp-json\/wp\/v2\/posts\/130606\/revisions"}],"predecessor-version":[{"id":130607,"href":"https:\/\/gazdasagportal.hu\/index.php\/wp-json\/wp\/v2\/posts\/130606\/revisions\/130607"}],"wp:attachment":[{"href":"https:\/\/gazdasagportal.hu\/index.php\/wp-json\/wp\/v2\/media?parent=130606"}],"wp:term":[{"taxonomy":"category","embeddable":true,"href":"https:\/\/gazdasagportal.hu\/index.php\/wp-json\/wp\/v2\/categories?post=130606"},{"taxonomy":"post_tag","embeddable":true,"href":"https:\/\/gazdasagportal.hu\/index.php\/wp-json\/wp\/v2\/tags?post=130606"}],"curies":[{"name":"wp","href":"https:\/\/api.w.org\/{rel}","templated":true}]}}