{"id":130555,"date":"2020-10-21T15:38:57","date_gmt":"2020-10-21T13:38:57","guid":{"rendered":"http:\/\/gazdasagportal.hu\/?p=130555"},"modified":"2020-10-21T15:09:55","modified_gmt":"2020-10-21T13:09:55","slug":"koronavirus-lengyelorszagban-az-altalanos-iskolak-felso-tagozatai-is-atternek-a-vegyes-vagy-tavoktatasra","status":"publish","type":"post","link":"https:\/\/gazdasagportal.hu\/index.php\/koronavirus-lengyelorszagban-az-altalanos-iskolak-felso-tagozatai-is-atternek-a-vegyes-vagy-tavoktatasra\/","title":{"rendered":"Koronav\u00edrus &#8211; Lengyelorsz\u00e1gban az \u00e1ltal\u00e1nos iskol\u00e1k fels\u0151 tagozatai is \u00e1tt\u00e9rnek a vegyes vagy t\u00e1voktat\u00e1sra"},"content":{"rendered":"<p><strong>A koronav\u00edrus-j\u00e1rv\u00e1ny lass\u00edt\u00e1s\u00e1nak \u00e9rdek\u00e9ben Lengyelorsz\u00e1gban az \u00e1ltal\u00e1nos iskol\u00e1k fels\u0151 tagozatai is \u00e1tt\u00e9rnek vegyes vagy t\u00e1voktat\u00e1sra &#8211; jelentette be szerdai parlamenti besz\u00e9d\u00e9ben Mateusz Morawiecki korm\u00e1nyf\u0151.<\/strong><!--more--><\/p>\n<div class=\"ads-in-post1\"><div id=\"gazdasagportal.hu_fullbanner_wideboard\"><\/div>\r\n<\/div>\n<p>    K\u00f6zel egy\u00f3r\u00e1s felsz\u00f3lal\u00e1s\u00e1ban Morawiecki a j\u00e1rv\u00e1ny felgyorsul\u00e1s\u00e1nak eset\u00e9re tett el\u0151k\u00e9sz\u00fcletekr\u0151l sz\u00e1molt be. A parlamenti als\u00f3h\u00e1z, a szejm szerd\u00e1n napirendj\u00e9re t\u0171zte a koronav\u00edrus-j\u00e1rv\u00e1ny alatt ny\u00fajtott orvosi ell\u00e1t\u00e1sr\u00f3l sz\u00f3l\u00f3 t\u00f6rv\u00e9nym\u00f3dos\u00edt\u00e1si tervezeteket.<br \/>\n    A k\u00f6z\u00e9piskol\u00e1k \u00e9s a fels\u0151oktat\u00e1si int\u00e9zm\u00e9nyek m\u00e1r h\u00e9tf\u0151n \u00e1tt\u00e9rtek t\u00e1voktat\u00e1sra azokban a lengyelorsz\u00e1gi j\u00e1r\u00e1sokban, amelyeket a fert\u0151z\u00f6ttek magas sz\u00e1ma miatt vesz\u00e9lyeztetett, piros \u00f6vezetnek min\u0151s\u00edtettek &#8211; vagyis az orsz\u00e1g ter\u00fclet\u00e9nek mintegy fel\u00e9n.<br \/>\n    Az \u00e1ltal\u00e1nos iskol\u00e1k fels\u0151 tagozatair\u00f3l a v\u00e1ls\u00e1gst\u00e1b szerdai \u00fcl\u00e9s\u00e9n d\u00f6ntenek hivatalosan &#8211; jelentette be Morawiecki.<br \/>\n    Elmondta: a korm\u00e1ny a lehets\u00e9ges legrosszabb forgat\u00f3k\u00f6nyvekre k\u00e9sz\u00fcl. &#8222;J\u00f6het a m\u00e1sodik hull\u00e1m, j\u00f6het a harmadik, j\u00f6hetnek tov\u00e1bbi hull\u00e1mok&#8221;, a korm\u00e1ny strat\u00e9gi\u00e1ja pedig az, hogy meg\u00f3vj\u00e1k a betegs\u00e9g \u00e1ltal legink\u00e1bb vesz\u00e9lyeztetett id\u0151seket, egy\u00fattal \u00fagy alak\u00edts\u00e1k a t\u00e1rsadalmi \u00e9s a gazdas\u00e1gi \u00e9letet, hogy az emberek &#8222;tanulhassanak, dolgozhassanak, \u00e9lhessenek, ne z\u00e1rj\u00e1k be a gazdas\u00e1got, \u00e9s m\u00e9gis megszak\u00edthass\u00e1k a Covid-19 terjed\u00e9s\u00e9nek folyamat\u00e1t&#8221; &#8211; magyar\u00e1zta Morawiecki.<br \/>\n<div class=\"ads-in-post1\"><div id=\"gazdasagportal.hu_fullbanner_wideboard\"><\/div>\r\n<\/div>\n    A k\u00f6zel 38 milli\u00f3 lakos\u00fa Lengyelorsz\u00e1gban egy nap alatt 10 040 \u00faj fert\u0151z\u00f6ttet mutattak ki, a legt\u00f6bbet a j\u00e1rv\u00e1ny kit\u00f6r\u00e9se \u00f3ta. Egy nap alatt 130-an elhunytak, k\u00f6z\u00fcl\u00fck 117-nek a Covid-19 mellett valamilyen kr\u00f3nikus alapbetegs\u00e9ge volt, 13-an viszont kifejezetten a koronav\u00edrus-fert\u0151z\u00e9s nyom\u00e1n kialakult sz\u00f6v\u0151dm\u00e9nyek miatt haltak meg.<br \/>\n    Szerd\u00e1ra t\u00f6bb mint ezerrel, 9439-re n\u0151tt a koronav\u00edrus miatt k\u00f3rh\u00e1zakban kezeltek sz\u00e1ma, 757 beteg van l\u00e9legeztet\u0151g\u00e9pre kapcsolva.<br \/>\n    Morawiecki a parlamenti fell\u00e9p\u00e9s\u00e9ben k\u00f6z\u00f6lte: \u00f6sszesen k\u00f6zel 3 ezer l\u00e9legeztet\u0151g\u00e9p \u00e1ll rendelkez\u00e9sre. A Covid-19-betegeknek sz\u00e1nt f\u00e9r\u0151helyek kapacit\u00e1sa 16-17 ezer, ezt tov\u00e1bbi 15 ezerrel fogj\u00e1k megn\u00f6velni. A k\u00f6vetkez\u0151 &#8222;v\u00e9d\u0151vonalat&#8221; pedig a minden vajdas\u00e1gban &#8211; \u00edgy a vars\u00f3i Nemzeti Stadion konferenciatermeiben is &#8211; kialak\u00edt\u00e1s alatt l\u00e9v\u0151, a j\u00e1rv\u00e1ny feler\u0151s\u00f6d\u00e9s\u00e9nek eset\u00e9n felhaszn\u00e1land\u00f3 ideiglenes k\u00f3rh\u00e1zak jelentik &#8211; mondta el Morawiecki.(MTI)<\/p>\n","protected":false},"excerpt":{"rendered":"<p>A koronav\u00edrus-j\u00e1rv\u00e1ny lass\u00edt\u00e1s\u00e1nak \u00e9rdek\u00e9ben Lengyelorsz\u00e1gban az \u00e1ltal\u00e1nos iskol\u00e1k fels\u0151 tagozatai is \u00e1tt\u00e9rnek vegyes vagy t\u00e1voktat\u00e1sra &#8211; jelentette be szerdai parlamenti besz\u00e9d\u00e9ben Mateusz Morawiecki korm\u00e1nyf\u0151.<\/p>\n","protected":false},"author":1,"featured_media":0,"comment_status":"closed","ping_status":"open","sticky":false,"template":"","format":"standard","meta":[],"categories":[12,427],"tags":[],"_links":{"self":[{"href":"https:\/\/gazdasagportal.hu\/index.php\/wp-json\/wp\/v2\/posts\/130555"}],"collection":[{"href":"https:\/\/gazdasagportal.hu\/index.php\/wp-json\/wp\/v2\/posts"}],"about":[{"href":"https:\/\/gazdasagportal.hu\/index.php\/wp-json\/wp\/v2\/types\/post"}],"author":[{"embeddable":true,"href":"https:\/\/gazdasagportal.hu\/index.php\/wp-json\/wp\/v2\/users\/1"}],"replies":[{"embeddable":true,"href":"https:\/\/gazdasagportal.hu\/index.php\/wp-json\/wp\/v2\/comments?post=130555"}],"version-history":[{"count":1,"href":"https:\/\/gazdasagportal.hu\/index.php\/wp-json\/wp\/v2\/posts\/130555\/revisions"}],"predecessor-version":[{"id":130556,"href":"https:\/\/gazdasagportal.hu\/index.php\/wp-json\/wp\/v2\/posts\/130555\/revisions\/130556"}],"wp:attachment":[{"href":"https:\/\/gazdasagportal.hu\/index.php\/wp-json\/wp\/v2\/media?parent=130555"}],"wp:term":[{"taxonomy":"category","embeddable":true,"href":"https:\/\/gazdasagportal.hu\/index.php\/wp-json\/wp\/v2\/categories?post=130555"},{"taxonomy":"post_tag","embeddable":true,"href":"https:\/\/gazdasagportal.hu\/index.php\/wp-json\/wp\/v2\/tags?post=130555"}],"curies":[{"name":"wp","href":"https:\/\/api.w.org\/{rel}","templated":true}]}}