{"id":130551,"date":"2020-10-21T14:22:15","date_gmt":"2020-10-21T12:22:15","guid":{"rendered":"http:\/\/gazdasagportal.hu\/?p=130551"},"modified":"2020-10-21T14:22:15","modified_gmt":"2020-10-21T12:22:15","slug":"mapei-jokor-lepett-a-kormany","status":"publish","type":"post","link":"https:\/\/gazdasagportal.hu\/index.php\/mapei-jokor-lepett-a-kormany\/","title":{"rendered":"Mapei: j\u00f3kor l\u00e9pett a korm\u00e1ny"},"content":{"rendered":"<p><b>\u00daj l\u00f6k\u00e9st ad az \u00e9pp lend\u00fclet\u00e9t veszt\u0151 \u00e9p\u00edt\u0151iparnak a korm\u00e1ny \u00faj otthonteremt\u00e9si t\u00e1mogat\u00e1sa. Pont j\u00f3kor.<\/b><!--more--><\/p>\n<div class=\"ads-in-post1\"><div id=\"gazdasagportal.hu_fullbanner_wideboard\"><\/div>\r\n<\/div>\n<p>A korm\u00e1ny bejelent\u00e9s\u00e9t k\u00f6vet\u0151en m\u00f3dos\u00edtotta v\u00e1rakoz\u00e1sait a Mapei Kft. A v\u00e1llalat n\u00e9h\u00e1ny hete m\u00e9g m\u00e9rs\u00e9kelt pesszimizmussal tervezett, annak ellen\u00e9re, hogy kedvez\u0151en alakult a forgalma, 18 sz\u00e1zal\u00e9kos n\u00f6veked\u00e9st \u00e9rt el a harmadik negyed\u00e9vben.<\/p>\n<p>\u201eA m\u00e1sodik hull\u00e1m, a m\u00e9ly\u00e9p\u00edt\u00e9si \u00e9s k\u00f6zm\u0171\u00e9p\u00edt\u00e9si munk\u00e1k m\u00e9rs\u00e9kl\u0151d\u00e9se, a lak\u00e1s\u00e9p\u00edt\u00e9sek visszaes\u00e9se, valamint a szerz\u0151d\u00e9s\u00e1llom\u00e1ny cs\u00f6kken\u00e9se miatt stagn\u00e1l\u00e1sra sz\u00e1m\u00edtottunk. Azonban az otthonfel\u00faj\u00edt\u00e1si t\u00e1mogat\u00e1s \u00e9s az \u00faj\u00e9p\u00edt\u00e9s\u0171 otthonok \u00f6t sz\u00e1zal\u00e9kos \u00e1f\u00e1ja \u00faj lend\u00fcletet ad az \u00e9p\u00edt\u0151iparnak\u201d \u2013 mondta Markovich B\u00e9la.<\/p><div id=\"gazda-1933905131\" class=\"gazda-tartalomban gazda-entity-placement\"><script async src=\"https:\/\/pagead2.googlesyndication.com\/pagead\/js\/adsbygoogle.js\"><\/script>\r\n<ins class=\"adsbygoogle\"\r\n     style=\"display:block\"\r\n     data-ad-format=\"fluid\"\r\n     data-ad-layout-key=\"-6t+ed+2i-1n-4w\"\r\n     data-ad-client=\"ca-pub-1959107119989764\"\r\n     data-ad-slot=\"4008251320\"><\/ins>\r\n<script>\r\n     (adsbygoogle = window.adsbygoogle || []).push({});\r\n<\/script><\/div>\n<p>A szakember v\u00e9lem\u00e9nye szerint a t\u00e1mogat\u00e1sok hat\u00e1s\u00e1ra \u00fajra fellend\u00fcl a lak\u00e1s\u00e9p\u00edt\u00e9si \u00e9s fel\u00faj\u00edt\u00e1si piac. Az otthonfel\u00faj\u00edt\u00e1si t\u00e1mogat\u00e1ssal jelent\u0151sen b\u0151v\u00fcl a kedvezm\u00e9nyezettek k\u00f6re, olyanokat is fel\u00faj\u00edt\u00e1sra \u00f6szt\u00f6n\u00f6zhet a program, akik kor\u00e1bban nem terveztek munk\u00e1latokat. Mindez kisebb otthon\u00e9p\u00edt\u00e9si \u00e9s fel\u00faj\u00edt\u00e1si boomot eredm\u00e9nyezhet.<\/p>\n<p>A kereslet v\u00e1rhat\u00f3 \u00e9l\u00e9nk\u00fcl\u00e9se el\u0151re l\u00e1that\u00f3an nem okoz neh\u00e9zs\u00e9geket. A Mapei Kft. inform\u00e1ci\u00f3 szerint mind a gy\u00e1rt\u00f3k, mind a keresked\u0151k elegend\u0151 kapacit\u00e1ssal rendelkeznek a kereslet kiel\u00e9g\u00edt\u00e9s\u00e9re, nem lesz \u00e9p\u00edt\u0151anyaghi\u00e1ny.<\/p>\n<p>A v\u00e1llalat nem sz\u00e1m\u00edt \u00e1remelked\u00e9sre, az \u00e9p\u00edt\u0151anyagok \u00e1ra \u00e9s a munkad\u00edjak \u00e1rsz\u00ednvonala megfelel a piaci helyzetnek. Egyed\u00fcl a kereslet v\u00e1ltoz\u00e1saira \u00e9rz\u00e9kenyen reag\u00e1l\u00f3 szerkezet\u00e9p\u00edt\u00e9si anyagok \u00e1raiban v\u00e1rhat\u00f3 v\u00e1ltoz\u00e1s. Mivel az elm\u00falt id\u0151szak lassul\u00e1sa miatt cs\u00f6kkent a kereslet, sok helyen cs\u00f6kkentek az \u00e1rak, ez\u00e9rt elk\u00e9pzelhet\u0151, hogy kompenz\u00e1l a piac.<\/p>\n<div class=\"ads-in-post1\"><div id=\"gazdasagportal.hu_fullbanner_wideboard\"><\/div>\r\n<\/div>\nMarkovich B\u00e9la szerint azonban ami er\u0151s\u00f6dni fog, az a szakemberhi\u00e1ny. Ennek k\u00f6vetkezm\u00e9nyek\u00e9nt n\u0151ni fog a v\u00e1rakoz\u00e1si id\u0151, amely jelenleg 119 nap a Mapei Kft. felm\u00e9r\u00e9se szerint. Enn\u00e9lfogva \u00e9rdemes m\u00e1r most szakembert keresni \u00e9s leszerz\u0151dni, m\u00e9g ha a munka valamikor a j\u00f6v\u0151\u00e9v k\u00f6zep\u00e9n kezd\u0151dik is el. F\u0151leg csal\u00e1dih\u00e1z \u00e9p\u00edt\u00e9sn\u00e9l \u00e9rdemes el\u0151re gondolkodni, mert a gener\u00e1lkivitelez\u0151k kapacit\u00e1sa er\u0151sen korl\u00e1tos. A szakember \u00fagy l\u00e1tja, hogy tavaszt\u00f3l, a t\u00e1mogat\u00e1sok elindul\u00e1sa ut\u00e1n m\u00e1r egyre nehezebb lesz szakembert tal\u00e1lni.<\/p>\n","protected":false},"excerpt":{"rendered":"<p>\u00daj l\u00f6k\u00e9st ad az \u00e9pp lend\u00fclet\u00e9t veszt\u0151 \u00e9p\u00edt\u0151iparnak a korm\u00e1ny \u00faj otthonteremt\u00e9si t\u00e1mogat\u00e1sa. Pont j\u00f3kor.<\/p>\n","protected":false},"author":1,"featured_media":0,"comment_status":"closed","ping_status":"open","sticky":false,"template":"","format":"standard","meta":[],"categories":[19],"tags":[],"_links":{"self":[{"href":"https:\/\/gazdasagportal.hu\/index.php\/wp-json\/wp\/v2\/posts\/130551"}],"collection":[{"href":"https:\/\/gazdasagportal.hu\/index.php\/wp-json\/wp\/v2\/posts"}],"about":[{"href":"https:\/\/gazdasagportal.hu\/index.php\/wp-json\/wp\/v2\/types\/post"}],"author":[{"embeddable":true,"href":"https:\/\/gazdasagportal.hu\/index.php\/wp-json\/wp\/v2\/users\/1"}],"replies":[{"embeddable":true,"href":"https:\/\/gazdasagportal.hu\/index.php\/wp-json\/wp\/v2\/comments?post=130551"}],"version-history":[{"count":1,"href":"https:\/\/gazdasagportal.hu\/index.php\/wp-json\/wp\/v2\/posts\/130551\/revisions"}],"predecessor-version":[{"id":130552,"href":"https:\/\/gazdasagportal.hu\/index.php\/wp-json\/wp\/v2\/posts\/130551\/revisions\/130552"}],"wp:attachment":[{"href":"https:\/\/gazdasagportal.hu\/index.php\/wp-json\/wp\/v2\/media?parent=130551"}],"wp:term":[{"taxonomy":"category","embeddable":true,"href":"https:\/\/gazdasagportal.hu\/index.php\/wp-json\/wp\/v2\/categories?post=130551"},{"taxonomy":"post_tag","embeddable":true,"href":"https:\/\/gazdasagportal.hu\/index.php\/wp-json\/wp\/v2\/tags?post=130551"}],"curies":[{"name":"wp","href":"https:\/\/api.w.org\/{rel}","templated":true}]}}