{"id":130489,"date":"2020-10-19T11:57:56","date_gmt":"2020-10-19T09:57:56","guid":{"rendered":"http:\/\/gazdasagportal.hu\/?p=130489"},"modified":"2020-10-19T11:57:56","modified_gmt":"2020-10-19T09:57:56","slug":"konnyebb-lesz-a-megujulo-energiaforrasok-rendszerbe-illesztese","status":"publish","type":"post","link":"https:\/\/gazdasagportal.hu\/index.php\/konnyebb-lesz-a-megujulo-energiaforrasok-rendszerbe-illesztese\/","title":{"rendered":"K\u00f6nnyebb lesz a meg\u00fajul\u00f3 energiaforr\u00e1sok rendszerbe illeszt\u00e9se"},"content":{"rendered":"<p><strong>Mik\u00f6zben egyre n\u00f6vekszik a meg\u00fajul\u00f3 energiaforr\u00e1sok ar\u00e1nya az energiatermel\u00e9sben, kih\u00edv\u00e1st jelent, hogy az azokb\u00f3l sz\u00e1rmaz\u00f3 teljes\u00edtm\u00e9ny ingadozik, r\u00e1ad\u00e1sul \u2013 p\u00e9ld\u00e1ul a napenergia eset\u00e9n \u2013 nem esik egybe azokkal a napszakokkal, amikor a legt\u00f6bb villamos energi\u00e1t ig\u00e9nybe veszik a fogyaszt\u00f3k. Ennek kezel\u00e9s\u00e9ben seg\u00edt az a szlov\u00e1k-magyar egy\u00fcttm\u0171k\u00f6d\u00e9s, amelyet az Eur\u00f3pai Uni\u00f3 is t\u00e1mogat, \u00e9s amelyben mindk\u00e9t orsz\u00e1gban meghat\u00e1roz\u00f3 szerepe van az E.ON-nak.<\/strong><!--more--><\/p>\n<div class=\"ads-in-post1\"><div id=\"gazdasagportal.hu_fullbanner_wideboard\"><\/div>\r\n<\/div>\n<p>Okos megold\u00e1sokkal fejleszti a villamosenergia-h\u00e1l\u00f3zatot az E.ON csoport az \u00c9szaknyugat-Dun\u00e1nt\u00falon \u00e9s Szlov\u00e1kia nyugati r\u00e9sz\u00e9n. A c\u00e9l, hogy intelligens megold\u00e1sokkal kezelj\u00e9k az energiatermel\u00e9s \u00e9s a felhaszn\u00e1l\u00e1si cs\u00facsok k\u00f6z\u00f6tti id\u0151- \u00e9s t\u00e9rbeli k\u00fcl\u00f6nbs\u00e9geket, egyens\u00falytalans\u00e1gokat. Ehhez a legmodernebb adatfeldolgoz\u00f3- \u00e9s tov\u00e1bb\u00edt\u00f3, illetve infokommunik\u00e1ci\u00f3s technol\u00f3gi\u00e1kat \u2013 \u00fagynevezett ICT megold\u00e1sokat \u2013 dolgoznak ki. A rohamosan n\u00f6vekv\u0151 meg\u00fajul\u00f3 kapacit\u00e1s h\u00e1l\u00f3zati csatlakoz\u00e1sa \u00e9rdek\u00e9ben pedig mikro\u00e1llom\u00e1sokat \u00e9p\u00edtenek.<\/p>\n<p>&nbsp;<\/p><div id=\"gazda-543565933\" class=\"gazda-tartalomban gazda-entity-placement\"><script async src=\"https:\/\/pagead2.googlesyndication.com\/pagead\/js\/adsbygoogle.js\"><\/script>\r\n<ins class=\"adsbygoogle\"\r\n     style=\"display:block\"\r\n     data-ad-format=\"fluid\"\r\n     data-ad-layout-key=\"-6t+ed+2i-1n-4w\"\r\n     data-ad-client=\"ca-pub-1959107119989764\"\r\n     data-ad-slot=\"4008251320\"><\/ins>\r\n<script>\r\n     (adsbygoogle = window.adsbygoogle || []).push({});\r\n<\/script><\/div>\n<p>A rendszer r\u00e9szek\u00e9nt okos h\u00e1l\u00f3zati eszk\u00f6z\u00f6ket telep\u00edtenek, \u00edgy vonj\u00e1k be \u0151ket energiafogyaszt\u00e1suk, illetve energiatermel\u00e9s\u00fck vez\u00e9rl\u00e9s\u00e9be. Az eloszt\u00f3h\u00e1l\u00f3zatok intelligens fel\u00fcgyelete lehet\u0151v\u00e9 teszi, hogy min\u00e9l nagyobb sz\u00e1mban csatlakozhassanak a villamosenergia-h\u00e1l\u00f3zathoz a meg\u00fajul\u00f3 alap\u00fa vagy elosztott villamosenergia-termel\u0151 kapacit\u00e1sok.<\/p>\n<p>&nbsp;<\/p>\n<p>A Danube InGrid projekt j\u00f3l szeml\u00e9lteti az E.ON csoport folyamatos t\u00f6rekv\u00e9s\u00e9t, hogy egy meg\u00fajul\u00f3 termel\u00e9sre \u00e9s akt\u00edv fogyaszt\u00f3kra f\u00f3kusz\u00e1l\u00f3, modern, hat\u00e9kony \u00e9s stabil h\u00e1l\u00f3zatot hozzon l\u00e9tre \u00faj technol\u00f3gi\u00e1k \u00e9s elj\u00e1r\u00e1sok alkalmaz\u00e1s\u00e1val. Az intelligens h\u00e1l\u00f3zati technol\u00f3gia l\u00e9nyege, hogy ugyan\u00fagy alkalmazkodik a fogyaszt\u00f3i oldal szok\u00e1saihoz, mint a termel\u0151k ig\u00e9nyeihez. \u00cdgy a v\u00e1llalat rugalmasabb szolg\u00e1ltat\u00e1st ny\u00fajt \u00fcgyfeleinknek, mik\u00f6zben a k\u00f6rnyezetv\u00e9delmi, fenntarthat\u00f3s\u00e1gi szempontok is nagyobb hangs\u00falyt kaphatnak.<\/p>\n<p>&nbsp;<\/p>\n<div class=\"ads-in-post1\"><div id=\"gazdasagportal.hu_fullbanner_wideboard\"><\/div>\r\n<\/div>\n&nbsp;<\/p>\n<p><em>\u201eA Danube InGrid projekt az elm\u00falt \u00e9vek legnagyobb- \u00e9s egyben a legink\u00e1bb j\u00f6v\u0151be mutat\u00f3 h\u00e1l\u00f3zatfejleszt\u00e9si beruh\u00e1z\u00e1sa. A j\u00f6v\u0151 okos villamosh\u00e1l\u00f3zat\u00e1t kezdj\u00fck el ki\u00e9p\u00edteni, hiszen egyebek mellett ezzel tudjuk megteremteni a lehet\u0151s\u00e9g\u00e9t \u00fcgyfeleink sz\u00e1m\u00e1ra, hogy a k\u00f6rnyezetbar\u00e1t meg\u00fajul\u00f3 energiaforr\u00e1sokat, p\u00e9ld\u00e1ul a napelemrendszereket m\u00e9g nagyobb sz\u00e1mban \u00e9s m\u00e9g hat\u00e9konyabban haszn\u00e1lhass\u00e1k. Ezzel hozz\u00e1j\u00e1rulunk a gazdas\u00e1g fejleszt\u00e9s\u00e9hez, Magyarorsz\u00e1g \u00e9s a saj\u00e1t kl\u00edmac\u00e9ljaink megval\u00f3s\u00edt\u00e1s\u00e1hoz is. Az pedig k\u00fcl\u00f6n \u00f6r\u00f6met jelent a sz\u00e1momra, hogy ezt a t\u00f6rt\u00e9nelmi l\u00e9pt\u00e9k\u0171 fejleszt\u00e9st kiv\u00e1l\u00f3 partnerekkel k\u00f6z\u00f6sen tudjuk megval\u00f3s\u00edtani\u201d &#8211; <\/em>mondta el Kiss Attila, az E.ON Hung\u00e1ria Csoport eln\u00f6k-vez\u00e9rigazgat\u00f3ja.<\/p>\n<p>&nbsp;<\/p>\n<p>A hat\u00e1rokon \u00e1tny\u00fal\u00f3, az energiapiacok k\u00f6z\u00f6tti m\u00e9lyebb integr\u00e1ci\u00f3t szolg\u00e1l\u00f3 Danube InGrid projektet az Eur\u00f3pai Bizotts\u00e1g is kiemelten kezeli, kulcsfontoss\u00e1g\u00fa infrastruktur\u00e1lis kezdem\u00e9nyez\u00e9snek min\u0151s\u00edtette, melyet az Eur\u00f3pai Parlament \u00e9s Tan\u00e1cs is j\u00f3v\u00e1hagyott, \u00e9s \u00fagynevezett \u201eK\u00f6z\u00f6s \u00c9rdek\u0171 Projektnek\u201d nyilv\u00e1n\u00edtotta. Ehhez egy el\u0151zetes elb\u00edr\u00e1l\u00e1son mentek kereszt\u00fcl az E.ON csoporthoz tartoz\u00f3 magyar \u00e9s szlov\u00e1k v\u00e1llalatok, valamint a szlov\u00e1k \u00e1tviteli rendszerir\u00e1ny\u00edt\u00f3, a SEPS projektje, amely az \u00f6ssz\u00e9rt\u00e9kel\u00e9s alapj\u00e1n a legjobb min\u0151s\u00edt\u00e9st kapta a tavalyi \u00e9v derek\u00e1n. Az egy\u00fcttm\u0171k\u00f6d\u00e9sben r\u00e9szt vesz a MAVIR Zrt. (magyar \u00e1tviteli rendszerir\u00e1ny\u00edt\u00f3) is.<\/p>\n<p>&nbsp;<\/p>\n<p>A Danube InGrid projekt az els\u0151 okos h\u00e1l\u00f3zati eloszt\u00f3-rendszerir\u00e1ny\u00edt\u00f3i magyar-szlov\u00e1k egy\u00fcttm\u0171k\u00f6d\u00e9s, melynek k\u00f6lts\u00e9gvet\u00e9se 2020 \u00e9s 2025 k\u00f6z\u00f6tt 291 milli\u00f3 eur\u00f3, \u00e1tsz\u00e1m\u00edtva csaknem sz\u00e1zmilli\u00e1rd forint.<\/p>\n<p><em>\u00a0<\/em><\/p>\n<p><em>A Danube InGrid projekt t\u00fckr\u00f6zi c\u00e9g\u00fcnk azon t\u00f6rekv\u00e9s\u00e9t, hogy akt\u00edv r\u00e9szese lehessen az \u00faj energiavil\u00e1gnak. Val\u00f3ban hissz\u00fck, hogy az energiah\u00e1l\u00f3zatok intelligens\u00e9 t\u00e9tel\u00e9r van sz\u00fcks\u00e9g ahhoz, hogy az EU kl\u00edma- \u00e9s energetikai c\u00e9ljait el\u00e9rj\u00fck. A projekt remek p\u00e9ldak\u00e9nt szolg\u00e1l az eloszt\u00f3 \u00e9s sz\u00e1ll\u00edt\u00f3 szolg\u00e1ltat\u00f3k k\u00f6z\u00f6tti nemzetk\u00f6zi szint\u0171 hat\u00e9kony \u00e9s eredm\u00e9nyes egy\u00fcttm\u0171k\u00f6d\u00e9sre is \u2013 <\/em>mondta Marian Ruska, a Z\u00e1padoslovensk\u00e1 Energetika, a.s igazgat\u00f3s\u00e1gi tagja.<\/p>\n<div class=\"ads-in-post1\"><div id=\"gazdasagportal.hu_fullbanner_wideboard\"><\/div>\r\n<\/div>\n<em>\u00a0<\/em><\/p>\n<p><em>A Duna InGrid projekt j\u00f3l szeml\u00e9lteti az E.ON, a SEPS \u00e9s a MAVIR azon kezdem\u00e9nyez\u00e9s\u00e9t, hogy folyamatosan korszer\u0171, hat\u00e9kony \u00e9s stabil villamosenergia-h\u00e1l\u00f3zatot hozzanak l\u00e9tre, amelynek k\u00f6z\u00e9ppontj\u00e1ban a fenntarthat\u00f3s\u00e1g, a meg\u00fajul\u00f3 energiaforr\u00e1sok \u00e9s az \u00faj technol\u00f3gi\u00e1kat \u00e9s m\u00f3dszereket alkalmaz\u00f3 akt\u00edv fogyaszt\u00f3k \u00e1llnak. Az okos h\u00e1l\u00f3zatok alkotj\u00e1k majd a leend\u0151 dekarboniz\u00e1lt energiarendszer gerinc\u00e9t <\/em>\u2013 tette hozz\u00e1 Jaroslav Vach, a SEPS eln\u00f6k-vez\u00e9rigazgat\u00f3ja.<\/p>\n<p>&nbsp;<\/p>\n<p>A Danube InGrid projekt 3 \u00e9ves el\u0151k\u00e9sz\u00edt\u00e9s ut\u00e1n 102 milli\u00f3 eur\u00f3 t\u00e1mogat\u00e1s nyert, ami az eddigi legnagyobb t\u00e1mogat\u00e1s az Eur\u00f3pai H\u00e1l\u00f3zatfinansz\u00edroz\u00e1si Eszk\u00f6z okos h\u00e1l\u00f3zati kateg\u00f3ri\u00e1j\u00e1ban. A Danube InGrid projekt kapta a 3. legnagyobb \u00f6sszeget a CEF 2020-as felh\u00edv\u00e1s\u00e1b\u00f3l. A fenti \u00f6sszegb\u0151l 86 milli\u00f3 eur\u00f3 t\u00e1mogat\u00e1s jut az E.ON magyar \u00e9s szlov\u00e1k v\u00e1llalatainak. A t\u00e1mogat\u00e1s r\u00e9v\u00e9n meg\u00fajul az \u00c9szak-Dun\u00e1nt\u00fal \u00e9s Nyugat-Szlov\u00e1kia eloszt\u00f3h\u00e1l\u00f3zata.<\/p>\n","protected":false},"excerpt":{"rendered":"<p>Mik\u00f6zben egyre n\u00f6vekszik a meg\u00fajul\u00f3 energiaforr\u00e1sok ar\u00e1nya az energiatermel\u00e9sben, kih\u00edv\u00e1st jelent, hogy az azokb\u00f3l sz\u00e1rmaz\u00f3 teljes\u00edtm\u00e9ny ingadozik, r\u00e1ad\u00e1sul \u2013 p\u00e9ld\u00e1ul a napenergia eset\u00e9n \u2013 nem esik egybe azokkal a napszakokkal, amikor a legt\u00f6bb villamos energi\u00e1t ig\u00e9nybe veszik a fogyaszt\u00f3k. Ennek kezel\u00e9s\u00e9ben seg\u00edt az a szlov\u00e1k-magyar egy\u00fcttm\u0171k\u00f6d\u00e9s, amelyet az Eur\u00f3pai Uni\u00f3 is t\u00e1mogat, \u00e9s amelyben mindk\u00e9t &#8230;<\/p>\n","protected":false},"author":1,"featured_media":0,"comment_status":"closed","ping_status":"open","sticky":false,"template":"","format":"standard","meta":[],"categories":[19],"tags":[],"_links":{"self":[{"href":"https:\/\/gazdasagportal.hu\/index.php\/wp-json\/wp\/v2\/posts\/130489"}],"collection":[{"href":"https:\/\/gazdasagportal.hu\/index.php\/wp-json\/wp\/v2\/posts"}],"about":[{"href":"https:\/\/gazdasagportal.hu\/index.php\/wp-json\/wp\/v2\/types\/post"}],"author":[{"embeddable":true,"href":"https:\/\/gazdasagportal.hu\/index.php\/wp-json\/wp\/v2\/users\/1"}],"replies":[{"embeddable":true,"href":"https:\/\/gazdasagportal.hu\/index.php\/wp-json\/wp\/v2\/comments?post=130489"}],"version-history":[{"count":1,"href":"https:\/\/gazdasagportal.hu\/index.php\/wp-json\/wp\/v2\/posts\/130489\/revisions"}],"predecessor-version":[{"id":130490,"href":"https:\/\/gazdasagportal.hu\/index.php\/wp-json\/wp\/v2\/posts\/130489\/revisions\/130490"}],"wp:attachment":[{"href":"https:\/\/gazdasagportal.hu\/index.php\/wp-json\/wp\/v2\/media?parent=130489"}],"wp:term":[{"taxonomy":"category","embeddable":true,"href":"https:\/\/gazdasagportal.hu\/index.php\/wp-json\/wp\/v2\/categories?post=130489"},{"taxonomy":"post_tag","embeddable":true,"href":"https:\/\/gazdasagportal.hu\/index.php\/wp-json\/wp\/v2\/tags?post=130489"}],"curies":[{"name":"wp","href":"https:\/\/api.w.org\/{rel}","templated":true}]}}