{"id":130487,"date":"2020-10-19T10:37:25","date_gmt":"2020-10-19T08:37:25","guid":{"rendered":"http:\/\/gazdasagportal.hu\/?p=130487"},"modified":"2020-10-19T10:37:25","modified_gmt":"2020-10-19T08:37:25","slug":"autowallis-lezarult-a-legnagyobb-szloven-bmw-markakereskedes-atvetele","status":"publish","type":"post","link":"https:\/\/gazdasagportal.hu\/index.php\/autowallis-lezarult-a-legnagyobb-szloven-bmw-markakereskedes-atvetele\/","title":{"rendered":"AutoWallis: Lez\u00e1rult a legnagyobb szlov\u00e9n BMW m\u00e1rkakeresked\u00e9s \u00e1tv\u00e9tele"},"content":{"rendered":"<p><strong>Sikeresen lez\u00e1rta az AutoWallis Szlov\u00e9nia legnagyobb BMW m\u00e1rkakeresked\u00e9s\u00e9nek \u00e1tv\u00e9tel\u00e9t, miut\u00e1n a v\u00e1llalat megszerezte a tranzakci\u00f3 z\u00e1r\u00e1s\u00e1hoz sz\u00fcks\u00e9ges hat\u00f3s\u00e1gi hozz\u00e1j\u00e1rul\u00e1sokat \u00e9s a szerz\u0151d\u00e9s egy\u00e9b felt\u00e9telei is teljes\u00fcltek. Ezzel a l\u00e9p\u00e9ssel az AutoWallis bel\u00e9pett az orsz\u00e1g aut\u00f3 kiskereskedelmi piac\u00e1ra is, \u00e9s jelenleg is vizsg\u00e1lja, hogy a patin\u00e1s n\u00e9met aut\u00f3m\u00e1rka mellett tov\u00e1bbiakat is \u00e9rt\u00e9kes\u00edtsen Szlov\u00e9ni\u00e1ban.<\/strong><!--more--><\/p>\n<div class=\"ads-in-post1\"><div id=\"gazdasagportal.hu_fullbanner_wideboard\"><\/div>\r\n<\/div>\n<p><strong>\u00a0<\/strong><\/p>\n<p>A tranzakci\u00f3 minden felt\u00e9tele teljes\u00fclt, \u00edgy az AutoWallis le\u00e1nyv\u00e1llalata, a Wallis Motor Ljubljana tulajdon\u00e1ba ker\u00fclt Szlov\u00e9nia legnagyobb BMW m\u00e1rkakeresked\u00e9se. A j\u00faniusban bejelentett akviz\u00edci\u00f3 z\u00e1r\u00e1s\u00e1hoz t\u00f6bb (els\u0151sorban versenyhivatali) hozz\u00e1j\u00e1rul\u00e1s megszerz\u00e9se volt sz\u00fcks\u00e9ges, melyeket a t\u00e1rsas\u00e1g teljesk\u00f6r\u0171en megszerzett \u00e9s a szerz\u0151d\u00e9s egy\u00e9b felt\u00e9telei is teljes\u00fcltek a mai nappal bez\u00e1r\u00f3lag. <strong>Ormosy G\u00e1bor, az AutoWallis vez\u00e9rigazgat\u00f3ja a tranzakci\u00f3 z\u00e1r\u00e1sa kapcs\u00e1n elmondta, hogy a szlov\u00e9n f\u0151v\u00e1ros egyetlen BMW m\u00e1rkakeresked\u00e9s\u00e9nek \u00e1tv\u00e9tel\u00e9vel az AutoWallis bel\u00e9pett az orsz\u00e1g aut\u00f3 kiskereskedelmi piac\u00e1ra is, \u00edgy tov\u00e1bb er\u0151s\u00edti jelenl\u00e9t\u00e9t a k\u00f6z\u00e9p-kelet-eur\u00f3pai r\u00e9gi\u00f3ban. <\/strong>A csoport a r\u00e9gi\u00f3 14 orsz\u00e1g\u00e1ban foglalkozik g\u00e9pj\u00e1rm\u0171- \u00e9s alkatr\u00e9sz kis- \u00e9s nagykereskedelemmel, szerviz szolg\u00e1ltat\u00e1sokkal, r\u00f6vid- \u00e9s hossz\u00fa t\u00e1v\u00fa g\u00e9pj\u00e1rm\u0171-k\u00f6lcs\u00f6nz\u00e9ssel, \u00e9s m\u00e1r eddig is jelen volt Szlov\u00e9ni\u00e1ban, ahol a t\u00e1rsas\u00e1g m\u00e1sik le\u00e1nyv\u00e1llalata, a Wallis Automotive Europe a Jaguar \u00e9s Land Rover m\u00e1rk\u00e1k kiz\u00e1r\u00f3lagos m\u00e1rkak\u00e9pviselet\u00e9t l\u00e1tja el, \u00e9s \u2013 a versenyhivatali enged\u00e9lyez\u00e9st k\u00f6vet\u0151en \u2013 hamarosan megkezdi az Opel m\u00e1rka nagykereskedelm\u00e9t is Horv\u00e1torsz\u00e1g, Bosznia-Hercegovina \u00e9s Magyarorsz\u00e1g mellett. A ljubljanai, egyben legnagyobb szlov\u00e9n BMW aut\u00f3keresked\u00e9s 2009 \u00f3ta m\u0171k\u00f6dik. A haszn\u00e1lt \u00e9s \u00faj BMW-k \u00e9rt\u00e9kes\u00edt\u00e9se \u00e9s szervizel\u00e9se mellett a Wallis Motor Ljubljana MINI g\u00e9pj\u00e1rm\u0171veket is szervizelhet.<br \/>\n<div class=\"ads-in-post1\"><div id=\"gazdasagportal.hu_fullbanner_wideboard\"><\/div>\r\n<\/div>\n<strong>Ormosy G\u00e1bor hozz\u00e1tette, hogy az AutoWallis a ljubljanai BMW m\u00e1rkakeresked\u00e9s \u00e1tv\u00e9tel\u00e9vel el\u0151sz\u00f6r jelent meg kifejezetten k\u00fclf\u00f6ldi kiskereskedelmi piacon, teljes\u00edtve \u00edgy tavaly meghirdetett strat\u00e9gi\u00e1j\u00e1nak egyik fontos elem\u00e9t. <\/strong>Hozz\u00e1tette, hogy az elm\u00falt \u00e9vtizedekben felhalmozott tapasztalatokra \u00e9s az AutoWallis t\u0151keerej\u00e9re alapozva k\u00edv\u00e1nj\u00e1k fejleszteni a ljubljanai keresked\u00e9st, \u00e9s terveik k\u00f6z\u00f6tt szerepel tov\u00e1bbi aut\u00f3m\u00e1rk\u00e1k kiskereskedelmi \u00e9rt\u00e9kes\u00edt\u00e9se is a szlov\u00e9n piacon. <strong>Antal P\u00e9ter,<\/strong> <strong>az AutoWallis igazgat\u00f3s\u00e1gi tagja, a Wallis Motor \u00fcgyvezet\u0151je kiemelte, hogy c\u00e9ljuk a ljubljanai keresked\u00e9s fejleszt\u00e9se, az \u00e9rt\u00e9kes\u00edt\u00e9si sz\u00e1mok n\u00f6vel\u00e9se, a BMW piaci r\u00e9szesed\u00e9s\u00e9nek n\u00f6vel\u00e9se az orsz\u00e1gban<\/strong>. Kiemelt c\u00e9l az is, hogy a kiskereskedelem fejleszt\u00e9se a szolg\u00e1ltat\u00e1si \u00fczlet\u00e1g \u00e1rbev\u00e9tel\u00e9t is n\u00f6veli, ami az eredm\u00e9nyess\u00e9g szempontj\u00e1b\u00f3l fontos. <strong>Antal P\u00e9ter r\u00e1mutatott, hogy<\/strong> <strong>a szlov\u00e9n piac n\u00f6veked\u00e9si lehet\u0151s\u00e9gei, gazdas\u00e1gi mutat\u00f3i az AutoWallis \u00e1ltal lefedett t\u00f6bbi orsz\u00e1ghoz hasonl\u00f3an kedvez\u0151ek<\/strong>. Az orsz\u00e1g gazdas\u00e1ga az uni\u00f3s \u00e1tlag felett teljes\u00edt: 2014-2016 k\u00f6z\u00f6tt \u00e1tlagosan \u00e9ves 2,7 sz\u00e1zal\u00e9kos n\u00f6veked\u00e9st \u00e9rt el, m\u00edg 2017-ben \u00e9s 2018-ban 4,8 \u00e9s 4,1 sz\u00e1zal\u00e9kkal, 2019-ben pedig 2,4 sz\u00e1zal\u00e9kkal b\u0151v\u00fclt a GDP. Szlov\u00e9nia egy f\u0151re es\u0151 GDP-je tavaly 39 ezer doll\u00e1r volt, ami 16,3 sz\u00e1zal\u00e9kkal magasabb a magyarn\u00e1l, \u00edgy v\u00e1s\u00e1rl\u00f3erej\u00e9t tekintve j\u00f3 adotts\u00e1gokkal rendelkezik. Szlov\u00e9ni\u00e1ban az elm\u00falt \u00e9vekben folyamatosan b\u0151v\u00fclt az eladott \u00faj aut\u00f3k sz\u00e1ma: 2012-ben 50.091, m\u00edg 2019-ben 73.452 darab \u00faj j\u00e1rm\u0171vet helyeztek forgalomba. A BMW piacvezet\u0151 a pr\u00e9mium m\u00e1rk\u00e1k k\u00f6z\u00f6tt a szlov\u00e9n piacon. 2019-ben 1.560 darab \u00faj BMW-t helyeztek forgalomba, ebb\u0151l 742 darabot Ljubljana-ban \u00e9s k\u00f6rny\u00e9k\u00e9n.<\/p>\n<p><strong>\u00a0<\/strong><\/p>\n<p><strong>Az AutoWallis Nyrt.<\/strong><\/p><div id=\"gazda-2640407275\" class=\"gazda-tartalomban gazda-entity-placement\"><script async src=\"https:\/\/pagead2.googlesyndication.com\/pagead\/js\/adsbygoogle.js\"><\/script>\r\n<ins class=\"adsbygoogle\"\r\n     style=\"display:block\"\r\n     data-ad-format=\"fluid\"\r\n     data-ad-layout-key=\"-6t+ed+2i-1n-4w\"\r\n     data-ad-client=\"ca-pub-1959107119989764\"\r\n     data-ad-slot=\"4008251320\"><\/ins>\r\n<script>\r\n     (adsbygoogle = window.adsbygoogle || []).push({});\r\n<\/script><\/div>\n<p>A Budapesti \u00c9rt\u00e9kt\u0151zsde Pr\u00e9mium kateg\u00f3ri\u00e1j\u00e1ban, valamint a BUX \u00e9s BUMIX indexekben jegyzett AutoWallis Nyrt. c\u00e9lja, hogy 2029-re a k\u00f6z\u00e9p-kelet-eur\u00f3pai r\u00e9gi\u00f3 meghat\u00e1roz\u00f3 mobilit\u00e1si szolg\u00e1ltat\u00f3ja legyen. A v\u00e1llalat 2018-as, nemzetk\u00f6zi p\u00e9nz\u00fcgyi besz\u00e1mol\u00e1si standardok (IFRS) alapj\u00e1n sz\u00e1m\u00edtott konszolid\u00e1lt 65,5 milli\u00e1rdos \u00e1rbev\u00e9tel\u00e9nek dupl\u00e1z\u00e1s\u00e1t tervezi 2024-re, melyet el\u0151sorban organikus \u00faton akar el\u00e9rni. A v\u00e1llalat c\u00e9lja emellett, hogy az aut\u00f3ipari befektet\u00e9sekre f\u00f3kusz\u00e1l\u00f3 befektet\u00e9si portf\u00f3li\u00f3j\u00e1nak folyamatos, akviz\u00edci\u00f3s \u00faton t\u00f6rt\u00e9n\u0151 sz\u00e9les\u00edt\u00e9s\u00e9vel klasszikus, konzervat\u00edv \u00fczletpolitik\u00e1t k\u00e9pvisel\u0151 vagyonkezel\u0151k\u00e9nt m\u0171k\u00f6dj\u00f6n. Az AutoWallis csoport a k\u00f6z\u00e9p-kelet-eur\u00f3pai r\u00e9gi\u00f3 14 orsz\u00e1g\u00e1ban (Alb\u00e1nia, Bosznia-Hercegovina, Csehorsz\u00e1g, Bulg\u00e1ria, Horv\u00e1torsz\u00e1g, Koszov\u00f3, Lengyelorsz\u00e1g, Rom\u00e1nia, Szerbia, Szlov\u00e1kia, Szlov\u00e9nia, \u00c9szak-Maced\u00f3nia, Magyarorsz\u00e1g, Montenegr\u00f3) g\u00e9pj\u00e1rm\u0171- \u00e9s alkatr\u00e9sz kis- \u00e9s nagykereskedelemmel, szerviz szolg\u00e1ltat\u00e1sokkal, r\u00f6vid- \u00e9s hossz\u00fa t\u00e1v\u00fa g\u00e9pj\u00e1rm\u0171-k\u00f6lcs\u00f6nz\u00e9ssel van jelen. A csoport tagjai k\u00f6z\u00e9 tartozik a Wallis Automotive Europe, a Wallis British Motors, a Wallis Motor Pest, a Wallis Motor Duna, a Wallis Kerepesi, a Wallis Aut\u00f3k\u00f6lcs\u00f6nz\u0151, valamint az Inici\u00e1l Aut\u00f3h\u00e1z. A csoport \u00e1ltal k\u00e9pviselt m\u00e1rk\u00e1k k\u00f6z\u00e9 tartoznak a BMW szem\u00e9lyaut\u00f3k \u00e9s motorker\u00e9kp\u00e1rok, a Citro\u00ebn, a Dacia, az Isuzu, a Jaguar, a Land Rover, a Maserati, a MINI, a Nissan, az Opel, a Peugeot, a Renault, a Ssangyong, a Suzuki, a Toyota, a Saab alkatr\u00e9szek ut\u00e1np\u00f3tl\u00e1sa \u00e9s a Sixt rent-a-car. <a href=\"http:\/\/www.autowallis.hu\" target=\"_blank\" rel=\"noopener\">www.autowallis.hu<\/a><\/p>\n","protected":false},"excerpt":{"rendered":"<p>Sikeresen lez\u00e1rta az AutoWallis Szlov\u00e9nia legnagyobb BMW m\u00e1rkakeresked\u00e9s\u00e9nek \u00e1tv\u00e9tel\u00e9t, miut\u00e1n a v\u00e1llalat megszerezte a tranzakci\u00f3 z\u00e1r\u00e1s\u00e1hoz sz\u00fcks\u00e9ges hat\u00f3s\u00e1gi hozz\u00e1j\u00e1rul\u00e1sokat \u00e9s a szerz\u0151d\u00e9s egy\u00e9b felt\u00e9telei is teljes\u00fcltek. Ezzel a l\u00e9p\u00e9ssel az AutoWallis bel\u00e9pett az orsz\u00e1g aut\u00f3 kiskereskedelmi piac\u00e1ra is, \u00e9s jelenleg is vizsg\u00e1lja, hogy a patin\u00e1s n\u00e9met aut\u00f3m\u00e1rka mellett tov\u00e1bbiakat is \u00e9rt\u00e9kes\u00edtsen Szlov\u00e9ni\u00e1ban.<\/p>\n","protected":false},"author":1,"featured_media":0,"comment_status":"closed","ping_status":"open","sticky":false,"template":"","format":"standard","meta":[],"categories":[19,7],"tags":[],"_links":{"self":[{"href":"https:\/\/gazdasagportal.hu\/index.php\/wp-json\/wp\/v2\/posts\/130487"}],"collection":[{"href":"https:\/\/gazdasagportal.hu\/index.php\/wp-json\/wp\/v2\/posts"}],"about":[{"href":"https:\/\/gazdasagportal.hu\/index.php\/wp-json\/wp\/v2\/types\/post"}],"author":[{"embeddable":true,"href":"https:\/\/gazdasagportal.hu\/index.php\/wp-json\/wp\/v2\/users\/1"}],"replies":[{"embeddable":true,"href":"https:\/\/gazdasagportal.hu\/index.php\/wp-json\/wp\/v2\/comments?post=130487"}],"version-history":[{"count":1,"href":"https:\/\/gazdasagportal.hu\/index.php\/wp-json\/wp\/v2\/posts\/130487\/revisions"}],"predecessor-version":[{"id":130488,"href":"https:\/\/gazdasagportal.hu\/index.php\/wp-json\/wp\/v2\/posts\/130487\/revisions\/130488"}],"wp:attachment":[{"href":"https:\/\/gazdasagportal.hu\/index.php\/wp-json\/wp\/v2\/media?parent=130487"}],"wp:term":[{"taxonomy":"category","embeddable":true,"href":"https:\/\/gazdasagportal.hu\/index.php\/wp-json\/wp\/v2\/categories?post=130487"},{"taxonomy":"post_tag","embeddable":true,"href":"https:\/\/gazdasagportal.hu\/index.php\/wp-json\/wp\/v2\/tags?post=130487"}],"curies":[{"name":"wp","href":"https:\/\/api.w.org\/{rel}","templated":true}]}}