{"id":130473,"date":"2020-10-18T13:18:05","date_gmt":"2020-10-18T11:18:05","guid":{"rendered":"http:\/\/gazdasagportal.hu\/?p=130473"},"modified":"2020-10-18T13:18:05","modified_gmt":"2020-10-18T11:18:05","slug":"meghalt-33-beteg-es-1474-gyel-nott-a-fertozottek-szama-magyarorszagon","status":"publish","type":"post","link":"https:\/\/gazdasagportal.hu\/index.php\/meghalt-33-beteg-es-1474-gyel-nott-a-fertozottek-szama-magyarorszagon\/","title":{"rendered":"Meghalt 33 beteg, \u00e9s 1474-gyel n\u0151tt a fert\u0151z\u00f6ttek sz\u00e1ma Magyarorsz\u00e1gon"},"content":{"rendered":"<p><strong>Elhunyt 33 ember, \u00e9s \u00fajabb 1474 magyar \u00e1llampolg\u00e1rn\u00e1l mutatt\u00e1k ki a koronav\u00edrus-fert\u0151z\u00e9st &#8211; k\u00f6z\u00f6lte a koronavirus.gov.hu vas\u00e1rnap.<\/strong><!--more--><\/p>\n<div class=\"ads-in-post1\"><div id=\"gazdasagportal.hu_fullbanner_wideboard\"><\/div>\r\n<\/div>\n<p>    A korm\u00e1nyzati port\u00e1lon azt \u00edrt\u00e1k: 46 290-re n\u0151tt a Magyarorsz\u00e1gon azonos\u00edtott fert\u0151z\u00f6ttek sz\u00e1ma. Az elhunytak sz\u00e1ma 1142-re emelkedett, 14 088-an m\u00e1r meggy\u00f3gyultak.<br \/>\n    Az akt\u00edv fert\u0151z\u00f6ttek sz\u00e1ma 31 060. Az akt\u00edv fert\u0151z\u00f6ttek 31 sz\u00e1zal\u00e9ka, az elhunytak 41 sz\u00e1zal\u00e9ka, a gy\u00f3gyultak 30 sz\u00e1zal\u00e9ka budapesti. 1712 koronav\u00edrusos beteget \u00e1polnak k\u00f3rh\u00e1zban, k\u00f6z\u00fcl\u00fck 179-en vannak l\u00e9legeztet\u0151g\u00e9pen.<br \/>\n    Hat\u00f3s\u00e1gi h\u00e1zi karant\u00e9nban 25 734-en vannak, a mintav\u00e9telek sz\u00e1ma 894 385-re n\u0151tt.<br \/>\n    Kiemelt\u00e9k: a j\u00e1rv\u00e1ny m\u00e1sodik hull\u00e1ma zajlik Magyarorsz\u00e1gon. A korm\u00e1ny c\u00e9lja, hogy az orsz\u00e1g m\u0171k\u00f6d\u0151k\u00e9pess\u00e9g\u00e9t megtartsa, \u00e9s ne hagyja, hogy a v\u00edrus megb\u00e9n\u00edtsa a mindennapokat, ehhez azonban az \u00e1ltal\u00e1nos \u00f3vint\u00e9zked\u00e9sek betart\u00e1s\u00e1ra van sz\u00fcks\u00e9g.<br \/>\n    Eg\u00e9sz Eur\u00f3p\u00e1ban dinamikusan terjed a v\u00edrus, ez\u00e9rt a hat\u00e1rellen\u0151rz\u00e9s \u00e9s a beutaz\u00e1si korl\u00e1toz\u00e1s tov\u00e1bbra is \u00e9rv\u00e9nyben van, a korm\u00e1nyf\u0151 arra k\u00e9rte a magyar csal\u00e1dokat, hogy most ne tervezzenek k\u00fclf\u00f6ldi s\u00edel\u00e9st &#8211; \u00edrt\u00e1k. Hozz\u00e1tett\u00e9k: M\u00fcller Cec\u00edlia orsz\u00e1gos tisztif\u0151orvos vas\u00e1rnapi nyilatkozat\u00e1ban pedig arr\u00f3l besz\u00e9lt, hogy nem szabad belef\u00e1radni a koronav\u00edrus-j\u00e1rv\u00e1ny kezel\u00e9s\u00e9be, mert legal\u00e1bb annyi van m\u00e9g el\u0151tt\u00fcnk, mint amennyi m\u00f6g\u00f6tt\u00fcnk.<br \/>\n    Felh\u00edvt\u00e1k a figyelmet arra, hogy k\u00f6telez\u0151 a maszk haszn\u00e1lata az \u00fczletek \u00e9s a t\u00f6megk\u00f6zleked\u00e9si eszk\u00f6z\u00f6k mellett a mozikban, a sz\u00ednh\u00e1zakban, a bev\u00e1s\u00e1rl\u00f3k\u00f6zpontok ter\u00fclet\u00e9n, az eg\u00e9szs\u00e9g\u00fcgyi \u00e9s szoci\u00e1lis int\u00e9zm\u00e9nyekben, valamint az \u00fcgyf\u00e9lfogad\u00e1si irod\u00e1kban. Este 11 \u00f3ra ut\u00e1n a vend\u00e9gl\u00e1t\u00f3helyeket \u00e9s sz\u00f3rakoz\u00f3helyeket be kell z\u00e1rni.<br \/>\n    A v\u00edrus k\u00f6z\u00f6ss\u00e9gi terjed\u00e9s\u00e9nek megf\u00e9kez\u00e9s\u00e9\u00e9rt tov\u00e1bbra is azt k\u00e9rik az emberekt\u0151l, ker\u00fclj\u00e9k azokat a helyeket, ahol z\u00e1rt t\u00e9rben sokan vannak, lehet\u0151leg tarts\u00e1k a szoci\u00e1lis t\u00e1vols\u00e1got, gyakran \u00e9s alaposan mossanak kezet. Akin\u00e9l hat\u00f3s\u00e1gi h\u00e1zi karant\u00e9nt rendeltek el, szigor\u00faan tartsa be. Akinek t\u00fcnetei vannak, ne menjen k\u00f6z\u00f6ss\u00e9gbe, maradjon otthon \u00e9s telefonon \u00e9rtes\u00edtse h\u00e1ziorvos\u00e1t.<br \/>\n    Kiemelten fontos az id\u0151sek \u00e9s kr\u00f3nikus betegek v\u00e9delme. Az id\u0151seket is k\u00e9rik, hogy fokozottan figyeljenek magukra \u00e9s az \u00e1ltal\u00e1nos \u00f3vint\u00e9zked\u00e9sek betart\u00e1s\u00e1ra. A k\u00f3rh\u00e1zakban \u00e9s az id\u0151sotthonokban l\u00e1togat\u00e1si tilalom van \u00e9rv\u00e9nyben. Az id\u0151sotthonok fenntart\u00f3inak pedig mindent meg kell tenni\u00fck a fert\u0151z\u00e9sek elker\u00fcl\u00e9s\u00e9\u00e9rt. Ha egy szoci\u00e1lis int\u00e9zm\u00e9nyben vagy m\u00e1s k\u00f6z\u00f6ss\u00e9gben g\u00f3cpont alakul ki, a j\u00e1rv\u00e1ny\u00fcgyi bevet\u00e9si egys\u00e9g megteszi a sz\u00fcks\u00e9ges int\u00e9zked\u00e9seket &#8211; hangs\u00falyozt\u00e1k.<br \/>\n<div class=\"ads-in-post1\"><div id=\"gazdasagportal.hu_fullbanner_wideboard\"><\/div>\r\n<\/div>\n    K\u00f6z\u00f6lt\u00e9k azt is, hogy a korm\u00e1ny &#8211; az eg\u00e9szs\u00e9g\u00fcgyi v\u00e9dekez\u00e9s fenntart\u00e1sa mellett &#8211; tov\u00e1bbi gazdas\u00e1gv\u00e9delmi \u00e9s csal\u00e1dv\u00e9delmi int\u00e9zked\u00e9seken dolgozik.<br \/>\n    &#8222;Tartsuk be a szab\u00e1lyokat, \u00e9s akkor egy\u00fctt \u00fajra siker\u00fclni fog&#8221; &#8211; \u00edrt\u00e1k.<br \/>\n    Az oldal t\u00e9rk\u00e9pe alapj\u00e1n eddig Budapesten (14 434) \u00e9s Pest megy\u00e9ben (5989) regisztr\u00e1lt\u00e1k a legt\u00f6bb fert\u0151z\u00f6ttet. Ezt k\u00f6veti Gy\u0151r-Moson-Sopron (2873), Borsod-Aba\u00faj-Zempl\u00e9n (2585), Szabolcs-Szatm\u00e1r-Bereg (2217) \u00e9s Hajd\u00fa-Bihar megye (2136). A fert\u0151z\u00e9sben legkev\u00e9sb\u00e9 \u00e9rintett megye Tolna (471).(MTI)<\/p>\n","protected":false},"excerpt":{"rendered":"<p>Elhunyt 33 ember, \u00e9s \u00fajabb 1474 magyar \u00e1llampolg\u00e1rn\u00e1l mutatt\u00e1k ki a koronav\u00edrus-fert\u0151z\u00e9st &#8211; k\u00f6z\u00f6lte a koronavirus.gov.hu vas\u00e1rnap.<\/p>\n","protected":false},"author":1001006,"featured_media":0,"comment_status":"closed","ping_status":"open","sticky":false,"template":"","format":"standard","meta":[],"categories":[4,427],"tags":[],"_links":{"self":[{"href":"https:\/\/gazdasagportal.hu\/index.php\/wp-json\/wp\/v2\/posts\/130473"}],"collection":[{"href":"https:\/\/gazdasagportal.hu\/index.php\/wp-json\/wp\/v2\/posts"}],"about":[{"href":"https:\/\/gazdasagportal.hu\/index.php\/wp-json\/wp\/v2\/types\/post"}],"author":[{"embeddable":true,"href":"https:\/\/gazdasagportal.hu\/index.php\/wp-json\/wp\/v2\/users\/1001006"}],"replies":[{"embeddable":true,"href":"https:\/\/gazdasagportal.hu\/index.php\/wp-json\/wp\/v2\/comments?post=130473"}],"version-history":[{"count":1,"href":"https:\/\/gazdasagportal.hu\/index.php\/wp-json\/wp\/v2\/posts\/130473\/revisions"}],"predecessor-version":[{"id":130474,"href":"https:\/\/gazdasagportal.hu\/index.php\/wp-json\/wp\/v2\/posts\/130473\/revisions\/130474"}],"wp:attachment":[{"href":"https:\/\/gazdasagportal.hu\/index.php\/wp-json\/wp\/v2\/media?parent=130473"}],"wp:term":[{"taxonomy":"category","embeddable":true,"href":"https:\/\/gazdasagportal.hu\/index.php\/wp-json\/wp\/v2\/categories?post=130473"},{"taxonomy":"post_tag","embeddable":true,"href":"https:\/\/gazdasagportal.hu\/index.php\/wp-json\/wp\/v2\/tags?post=130473"}],"curies":[{"name":"wp","href":"https:\/\/api.w.org\/{rel}","templated":true}]}}