{"id":130403,"date":"2020-10-15T12:21:40","date_gmt":"2020-10-15T10:21:40","guid":{"rendered":"http:\/\/gazdasagportal.hu\/?p=130403"},"modified":"2020-10-15T12:21:40","modified_gmt":"2020-10-15T10:21:40","slug":"lassult-a-fogyasztoi-arak-emelkedesenek-uteme-kinaban-szeptemberben","status":"publish","type":"post","link":"https:\/\/gazdasagportal.hu\/index.php\/lassult-a-fogyasztoi-arak-emelkedesenek-uteme-kinaban-szeptemberben\/","title":{"rendered":"Lassult a fogyaszt\u00f3i \u00e1rak emelked\u00e9s\u00e9nek \u00fcteme K\u00edn\u00e1ban szeptemberben"},"content":{"rendered":"<p><strong>T\u00f6bb mint m\u00e1sf\u00e9l \u00e9ve nem l\u00e1tott szintre lassult a fogyaszt\u00f3i \u00e1rak emelked\u00e9s\u00e9nek \u00fcteme K\u00edn\u00e1ban szeptemberben, a termel\u0151i \u00e1rak cs\u00f6kken\u00e9se pedig ism\u00e9t gyorsult, t\u00fckr\u00f6zve azokat a kih\u00edv\u00e1sokat, amelyekkel a k\u00ednai gazdas\u00e1g k\u00fczd a koronav\u00edrus-j\u00e1rv\u00e1ny lecseng\u00e9s\u00e9t k\u00f6vet\u0151 fellend\u00fcl\u00e9s sor\u00e1n.<\/strong><!--more--><\/p>\n<div class=\"ads-in-post1\"><div id=\"gazdasagportal.hu_fullbanner_wideboard\"><\/div>\r\n<\/div>\n<p>    A k\u00ednai statisztikai hivatal cs\u00fct\u00f6rt\u00f6k\u00f6n k\u00f6zz\u00e9tett adatai szerint a fogyaszt\u00f3i \u00e1rak 1,7 sz\u00e1zal\u00e9kkal n\u0151ttek szeptemberben az el\u0151z\u0151 \u00e9v azonos id\u0151szak\u00e1hoz k\u00e9pest. Utolj\u00e1ra tavaly febru\u00e1rban m\u00e9rtek enn\u00e9l alacsonyabb m\u00e9rt\u00e9k\u0171 &#8211; 1,5 sz\u00e1zal\u00e9kos &#8211; dr\u00e1gul\u00e1st. Elemz\u0151k 1,8 sz\u00e1zal\u00e9kos emelked\u00e9sre sz\u00e1m\u00edtottak az augusztusi 2,4 sz\u00e1zal\u00e9kos b\u0151v\u00fcl\u00e9s ut\u00e1n.<br \/>\n    Havi \u00f6sszevet\u00e9sben a fogyaszt\u00f3i \u00e1rak 0,2 sz\u00e1zal\u00e9kkal n\u0151ttek szeptemberben, az \u00e9v els\u0151 kilenc h\u00f3napj\u00e1t tekintve pedig 3,3 sz\u00e1zal\u00e9kkal emelkedtek a m\u00falt \u00e9v azonos id\u0151szak\u00e1hoz k\u00e9pest. A k\u00ednai korm\u00e1nyzat 3,5 sz\u00e1zal\u00e9kos fogyaszt\u00f3i \u00e1remelked\u00e9st t\u0171z\u00f6tt ki az idei \u00e9vre.<br \/>\n    A statisztikai hivatal k\u00f6zlem\u00e9nye szerint a legnagyobb m\u00e9rt\u00e9k\u0171, 7,9 sz\u00e1zal\u00e9kos emelked\u00e9s v\u00e1ltozatlanul az \u00e9lelmiszerek \u00e1r\u00e1ban volt megfigyelhet\u0151 szeptemberben. Az \u00e9lelmiszerek \u00e1r\u00e1t az elm\u00falt k\u00f6zel k\u00e9t \u00e9vben els\u0151sorban az h\u00fazta felfel\u00e9, hogy az orsz\u00e1g sert\u00e9s\u00e1llom\u00e1ny\u00e1t megtizedel\u0151 afrikai sert\u00e9spestis j\u00e1rv\u00e1ny miatt meredeken n\u0151tt a diszn\u00f3h\u00fas \u00e1ra.<br \/>\n    Tung Li-cs\u00fcen, a statisztikai hivatal szak\u00e9rt\u0151je az adatokhoz mell\u00e9kelt k\u00f6zlem\u00e9nyben azonban kiemelte: a sert\u00e9s\u00e1llom\u00e1ny \u00e9s a termel\u00e9s fokozatos helyre\u00e1ll\u00e1s\u00e1nak, valamint a k\u00e9szletek b\u0151v\u00fcl\u00e9s\u00e9nek k\u00f6sz\u00f6nhet\u0151en a diszn\u00f3h\u00fas fogyaszt\u00f3i \u00e1ra egyre m\u00e9rs\u00e9keltebb \u00fctemben emelkedik, szeptemberben 25,5 sz\u00e1zal\u00e9kkal n\u0151tt \u00e9ves b\u00e1zison, m\u00edg augusztusban m\u00e9g 52,6 sz\u00e1zal\u00e9kkal.<br \/>\n    A termel\u0151i \u00e1rak \u00e9ves b\u00e1zison 2,1 sz\u00e1zal\u00e9kkal estek vissza szeptemberben, \u00e9s imm\u00e1r a nyolcadik egym\u00e1st k\u00f6vet\u0151 h\u00f3napban cs\u00f6kkentek, r\u00e1ad\u00e1sul h\u00e1rom h\u00f3nap \u00f3ta el\u0151sz\u00f6r nem lassult, hanem gyorsult a cs\u00f6kken\u00e9s \u00fcteme. Elemz\u0151k jobb adatra, 1,8 sz\u00e1zal\u00e9kos m\u00ednuszra sz\u00e1m\u00edtottak az augusztusi 2,0 sz\u00e1zal\u00e9kos visszaes\u00e9s ut\u00e1n.<br \/>\n    Havi \u00f6sszevet\u00e9sben a termel\u0151i \u00e1rak 0,1 sz\u00e1zal\u00e9kkal emelkedtek, m\u00edg az \u00e9v els\u0151 kilenc h\u00f3napj\u00e1t tekintve 2,0 sz\u00e1zal\u00e9kkal cs\u00fasztak vissza a tavalyi \u00e9v azonos id\u0151szak\u00e1hoz k\u00e9pest.<br \/>\n<div class=\"ads-in-post1\"><div id=\"gazdasagportal.hu_fullbanner_wideboard\"><\/div>\r\n<\/div>\n    A vil\u00e1g m\u00e1sodik legnagyobb gazdas\u00e1ga emelked\u0151 p\u00e1ly\u00e1ra \u00e1llt, miut\u00e1n az els\u0151 negyed\u00e9vben kem\u00e9ny csap\u00e1st m\u00e9rt r\u00e1 a koronav\u00edrus-j\u00e1rv\u00e1ny. A termel\u0151i \u00e1rak alakul\u00e1sa, amelyet az ipari kereslet egyik barom\u00e9ter\u00e9nek tekintenek, felsz\u00edthatja a defl\u00e1ci\u00f3s f\u00e9lelmeket \u00e9s elemz\u0151k szerint tov\u00e1bbi t\u00e1mogat\u00f3 int\u00e9zked\u00e9sekre \u00f6szt\u00f6k\u00e9lhetik a hat\u00f3s\u00e1gokat.(MTI)<\/p>\n","protected":false},"excerpt":{"rendered":"<p>T\u00f6bb mint m\u00e1sf\u00e9l \u00e9ve nem l\u00e1tott szintre lassult a fogyaszt\u00f3i \u00e1rak emelked\u00e9s\u00e9nek \u00fcteme K\u00edn\u00e1ban szeptemberben, a termel\u0151i \u00e1rak cs\u00f6kken\u00e9se pedig ism\u00e9t gyorsult, t\u00fckr\u00f6zve azokat a kih\u00edv\u00e1sokat, amelyekkel a k\u00ednai gazdas\u00e1g k\u00fczd a koronav\u00edrus-j\u00e1rv\u00e1ny lecseng\u00e9s\u00e9t k\u00f6vet\u0151 fellend\u00fcl\u00e9s sor\u00e1n.<\/p>\n","protected":false},"author":1,"featured_media":0,"comment_status":"closed","ping_status":"open","sticky":false,"template":"","format":"standard","meta":[],"categories":[246],"tags":[],"_links":{"self":[{"href":"https:\/\/gazdasagportal.hu\/index.php\/wp-json\/wp\/v2\/posts\/130403"}],"collection":[{"href":"https:\/\/gazdasagportal.hu\/index.php\/wp-json\/wp\/v2\/posts"}],"about":[{"href":"https:\/\/gazdasagportal.hu\/index.php\/wp-json\/wp\/v2\/types\/post"}],"author":[{"embeddable":true,"href":"https:\/\/gazdasagportal.hu\/index.php\/wp-json\/wp\/v2\/users\/1"}],"replies":[{"embeddable":true,"href":"https:\/\/gazdasagportal.hu\/index.php\/wp-json\/wp\/v2\/comments?post=130403"}],"version-history":[{"count":1,"href":"https:\/\/gazdasagportal.hu\/index.php\/wp-json\/wp\/v2\/posts\/130403\/revisions"}],"predecessor-version":[{"id":130404,"href":"https:\/\/gazdasagportal.hu\/index.php\/wp-json\/wp\/v2\/posts\/130403\/revisions\/130404"}],"wp:attachment":[{"href":"https:\/\/gazdasagportal.hu\/index.php\/wp-json\/wp\/v2\/media?parent=130403"}],"wp:term":[{"taxonomy":"category","embeddable":true,"href":"https:\/\/gazdasagportal.hu\/index.php\/wp-json\/wp\/v2\/categories?post=130403"},{"taxonomy":"post_tag","embeddable":true,"href":"https:\/\/gazdasagportal.hu\/index.php\/wp-json\/wp\/v2\/tags?post=130403"}],"curies":[{"name":"wp","href":"https:\/\/api.w.org\/{rel}","templated":true}]}}