{"id":130401,"date":"2020-10-15T11:47:43","date_gmt":"2020-10-15T09:47:43","guid":{"rendered":"http:\/\/gazdasagportal.hu\/?p=130401"},"modified":"2020-10-15T11:47:43","modified_gmt":"2020-10-15T09:47:43","slug":"reklamado-unios-fotanacsnok-a-magyar-reklamado-nem-serti-az-allami-tamogatasokra-vonatkozo-unios-jogot","status":"publish","type":"post","link":"https:\/\/gazdasagportal.hu\/index.php\/reklamado-unios-fotanacsnok-a-magyar-reklamado-nem-serti-az-allami-tamogatasokra-vonatkozo-unios-jogot\/","title":{"rendered":"Rekl\u00e1mad\u00f3 &#8211; Uni\u00f3s f\u0151tan\u00e1csnok: a magyar rekl\u00e1mad\u00f3 nem s\u00e9rti az \u00e1llami t\u00e1mogat\u00e1sokra vonatkoz\u00f3 uni\u00f3s jogot"},"content":{"rendered":"<p><strong>A magyar rekl\u00e1mad\u00f3 nem s\u00e9rti az \u00e1llami t\u00e1mogat\u00e1sokra vonatkoz\u00f3 uni\u00f3s jogot &#8211; \u00e1llap\u00edtotta meg az Eur\u00f3pai B\u00edr\u00f3s\u00e1g f\u0151tan\u00e1csnoka a cs\u00fct\u00f6rt\u00f6k\u00f6n ismertetett ind\u00edtv\u00e1ny\u00e1ban, amely szerint az \u00e1llami t\u00e1mogat\u00e1sok jog\u00e1val nem ellent\u00e9tes a v\u00e1llalkoz\u00e1sok progressz\u00edv szerkezet\u0171 forgalmi ad\u00f3val t\u00f6rt\u00e9n\u0151 megad\u00f3ztat\u00e1sa.<\/strong><!--more--><\/p>\n<div class=\"ads-in-post1\"><div id=\"gazdasagportal.hu_fullbanner_wideboard\"><\/div>\r\n<\/div>\n<p>    A luxemburgi sz\u00e9khely\u0171 EU-b\u00edr\u00f3s\u00e1gon t\u00e1rgyaland\u00f3 \u00fcgy el\u0151zm\u00e9nye, hogy Magyarorsz\u00e1g 2014-ben rekl\u00e1mad\u00f3-t\u00f6rv\u00e9nyt fogadott el, amelynek \u00e9rtelm\u00e9ben a v\u00e1llalatokat rekl\u00e1mbev\u00e9tel\u00fckt\u0151l f\u00fcgg\u0151 m\u00e9rt\u00e9k\u0171 ad\u00f3 megfizet\u00e9s\u00e9re k\u00f6telezt\u00e9k. A magas rekl\u00e1mbev\u00e9tellel rendelkez\u0151 v\u00e1llalatok l\u00e9nyegesen magasabb, 0-t\u00f3l 50 sz\u00e1zal\u00e9kig terjed\u0151 progressz\u00edv ad\u00f3kulcsok al\u00e1 tartoztak.<br \/>\n    Nemzetk\u00f6zi tendenci\u00e1t k\u00f6vetve Lengyelorsz\u00e1g a magyar rekl\u00e1mad\u00f3hoz hasonl\u00f3, a v\u00e1llalkoz\u00e1sokra vonatkoz\u00f3an olyan k\u00f6zvetlen ad\u00f3t vetett ki, amelyet nem a nyeres\u00e9g, hanem az \u00e1rbev\u00e9tel ut\u00e1n sz\u00e1m\u00edtanak ki, \u00e9s amely progressz\u00edv szerkezet\u0171.<br \/>\n    Az Eur\u00f3pai Bizotts\u00e1g mindk\u00e9t ad\u00f3t a k\u00f6z\u00f6s piaccal \u00f6sszeegyeztethetetlennek nyilv\u00e1n\u00edtotta, azt \u00e1ll\u00edtva, hogy azok az &#8222;alacsonyan ad\u00f3ztatott&#8221; kisebb v\u00e1llalkoz\u00e1sok sz\u00e1m\u00e1ra megengedhetetlen el\u0151nyt biztos\u00edtsanak, \u00e9s ez\u00e1ltal \u00e1llami t\u00e1mogat\u00e1snak min\u0151s\u00fclnek.<br \/>\n    Lengyelorsz\u00e1g \u00e9s Magyarorsz\u00e1g a bizotts\u00e1gi hat\u00e1rozatokat megt\u00e1madta az Eur\u00f3pai Uni\u00f3 T\u00f6rv\u00e9nysz\u00e9ke el\u0151tt, mely helyt adott a kereseteknek \u00e9s semmisnek nyilv\u00e1n\u00edtotta az uni\u00f3s bizotts\u00e1g hat\u00e1rozatait. A bizotts\u00e1g fellebbez\u00e9st ny\u00fajtott be az uni\u00f3s b\u00edr\u00f3s\u00e1ghoz.<br \/>\n    Juliane Kokott f\u0151tan\u00e1csnok cs\u00fct\u00f6rt\u00f6k\u00f6n ismertetett ind\u00edtv\u00e1nyaiban azt javasolta az uni\u00f3s b\u00edr\u00f3s\u00e1gnak, hogy utas\u00edtsa el az Eur\u00f3pai Bizotts\u00e1g fellebbez\u00e9seit, \u00e9s hagyja helyben a t\u00f6rv\u00e9nysz\u00e9k \u00edt\u00e9leteit.<br \/>\n    Indokl\u00e1sa szerint az \u00e1rbev\u00e9tel k\u00e9pezheti progressz\u00edv ad\u00f3ztat\u00e1s alapj\u00e1t, mivel egyebek mellett az ad\u00f3alanyok tehervisel\u00e9si k\u00e9pess\u00e9g\u00e9t illet\u0151en relev\u00e1ns mutat\u00f3nak tekinthet\u0151. Kijelentette: uni\u00f3s szab\u00e1lyoz\u00e1s hi\u00e1ny\u00e1ban a tag\u00e1llamok hat\u00e1sk\u00f6r\u00e9be tartozik az ad\u00f3alap meghat\u00e1roz\u00e1sa, \u00e9s az ad\u00f3teher k\u00fcl\u00f6nb\u00f6z\u0151 termel\u00e9si t\u00e9nyez\u0151k \u00e9s k\u00fcl\u00f6nb\u00f6z\u0151 gazdas\u00e1gi \u00e1gazatok k\u00f6z\u00f6tti megoszt\u00e1sa.<br \/>\n<div class=\"ads-in-post1\"><div id=\"gazdasagportal.hu_fullbanner_wideboard\"><\/div>\r\n<\/div>\n    Azt k\u00f6z\u00f6lte, hogy a progressz\u00edv ad\u00f3kulcsok alkalmaz\u00e1sa j\u00f6vedelemad\u00f3ztat\u00e1sban teljesen szok\u00e1sos a p\u00e9nz\u00fcgyi tehervisel\u00e9si k\u00e9pess\u00e9gnek megfelel\u0151 ad\u00f3ztat\u00e1s el\u00e9r\u00e9se c\u00e9lj\u00e1b\u00f3l. A jogalkot\u00f3 d\u00f6ntheti el, hogy v\u00e9lem\u00e9nye szerint melyik a megfelel\u0151 ad\u00f3, az \u00e1llami t\u00e1mogat\u00e1sok joga pedig nem k\u00f6veteli meg, hogy az Eur\u00f3pai Bizotts\u00e1g v\u00e9lem\u00e9nye szerinti legmegfelel\u0151bb ad\u00f3t vezess\u00e9k be &#8211; tette hozz\u00e1 a f\u0151tan\u00e1csnok.<br \/>\n    A luxemburgi k\u00f6zlem\u00e9ny eml\u00e9keztet arra: a f\u0151tan\u00e1csnok ind\u00edtv\u00e1nya nem k\u00f6ti a b\u00edr\u00f3s\u00e1got, az \u00fcgy \u00e9rdemi t\u00e1rgyal\u00e1sa m\u00e9g csak most kezd\u0151dik. Az esetek t\u00f6bbs\u00e9ge ugyanakkor azt mutatja, hogy d\u00f6nt\u00e9shozatalkor a test\u00fclet gyakran azonos \u00e1ll\u00e1spontra helyezkedik a f\u0151tan\u00e1csnokkal.(MTI)<\/p>\n","protected":false},"excerpt":{"rendered":"<p>A magyar rekl\u00e1mad\u00f3 nem s\u00e9rti az \u00e1llami t\u00e1mogat\u00e1sokra vonatkoz\u00f3 uni\u00f3s jogot &#8211; \u00e1llap\u00edtotta meg az Eur\u00f3pai B\u00edr\u00f3s\u00e1g f\u0151tan\u00e1csnoka a cs\u00fct\u00f6rt\u00f6k\u00f6n ismertetett ind\u00edtv\u00e1ny\u00e1ban, amely szerint az \u00e1llami t\u00e1mogat\u00e1sok jog\u00e1val nem ellent\u00e9tes a v\u00e1llalkoz\u00e1sok progressz\u00edv szerkezet\u0171 forgalmi ad\u00f3val t\u00f6rt\u00e9n\u0151 megad\u00f3ztat\u00e1sa.<\/p>\n","protected":false},"author":1,"featured_media":0,"comment_status":"closed","ping_status":"open","sticky":false,"template":"","format":"standard","meta":[],"categories":[4,19],"tags":[],"_links":{"self":[{"href":"https:\/\/gazdasagportal.hu\/index.php\/wp-json\/wp\/v2\/posts\/130401"}],"collection":[{"href":"https:\/\/gazdasagportal.hu\/index.php\/wp-json\/wp\/v2\/posts"}],"about":[{"href":"https:\/\/gazdasagportal.hu\/index.php\/wp-json\/wp\/v2\/types\/post"}],"author":[{"embeddable":true,"href":"https:\/\/gazdasagportal.hu\/index.php\/wp-json\/wp\/v2\/users\/1"}],"replies":[{"embeddable":true,"href":"https:\/\/gazdasagportal.hu\/index.php\/wp-json\/wp\/v2\/comments?post=130401"}],"version-history":[{"count":1,"href":"https:\/\/gazdasagportal.hu\/index.php\/wp-json\/wp\/v2\/posts\/130401\/revisions"}],"predecessor-version":[{"id":130402,"href":"https:\/\/gazdasagportal.hu\/index.php\/wp-json\/wp\/v2\/posts\/130401\/revisions\/130402"}],"wp:attachment":[{"href":"https:\/\/gazdasagportal.hu\/index.php\/wp-json\/wp\/v2\/media?parent=130401"}],"wp:term":[{"taxonomy":"category","embeddable":true,"href":"https:\/\/gazdasagportal.hu\/index.php\/wp-json\/wp\/v2\/categories?post=130401"},{"taxonomy":"post_tag","embeddable":true,"href":"https:\/\/gazdasagportal.hu\/index.php\/wp-json\/wp\/v2\/tags?post=130401"}],"curies":[{"name":"wp","href":"https:\/\/api.w.org\/{rel}","templated":true}]}}